{"id":51975,"date":"2026-03-12T18:50:51","date_gmt":"2026-03-13T00:50:51","guid":{"rendered":"https:\/\/contextoanalisisperiodistico.com\/index.php\/2026\/03\/12\/entrega-poder-legislativo-reconocimiento-al-colegio-de-profesionales-de-la-contaduria-por-su-35-aniversario\/"},"modified":"2026-03-12T18:50:51","modified_gmt":"2026-03-13T00:50:51","slug":"entrega-poder-legislativo-reconocimiento-al-colegio-de-profesionales-de-la-contaduria-por-su-35-aniversario","status":"publish","type":"post","link":"https:\/\/contextoanalisisperiodistico.com\/index.php\/2026\/03\/12\/entrega-poder-legislativo-reconocimiento-al-colegio-de-profesionales-de-la-contaduria-por-su-35-aniversario\/","title":{"rendered":"Entrega Poder Legislativo reconocimiento al Colegio de Profesionales de la Contadur\u00eda por su 35 aniversario"},"content":{"rendered":"<div id=\"fb-root\"><\/div>\n\n<figure class=\"wp-block-image\"><img decoding=\"async\" src=\"https:\/\/congresooaxacacomunicacionsocial.info\/wp-content\/uploads\/2026\/03\/WhatsApp-Image-2026-03-12-at-13.41.48-2-1024x628.jpeg\" alt=\"\"\/><\/figure>\n\n\n\n<ul class=\"wp-block-list\">\n<li>Con este ejercicio se distingui\u00f3 su desempe\u00f1o en el \u00e1mbito profesional, contribuyendo al desarrollo y fortalecimiento de la vida p\u00fablica y econ\u00f3mica de la entidad<\/li>\n<\/ul>\n\n\n\n<p><em>San Raymundo Jalpan, Oax., a 12 de marzo de 2026.-<\/em>&nbsp;Con la finalidad de honrar la trayectoria de los organismos de la sociedad civil que abonan en la consolidaci\u00f3n del sector econ\u00f3mico de la entidad, el Congreso del Estado otorg\u00f3 un reconocimiento al Colegio de Profesionales de la Contadur\u00eda de Oaxaca, A.C., con motivo de su 35 aniversario, en relaci\u00f3n a su invaluable aportaci\u00f3n dentro de la contadur\u00eda p\u00fablica.<\/p>\n\n\n\n<p>El acto protocolario se realiz\u00f3 en Sesi\u00f3n Ordinaria y fue encabezado por la presidenta de la Junta de Coordinaci\u00f3n Pol\u00edtica (Jucopo), diputada Tania Caballero Navarro; la presidenta de la Mesa Directiva, Eva Diego Cruz; y la diputada Sandra Daniela Taurino Jim\u00e9nez, integrante del Grupo Parlamentario de Morena, quienes destacaron la labor y el prestigio de esta organizaci\u00f3n.<\/p>\n\n\n\n<p>Durante su intervenci\u00f3n, la legisladora Taurino Jim\u00e9nez resalt\u00f3 que la instituci\u00f3n, desde su fundaci\u00f3n en 1991, ha impulsado el ejercicio \u00e9tico de la profesi\u00f3n, consolid\u00e1ndose como un pilar de transparencia y certeza t\u00e9cnica en la entidad.<\/p>\n\n\n\n<p>Asimismo, subray\u00f3 que, a trav\u00e9s de su Programa de Desarrollo Profesional Continuo, no solo garantiza la actualizaci\u00f3n de conocimientos de sus agremiados, sino que act\u00faa como un puente fundamental para el cumplimiento fiscal y el desarrollo econ\u00f3mico, elevando as\u00ed los est\u00e1ndares de la pr\u00e1ctica contable.<\/p>\n\n\n\n<p>El reconocimiento fue otorgado al presidente del Colegio de Profesionales de la Contadur\u00eda de Oaxaca, A.C., Odil\u00f3n Gonz\u00e1lez Ruiz, acompa\u00f1ado de las y los integrantes de dicho gremio.<\/p>\n\n\n\n<figure class=\"wp-block-image size-large\"><img fetchpriority=\"high\" decoding=\"async\" width=\"713\" height=\"533\" src=\"https:\/\/contextoanalisisperiodistico.com\/wp-content\/uploads\/2026\/03\/img_20260312_1847493740830438341623576.jpg\" alt=\"\" class=\"wp-image-51973\" srcset=\"https:\/\/contextoanalisisperiodistico.com\/wp-content\/uploads\/2026\/03\/img_20260312_1847493740830438341623576.jpg 713w, https:\/\/contextoanalisisperiodistico.com\/wp-content\/uploads\/2026\/03\/img_20260312_1847493740830438341623576-300x224.jpg 300w\" sizes=\"(max-width: 713px) 100vw, 713px\" \/><\/figure>\n\n\n\n<figure class=\"wp-block-image\"><img decoding=\"async\" width=\"300\" height=\"204\" src=\"https:\/\/contextoanalisisperiodistico.com\/wp-content\/uploads\/2026\/03\/img_20260312_1847073298712687935457456-300x204.jpg\" alt=\"\" class=\"wp-image-51974\" srcset=\"https:\/\/contextoanalisisperiodistico.com\/wp-content\/uploads\/2026\/03\/img_20260312_1847073298712687935457456-300x204.jpg 300w, https:\/\/contextoanalisisperiodistico.com\/wp-content\/uploads\/2026\/03\/img_20260312_1847073298712687935457456.jpg 710w\" sizes=\"(max-width: 300px) 100vw, 300px\" \/><\/figure>\n","protected":false},"excerpt":{"rendered":"<p>San Raymundo Jalpan, Oax., a 12 de marzo de 2026.-&nbsp;Con la finalidad de honrar la&#8230;<\/p>\n","protected":false},"author":4,"featured_media":51972,"comment_status":"","ping_status":"open","sticky":false,"template":"","format":"standard","meta":{"footnotes":""},"categories":[6],"tags":[210,107,411],"jetpack_sharing_enabled":true,"featured_image_urls":{"full":["https:\/\/contextoanalisisperiodistico.com\/wp-content\/uploads\/2026\/03\/IMG_20260312_184818.jpg",688,420,false],"thumbnail":["https:\/\/contextoanalisisperiodistico.com\/wp-content\/uploads\/2026\/03\/IMG_20260312_184818-150x150.jpg",150,150,true],"medium":["https:\/\/contextoanalisisperiodistico.com\/wp-content\/uploads\/2026\/03\/IMG_20260312_184818-300x183.jpg",300,183,true],"medium_large":["https:\/\/contextoanalisisperiodistico.com\/wp-content\/uploads\/2026\/03\/IMG_20260312_184818.jpg",640,391,false],"large":["https:\/\/contextoanalisisperiodistico.com\/wp-content\/uploads\/2026\/03\/IMG_20260312_184818.jpg",640,391,false],"1536x1536":["https:\/\/contextoanalisisperiodistico.com\/wp-content\/uploads\/2026\/03\/IMG_20260312_184818.jpg",688,420,false],"2048x2048":["https:\/\/contextoanalisisperiodistico.com\/wp-content\/uploads\/2026\/03\/IMG_20260312_184818.jpg",688,420,false],"covernews-slider-full":["https:\/\/contextoanalisisperiodistico.com\/wp-content\/uploads\/2026\/03\/IMG_20260312_184818.jpg",688,420,false],"covernews-slider-center":["https:\/\/contextoanalisisperiodistico.com\/wp-content\/uploads\/2026\/03\/IMG_20260312_184818.jpg",688,420,false],"covernews-featured":["https:\/\/contextoanalisisperiodistico.com\/wp-content\/uploads\/2026\/03\/IMG_20260312_184818.jpg",688,420,false],"covernews-medium":["https:\/\/contextoanalisisperiodistico.com\/wp-content\/uploads\/2026\/03\/IMG_20260312_184818-540x340.jpg",540,340,true],"covernews-medium-square":["https:\/\/contextoanalisisperiodistico.com\/wp-content\/uploads\/2026\/03\/IMG_20260312_184818-400x250.jpg",400,250,true]},"author_info":{"display_name":"Mario Gir\u00f3n","author_link":"https:\/\/contextoanalisisperiodistico.com\/index.php\/author\/director\/"},"category_info":"<a href=\"https:\/\/contextoanalisisperiodistico.com\/index.php\/category\/legislatura\/\" rel=\"category tag\">Legislatura<\/a>","tag_info":"Legislatura","comment_count":"0","jetpack_featured_media_url":"https:\/\/contextoanalisisperiodistico.com\/wp-content\/uploads\/2026\/03\/IMG_20260312_184818.jpg","_links":{"self":[{"href":"https:\/\/contextoanalisisperiodistico.com\/index.php\/wp-json\/wp\/v2\/posts\/51975"}],"collection":[{"href":"https:\/\/contextoanalisisperiodistico.com\/index.php\/wp-json\/wp\/v2\/posts"}],"about":[{"href":"https:\/\/contextoanalisisperiodistico.com\/index.php\/wp-json\/wp\/v2\/types\/post"}],"author":[{"embeddable":true,"href":"https:\/\/contextoanalisisperiodistico.com\/index.php\/wp-json\/wp\/v2\/users\/4"}],"replies":[{"embeddable":true,"href":"https:\/\/contextoanalisisperiodistico.com\/index.php\/wp-json\/wp\/v2\/comments?post=51975"}],"version-history":[{"count":0,"href":"https:\/\/contextoanalisisperiodistico.com\/index.php\/wp-json\/wp\/v2\/posts\/51975\/revisions"}],"wp:featuredmedia":[{"embeddable":true,"href":"https:\/\/contextoanalisisperiodistico.com\/index.php\/wp-json\/wp\/v2\/media\/51972"}],"wp:attachment":[{"href":"https:\/\/contextoanalisisperiodistico.com\/index.php\/wp-json\/wp\/v2\/media?parent=51975"}],"wp:term":[{"taxonomy":"category","embeddable":true,"href":"https:\/\/contextoanalisisperiodistico.com\/index.php\/wp-json\/wp\/v2\/categories?post=51975"},{"taxonomy":"post_tag","embeddable":true,"href":"https:\/\/contextoanalisisperiodistico.com\/index.php\/wp-json\/wp\/v2\/tags?post=51975"}],"curies":[{"name":"wp","href":"https:\/\/api.w.org\/{rel}","templated":true}]}}