{"id":51969,"date":"2026-03-12T17:39:24","date_gmt":"2026-03-12T23:39:24","guid":{"rendered":"https:\/\/contextoanalisisperiodistico.com\/index.php\/2026\/03\/12\/con-educacion-bienestar-y-obras-salomon-jara-respalda-a-la-sierra-de-juarez\/"},"modified":"2026-03-12T17:41:10","modified_gmt":"2026-03-12T23:41:10","slug":"con-educacion-bienestar-y-obras-salomon-jara-respalda-a-la-sierra-de-juarez","status":"publish","type":"post","link":"https:\/\/contextoanalisisperiodistico.com\/index.php\/2026\/03\/12\/con-educacion-bienestar-y-obras-salomon-jara-respalda-a-la-sierra-de-juarez\/","title":{"rendered":"CON EDUCACI\u00d3N, BIENESTAR Y OBRAS SALOM\u00d3N JARA RESPALDA A LA SIERRA DE JU\u00c1REZ"},"content":{"rendered":"<div id=\"fb-root\"><\/div>\n\n<p>El Gobernador Salom\u00f3n Jara realiz\u00f3 una gira de trabajo por San Juan Quiotepec, San Pedro Yolox y Santiago Comaltepec, en donde anunci\u00f3 inversiones que generan bienestar para la Sierra de Ju\u00e1rez<\/p>\n\n\n\n<p><em>ALGUNAS ACCIONES<\/em><br \/>San Juan Quiotepec<br \/>\ud83d\udea7 Reparaci\u00f3n de puente vehicular<br \/>\ud83d\udcb2 3 millones de pesos<\/p>\n\n\n\n<p>San Pedro Yolox<br \/>\ud83e\udd58 Apoyo Alimentario<br \/>\ud83d\udcb21.2 millones de pesos<\/p>\n\n\n\n<p>Santiago Comaltepec<br \/>\ud83d\udda5\ufe0f Equipo tecnol\u00f3gico a escuelas<br \/>\ud83d\udcb2 1.6 millones de pesos<\/p>\n\n\n\n<p><em>Tambi\u00e9n se entregaron<\/em><br \/>\ud83d\udcb3 Tarjetas Margarita Maza<br \/>\ud83d\udc8a Medicamentos e insumos m\u00e9dicos<br \/>\ud83d\uddc4\ufe0fMobiliario escolar<br \/>\ud83c\udf31 Insumos para el campo<\/p>\n\n\n\n<figure class=\"wp-block-video\"><video controls src=\"https:\/\/contextoanalisisperiodistico.com\/wp-content\/uploads\/2026\/03\/VID-20260312-WA0072.mp4\"><\/video><\/figure>\n","protected":false},"excerpt":{"rendered":"<p>El Gobernador Salom\u00f3n Jara realiz\u00f3 una gira de trabajo por San Juan Quiotepec, San Pedro&#8230;<\/p>\n","protected":false},"author":4,"featured_media":51970,"comment_status":"closed","ping_status":"open","sticky":false,"template":"","format":"standard","meta":{"footnotes":""},"categories":[9],"tags":[316],"jetpack_sharing_enabled":true,"featured_image_urls":{"full":["https:\/\/contextoanalisisperiodistico.com\/wp-content\/uploads\/2026\/03\/IMG_20260312_174044.jpg",559,959,false],"thumbnail":["https:\/\/contextoanalisisperiodistico.com\/wp-content\/uploads\/2026\/03\/IMG_20260312_174044-150x150.jpg",150,150,true],"medium":["https:\/\/contextoanalisisperiodistico.com\/wp-content\/uploads\/2026\/03\/IMG_20260312_174044-175x300.jpg",175,300,true],"medium_large":["https:\/\/contextoanalisisperiodistico.com\/wp-content\/uploads\/2026\/03\/IMG_20260312_174044.jpg",559,959,false],"large":["https:\/\/contextoanalisisperiodistico.com\/wp-content\/uploads\/2026\/03\/IMG_20260312_174044.jpg",559,959,false],"1536x1536":["https:\/\/contextoanalisisperiodistico.com\/wp-content\/uploads\/2026\/03\/IMG_20260312_174044.jpg",559,959,false],"2048x2048":["https:\/\/contextoanalisisperiodistico.com\/wp-content\/uploads\/2026\/03\/IMG_20260312_174044.jpg",559,959,false],"covernews-slider-full":["https:\/\/contextoanalisisperiodistico.com\/wp-content\/uploads\/2026\/03\/IMG_20260312_174044-559x715.jpg",559,715,true],"covernews-slider-center":["https:\/\/contextoanalisisperiodistico.com\/wp-content\/uploads\/2026\/03\/IMG_20260312_174044-559x500.jpg",559,500,true],"covernews-featured":["https:\/\/contextoanalisisperiodistico.com\/wp-content\/uploads\/2026\/03\/IMG_20260312_174044.jpg",559,959,false],"covernews-medium":["https:\/\/contextoanalisisperiodistico.com\/wp-content\/uploads\/2026\/03\/IMG_20260312_174044-540x340.jpg",540,340,true],"covernews-medium-square":["https:\/\/contextoanalisisperiodistico.com\/wp-content\/uploads\/2026\/03\/IMG_20260312_174044-400x250.jpg",400,250,true]},"author_info":{"display_name":"Mario Gir\u00f3n","author_link":"https:\/\/contextoanalisisperiodistico.com\/index.php\/author\/director\/"},"category_info":"<a href=\"https:\/\/contextoanalisisperiodistico.com\/index.php\/category\/politica\/\" rel=\"category tag\">Pol\u00edtica<\/a>","tag_info":"Pol\u00edtica","comment_count":"0","jetpack_featured_media_url":"https:\/\/contextoanalisisperiodistico.com\/wp-content\/uploads\/2026\/03\/IMG_20260312_174044.jpg","_links":{"self":[{"href":"https:\/\/contextoanalisisperiodistico.com\/index.php\/wp-json\/wp\/v2\/posts\/51969"}],"collection":[{"href":"https:\/\/contextoanalisisperiodistico.com\/index.php\/wp-json\/wp\/v2\/posts"}],"about":[{"href":"https:\/\/contextoanalisisperiodistico.com\/index.php\/wp-json\/wp\/v2\/types\/post"}],"author":[{"embeddable":true,"href":"https:\/\/contextoanalisisperiodistico.com\/index.php\/wp-json\/wp\/v2\/users\/4"}],"replies":[{"embeddable":true,"href":"https:\/\/contextoanalisisperiodistico.com\/index.php\/wp-json\/wp\/v2\/comments?post=51969"}],"version-history":[{"count":1,"href":"https:\/\/contextoanalisisperiodistico.com\/index.php\/wp-json\/wp\/v2\/posts\/51969\/revisions"}],"predecessor-version":[{"id":51971,"href":"https:\/\/contextoanalisisperiodistico.com\/index.php\/wp-json\/wp\/v2\/posts\/51969\/revisions\/51971"}],"wp:featuredmedia":[{"embeddable":true,"href":"https:\/\/contextoanalisisperiodistico.com\/index.php\/wp-json\/wp\/v2\/media\/51970"}],"wp:attachment":[{"href":"https:\/\/contextoanalisisperiodistico.com\/index.php\/wp-json\/wp\/v2\/media?parent=51969"}],"wp:term":[{"taxonomy":"category","embeddable":true,"href":"https:\/\/contextoanalisisperiodistico.com\/index.php\/wp-json\/wp\/v2\/categories?post=51969"},{"taxonomy":"post_tag","embeddable":true,"href":"https:\/\/contextoanalisisperiodistico.com\/index.php\/wp-json\/wp\/v2\/tags?post=51969"}],"curies":[{"name":"wp","href":"https:\/\/api.w.org\/{rel}","templated":true}]}}