{"id":51966,"date":"2026-03-12T17:26:30","date_gmt":"2026-03-12T23:26:30","guid":{"rendered":"https:\/\/contextoanalisisperiodistico.com\/index.php\/2026\/03\/12\/llega-a-la-capital-oaxaquena-la-frescura-del-mar-con-la-expo-acuicola-y-pesquera-cuaresma-2026\/"},"modified":"2026-03-12T17:26:30","modified_gmt":"2026-03-12T23:26:30","slug":"llega-a-la-capital-oaxaquena-la-frescura-del-mar-con-la-expo-acuicola-y-pesquera-cuaresma-2026","status":"publish","type":"post","link":"https:\/\/contextoanalisisperiodistico.com\/index.php\/2026\/03\/12\/llega-a-la-capital-oaxaquena-la-frescura-del-mar-con-la-expo-acuicola-y-pesquera-cuaresma-2026\/","title":{"rendered":"Llega a la capital oaxaque\u00f1a la frescura del mar con la Expo Acu\u00edcola y Pesquera \u00abCuaresma 2026\u00bb"},"content":{"rendered":"<div id=\"fb-root\"><\/div>\n\n<p>\u2022 Estar\u00e1 ubicada en la Plaza de la Danza, los d\u00edas 12 y 13 de marzo, de 8:00 a 18:00 horas; en el que ofrecen una rica variedad de productos<\/p>\n\n\n\n<figure class=\"wp-block-image size-large\"><img fetchpriority=\"high\" decoding=\"async\" width=\"1024\" height=\"683\" src=\"https:\/\/contextoanalisisperiodistico.com\/wp-content\/uploads\/2026\/03\/img-20260312-wa00901326663826024926151-1024x683.jpg\" alt=\"\" class=\"wp-image-51963\" srcset=\"https:\/\/contextoanalisisperiodistico.com\/wp-content\/uploads\/2026\/03\/img-20260312-wa00901326663826024926151-1024x683.jpg 1024w, https:\/\/contextoanalisisperiodistico.com\/wp-content\/uploads\/2026\/03\/img-20260312-wa00901326663826024926151-300x200.jpg 300w, https:\/\/contextoanalisisperiodistico.com\/wp-content\/uploads\/2026\/03\/img-20260312-wa00901326663826024926151-768x512.jpg 768w, https:\/\/contextoanalisisperiodistico.com\/wp-content\/uploads\/2026\/03\/img-20260312-wa00901326663826024926151.jpg 1280w\" sizes=\"(max-width: 1024px) 100vw, 1024px\" \/><\/figure>\n\n\n\n<figure class=\"wp-block-image\"><img decoding=\"async\" width=\"1024\" height=\"682\" src=\"https:\/\/contextoanalisisperiodistico.com\/wp-content\/uploads\/2026\/03\/img-20260312-wa00924838672466579367056-1024x682.jpg\" alt=\"\" class=\"wp-image-51965\" srcset=\"https:\/\/contextoanalisisperiodistico.com\/wp-content\/uploads\/2026\/03\/img-20260312-wa00924838672466579367056-1024x682.jpg 1024w, https:\/\/contextoanalisisperiodistico.com\/wp-content\/uploads\/2026\/03\/img-20260312-wa00924838672466579367056-300x200.jpg 300w, https:\/\/contextoanalisisperiodistico.com\/wp-content\/uploads\/2026\/03\/img-20260312-wa00924838672466579367056-768x512.jpg 768w, https:\/\/contextoanalisisperiodistico.com\/wp-content\/uploads\/2026\/03\/img-20260312-wa00924838672466579367056-1536x1023.jpg 1536w, https:\/\/contextoanalisisperiodistico.com\/wp-content\/uploads\/2026\/03\/img-20260312-wa00924838672466579367056.jpg 1600w\" sizes=\"(max-width: 1024px) 100vw, 1024px\" \/><\/figure>\n\n\n\n<figure class=\"wp-block-image\"><img decoding=\"async\" width=\"1024\" height=\"683\" src=\"https:\/\/contextoanalisisperiodistico.com\/wp-content\/uploads\/2026\/03\/img-20260312-wa00917746614045678143383-1024x683.jpg\" alt=\"\" class=\"wp-image-51964\" srcset=\"https:\/\/contextoanalisisperiodistico.com\/wp-content\/uploads\/2026\/03\/img-20260312-wa00917746614045678143383-1024x683.jpg 1024w, https:\/\/contextoanalisisperiodistico.com\/wp-content\/uploads\/2026\/03\/img-20260312-wa00917746614045678143383-300x200.jpg 300w, https:\/\/contextoanalisisperiodistico.com\/wp-content\/uploads\/2026\/03\/img-20260312-wa00917746614045678143383-768x512.jpg 768w, https:\/\/contextoanalisisperiodistico.com\/wp-content\/uploads\/2026\/03\/img-20260312-wa00917746614045678143383.jpg 1280w\" sizes=\"(max-width: 1024px) 100vw, 1024px\" \/><\/figure>\n\n\n\n<p>Oaxaca de Ju\u00e1rez, Oax. 12 de marzo de 2026.- El Gobernador Salom\u00f3n Jara Cruz inaugur\u00f3 la Expo Acu\u00edcola y Pesquera \u00abCuaresma 2026\u00bb, con el objetivo de abrir canales de comercializaci\u00f3n para las personas acuicultoras y pescadoras en toda la entidad.<\/p>\n\n\n\n<p>Establecido en la Plaza de la Danza, en la capital del estado, la expo busca vincular a este sector con las y los consumidores, para fortalecer la comercializaci\u00f3n y consumo de productos del mar cien por ciento oaxaque\u00f1os.<\/p>\n\n\n\n<p>En este espacio, en el que se invirtieron 1.2 millones de pesos para beneficiar a mil personas productoras, el titular del Poder Ejecutivo subray\u00f3 que, ante las problem\u00e1ticas que representan el deterioro ambiental y el rezago tecnol\u00f3gico, el Gobierno del Estado impulsa programas de apoyo, capacitaci\u00f3n y asistencia t\u00e9cnica para mejorar las condiciones de venta y brindar mayores oportunidades de bienestar.<\/p>\n\n\n\n<p>Detall\u00f3 que en la entidad existen alrededor de 7 mil 500 personas pescadoras y mil 500 acuicultoras, quienes generan una producci\u00f3n anual cercana a 9 mil 700 toneladas de producto, el cual tiene un valor aproximado de 380 millones de pesos; adem\u00e1s de la producci\u00f3n acu\u00edcola que aporta cerca de 25 millones de pesos.<\/p>\n\n\n\n<p>Ante esta situaci\u00f3n, el Gobierno de Oaxaca, a trav\u00e9s de la Secretar\u00eda de Fomento Agroalimentario y Desarrollo Rural (Sefader) implementa la estrategia \u201cCuaresma Primavera\u201d, la cual distribuir\u00e1 en las colonias populares de la capital del estado mojarras frescas a la mitad de su precio comercial.<\/p>\n\n\n\n<p>La Expo Acu\u00edcola y Pesquera se realiza este jueves 12 y viernes 13 de marzo, en un horario de 8:00 a 18:00 horas; participan 40 granjas acu\u00edcolas y cooperativas pesqueras, 25 instituciones y empresas, as\u00ed como 20 emprendimientos. Se podr\u00e1 adquirir y degustar mariscos y productos frescos, transformados, preparados y complementarios, tradicionales e innovadores de la cocina local.<\/p>\n\n\n\n<p>-0-<\/p>\n","protected":false},"excerpt":{"rendered":"<p>\u2022 Estar\u00e1 ubicada en la Plaza de la Danza, los d\u00edas 12 y 13 de&#8230;<\/p>\n","protected":false},"author":4,"featured_media":51962,"comment_status":"","ping_status":"open","sticky":false,"template":"","format":"standard","meta":{"footnotes":""},"categories":[9],"tags":[316],"jetpack_sharing_enabled":true,"featured_image_urls":{"full":["https:\/\/contextoanalisisperiodistico.com\/wp-content\/uploads\/2026\/03\/IMG-20260312-WA0087.jpg",1600,1066,false],"thumbnail":["https:\/\/contextoanalisisperiodistico.com\/wp-content\/uploads\/2026\/03\/IMG-20260312-WA0087-150x150.jpg",150,150,true],"medium":["https:\/\/contextoanalisisperiodistico.com\/wp-content\/uploads\/2026\/03\/IMG-20260312-WA0087-300x200.jpg",300,200,true],"medium_large":["https:\/\/contextoanalisisperiodistico.com\/wp-content\/uploads\/2026\/03\/IMG-20260312-WA0087-768x512.jpg",640,427,true],"large":["https:\/\/contextoanalisisperiodistico.com\/wp-content\/uploads\/2026\/03\/IMG-20260312-WA0087-1024x682.jpg",640,426,true],"1536x1536":["https:\/\/contextoanalisisperiodistico.com\/wp-content\/uploads\/2026\/03\/IMG-20260312-WA0087-1536x1023.jpg",1536,1023,true],"2048x2048":["https:\/\/contextoanalisisperiodistico.com\/wp-content\/uploads\/2026\/03\/IMG-20260312-WA0087.jpg",1600,1066,false],"covernews-slider-full":["https:\/\/contextoanalisisperiodistico.com\/wp-content\/uploads\/2026\/03\/IMG-20260312-WA0087-1115x715.jpg",1115,715,true],"covernews-slider-center":["https:\/\/contextoanalisisperiodistico.com\/wp-content\/uploads\/2026\/03\/IMG-20260312-WA0087-800x500.jpg",800,500,true],"covernews-featured":["https:\/\/contextoanalisisperiodistico.com\/wp-content\/uploads\/2026\/03\/IMG-20260312-WA0087-1024x682.jpg",1024,682,true],"covernews-medium":["https:\/\/contextoanalisisperiodistico.com\/wp-content\/uploads\/2026\/03\/IMG-20260312-WA0087-540x340.jpg",540,340,true],"covernews-medium-square":["https:\/\/contextoanalisisperiodistico.com\/wp-content\/uploads\/2026\/03\/IMG-20260312-WA0087-400x250.jpg",400,250,true]},"author_info":{"display_name":"Mario Gir\u00f3n","author_link":"https:\/\/contextoanalisisperiodistico.com\/index.php\/author\/director\/"},"category_info":"<a href=\"https:\/\/contextoanalisisperiodistico.com\/index.php\/category\/politica\/\" rel=\"category tag\">Pol\u00edtica<\/a>","tag_info":"Pol\u00edtica","comment_count":"0","jetpack_featured_media_url":"https:\/\/contextoanalisisperiodistico.com\/wp-content\/uploads\/2026\/03\/IMG-20260312-WA0087.jpg","_links":{"self":[{"href":"https:\/\/contextoanalisisperiodistico.com\/index.php\/wp-json\/wp\/v2\/posts\/51966"}],"collection":[{"href":"https:\/\/contextoanalisisperiodistico.com\/index.php\/wp-json\/wp\/v2\/posts"}],"about":[{"href":"https:\/\/contextoanalisisperiodistico.com\/index.php\/wp-json\/wp\/v2\/types\/post"}],"author":[{"embeddable":true,"href":"https:\/\/contextoanalisisperiodistico.com\/index.php\/wp-json\/wp\/v2\/users\/4"}],"replies":[{"embeddable":true,"href":"https:\/\/contextoanalisisperiodistico.com\/index.php\/wp-json\/wp\/v2\/comments?post=51966"}],"version-history":[{"count":0,"href":"https:\/\/contextoanalisisperiodistico.com\/index.php\/wp-json\/wp\/v2\/posts\/51966\/revisions"}],"wp:featuredmedia":[{"embeddable":true,"href":"https:\/\/contextoanalisisperiodistico.com\/index.php\/wp-json\/wp\/v2\/media\/51962"}],"wp:attachment":[{"href":"https:\/\/contextoanalisisperiodistico.com\/index.php\/wp-json\/wp\/v2\/media?parent=51966"}],"wp:term":[{"taxonomy":"category","embeddable":true,"href":"https:\/\/contextoanalisisperiodistico.com\/index.php\/wp-json\/wp\/v2\/categories?post=51966"},{"taxonomy":"post_tag","embeddable":true,"href":"https:\/\/contextoanalisisperiodistico.com\/index.php\/wp-json\/wp\/v2\/tags?post=51966"}],"curies":[{"name":"wp","href":"https:\/\/api.w.org\/{rel}","templated":true}]}}