{"id":51960,"date":"2026-03-12T16:52:29","date_gmt":"2026-03-12T22:52:29","guid":{"rendered":"https:\/\/contextoanalisisperiodistico.com\/index.php\/2026\/03\/12\/estamos-listos-para-el-plan-b-nino-morales-advierte-que-la-transformacion-no-se-detiene-ante-la-partidocracia\/"},"modified":"2026-03-12T16:56:02","modified_gmt":"2026-03-12T22:56:02","slug":"estamos-listos-para-el-plan-b-nino-morales-advierte-que-la-transformacion-no-se-detiene-ante-la-partidocracia","status":"publish","type":"post","link":"https:\/\/contextoanalisisperiodistico.com\/index.php\/2026\/03\/12\/estamos-listos-para-el-plan-b-nino-morales-advierte-que-la-transformacion-no-se-detiene-ante-la-partidocracia\/","title":{"rendered":"\u00abEstamos listos para el Plan B\u00bb: Nino Morales advierte que la transformaci\u00f3n no se detiene ante la partidocracia"},"content":{"rendered":"<div id=\"fb-root\"><\/div>\n\n<p>El rechazo a la Reforma Electoral de nuestra Presidenta Claudia Sheinbaum Pardo no es un rev\u00e9s para el pueblo, es la confirmaci\u00f3n de lo que siempre hemos denunciado: la partidocracia y los privilegios se niegan a morir, asever\u00f3 el senador oaxaque\u00f1o Antonino Morales Toledo, luego de lo ocurrido en San L\u00e1zaro, y sostener que el movimiento de transformaci\u00f3n va por el Plan B.<\/p>\n\n\n\n<p>El legislador zapoteco se\u00f1al\u00f3 que no obstante que indigna lo acontecido, asever\u00f3 que eso no vence el aut\u00e9ntico proceso de transformaci\u00f3n del pa\u00eds, al tiempo de reprobar tambien, el proceder de qui\u00e9nes votaron en contra, quienes se\u00f1al\u00f3, son los mismos que por d\u00e9cadas vieron a M\u00e9xico y a Oaxaca como un bot\u00edn.<\/p>\n\n\n\n<p>\u00abLos que hoy se disfrazan de opositores, son los mismos que se beneficiaron del r\u00e9gimen corrupto del PRIAN. Su festejo es la prueba de que la reforma iba directo al coraz\u00f3n de sus privilegios\u00bb, solt\u00f3 el legislador morenista.<\/p>\n\n\n\n<p>En ese sentido, Nino Morales remarc\u00f3, \u00aben Morena lo decimos fuerte para que se escuche lejos: siempre estaremos del lado del pueblo y de devolverle el poder al pueblo\u00bb.<\/p>\n\n\n\n<p>Asimismo, Morales Toledo pidi\u00f3 al pueblo de Oaxaca, no dejarse enga\u00f1ar, por los opositores a la transformaci\u00f3n, ya que la reforma que impulsa la presidenta Claudia Sheinbaum busca fortalecer la democracia y terminar con los privilegios de las c\u00fapulas, \u00abqueremos que todas y todos los representantes populares sean elegidos por el pueblo\u00bb, dijo el senador.<\/p>\n\n\n\n<p>Al final, Nino Morales reconoci\u00f3 a las y los legisladores del movimiento que respaldaron la Reforma Electoral, y el compromiso que tienen con la aut\u00e9ntica transformaci\u00f3n de M\u00e9xico.<\/p>\n\n\n\n<h1 class=\"wp-block-heading\"><\/h1>\n\n\n\n<figure class=\"wp-block-image size-large\"><img fetchpriority=\"high\" decoding=\"async\" width=\"711\" height=\"513\" src=\"https:\/\/contextoanalisisperiodistico.com\/wp-content\/uploads\/2026\/03\/img_20260312_1651273773457078982408630.jpg\" alt=\"\" class=\"wp-image-51959\" srcset=\"https:\/\/contextoanalisisperiodistico.com\/wp-content\/uploads\/2026\/03\/img_20260312_1651273773457078982408630.jpg 711w, https:\/\/contextoanalisisperiodistico.com\/wp-content\/uploads\/2026\/03\/img_20260312_1651273773457078982408630-300x216.jpg 300w\" sizes=\"(max-width: 711px) 100vw, 711px\" \/><\/figure>\n","protected":false},"excerpt":{"rendered":"<p>El rechazo a la Reforma Electoral de nuestra Presidenta Claudia Sheinbaum Pardo no es un&#8230;<\/p>\n","protected":false},"author":4,"featured_media":51958,"comment_status":"closed","ping_status":"open","sticky":false,"template":"","format":"standard","meta":{"footnotes":""},"categories":[9],"tags":[398,396],"jetpack_sharing_enabled":true,"featured_image_urls":{"full":["https:\/\/contextoanalisisperiodistico.com\/wp-content\/uploads\/2026\/03\/IMG_20260312_165147.jpg",701,568,false],"thumbnail":["https:\/\/contextoanalisisperiodistico.com\/wp-content\/uploads\/2026\/03\/IMG_20260312_165147-150x150.jpg",150,150,true],"medium":["https:\/\/contextoanalisisperiodistico.com\/wp-content\/uploads\/2026\/03\/IMG_20260312_165147-300x243.jpg",300,243,true],"medium_large":["https:\/\/contextoanalisisperiodistico.com\/wp-content\/uploads\/2026\/03\/IMG_20260312_165147.jpg",640,519,false],"large":["https:\/\/contextoanalisisperiodistico.com\/wp-content\/uploads\/2026\/03\/IMG_20260312_165147.jpg",640,519,false],"1536x1536":["https:\/\/contextoanalisisperiodistico.com\/wp-content\/uploads\/2026\/03\/IMG_20260312_165147.jpg",701,568,false],"2048x2048":["https:\/\/contextoanalisisperiodistico.com\/wp-content\/uploads\/2026\/03\/IMG_20260312_165147.jpg",701,568,false],"covernews-slider-full":["https:\/\/contextoanalisisperiodistico.com\/wp-content\/uploads\/2026\/03\/IMG_20260312_165147.jpg",701,568,false],"covernews-slider-center":["https:\/\/contextoanalisisperiodistico.com\/wp-content\/uploads\/2026\/03\/IMG_20260312_165147-701x500.jpg",701,500,true],"covernews-featured":["https:\/\/contextoanalisisperiodistico.com\/wp-content\/uploads\/2026\/03\/IMG_20260312_165147.jpg",701,568,false],"covernews-medium":["https:\/\/contextoanalisisperiodistico.com\/wp-content\/uploads\/2026\/03\/IMG_20260312_165147-540x340.jpg",540,340,true],"covernews-medium-square":["https:\/\/contextoanalisisperiodistico.com\/wp-content\/uploads\/2026\/03\/IMG_20260312_165147-400x250.jpg",400,250,true]},"author_info":{"display_name":"Mario Gir\u00f3n","author_link":"https:\/\/contextoanalisisperiodistico.com\/index.php\/author\/director\/"},"category_info":"<a href=\"https:\/\/contextoanalisisperiodistico.com\/index.php\/category\/politica\/\" rel=\"category tag\">Pol\u00edtica<\/a>","tag_info":"Pol\u00edtica","comment_count":"0","jetpack_featured_media_url":"https:\/\/contextoanalisisperiodistico.com\/wp-content\/uploads\/2026\/03\/IMG_20260312_165147.jpg","_links":{"self":[{"href":"https:\/\/contextoanalisisperiodistico.com\/index.php\/wp-json\/wp\/v2\/posts\/51960"}],"collection":[{"href":"https:\/\/contextoanalisisperiodistico.com\/index.php\/wp-json\/wp\/v2\/posts"}],"about":[{"href":"https:\/\/contextoanalisisperiodistico.com\/index.php\/wp-json\/wp\/v2\/types\/post"}],"author":[{"embeddable":true,"href":"https:\/\/contextoanalisisperiodistico.com\/index.php\/wp-json\/wp\/v2\/users\/4"}],"replies":[{"embeddable":true,"href":"https:\/\/contextoanalisisperiodistico.com\/index.php\/wp-json\/wp\/v2\/comments?post=51960"}],"version-history":[{"count":1,"href":"https:\/\/contextoanalisisperiodistico.com\/index.php\/wp-json\/wp\/v2\/posts\/51960\/revisions"}],"predecessor-version":[{"id":51961,"href":"https:\/\/contextoanalisisperiodistico.com\/index.php\/wp-json\/wp\/v2\/posts\/51960\/revisions\/51961"}],"wp:featuredmedia":[{"embeddable":true,"href":"https:\/\/contextoanalisisperiodistico.com\/index.php\/wp-json\/wp\/v2\/media\/51958"}],"wp:attachment":[{"href":"https:\/\/contextoanalisisperiodistico.com\/index.php\/wp-json\/wp\/v2\/media?parent=51960"}],"wp:term":[{"taxonomy":"category","embeddable":true,"href":"https:\/\/contextoanalisisperiodistico.com\/index.php\/wp-json\/wp\/v2\/categories?post=51960"},{"taxonomy":"post_tag","embeddable":true,"href":"https:\/\/contextoanalisisperiodistico.com\/index.php\/wp-json\/wp\/v2\/tags?post=51960"}],"curies":[{"name":"wp","href":"https:\/\/api.w.org\/{rel}","templated":true}]}}