{"id":51955,"date":"2026-03-12T16:31:19","date_gmt":"2026-03-12T22:31:19","guid":{"rendered":"https:\/\/contextoanalisisperiodistico.com\/index.php\/2026\/03\/12\/oaxaca-de-juarez-preserva-sus-tradiciones-con-la-celebracion-del-viernes-de-samaritana\/"},"modified":"2026-03-12T16:31:19","modified_gmt":"2026-03-12T22:31:19","slug":"oaxaca-de-juarez-preserva-sus-tradiciones-con-la-celebracion-del-viernes-de-samaritana","status":"publish","type":"post","link":"https:\/\/contextoanalisisperiodistico.com\/index.php\/2026\/03\/12\/oaxaca-de-juarez-preserva-sus-tradiciones-con-la-celebracion-del-viernes-de-samaritana\/","title":{"rendered":"Oaxaca de Ju\u00e1rez preserva sus tradiciones con la celebraci\u00f3n del Viernes de Samaritana"},"content":{"rendered":"<div id=\"fb-root\"><\/div>\n\n<p>\u2022 El Gobierno Municipal impulsa esta tradici\u00f3n que promueve la convivencia y fortalece la identidad cultural de la ciudad<\/p>\n\n\n\n<figure class=\"wp-block-image size-large\"><img fetchpriority=\"high\" decoding=\"async\" width=\"683\" height=\"1024\" src=\"https:\/\/contextoanalisisperiodistico.com\/wp-content\/uploads\/2026\/03\/img-20260312-wa0009929640301784176563-683x1024.jpg\" alt=\"\" class=\"wp-image-51953\" srcset=\"https:\/\/contextoanalisisperiodistico.com\/wp-content\/uploads\/2026\/03\/img-20260312-wa0009929640301784176563-683x1024.jpg 683w, https:\/\/contextoanalisisperiodistico.com\/wp-content\/uploads\/2026\/03\/img-20260312-wa0009929640301784176563-200x300.jpg 200w, https:\/\/contextoanalisisperiodistico.com\/wp-content\/uploads\/2026\/03\/img-20260312-wa0009929640301784176563-768x1152.jpg 768w, https:\/\/contextoanalisisperiodistico.com\/wp-content\/uploads\/2026\/03\/img-20260312-wa0009929640301784176563-1024x1536.jpg 1024w, https:\/\/contextoanalisisperiodistico.com\/wp-content\/uploads\/2026\/03\/img-20260312-wa0009929640301784176563.jpg 1067w\" sizes=\"(max-width: 683px) 100vw, 683px\" \/><\/figure>\n\n\n\n<figure class=\"wp-block-video\"><video controls src=\"https:\/\/contextoanalisisperiodistico.com\/wp-content\/uploads\/2026\/03\/VID-20260312-WA0010.mp4\"><\/video><\/figure>\n\n\n\n<ul class=\"wp-block-list\"><\/ul>\n\n\n\n<p>Oaxaca de Ju\u00e1rez, Oax., 12 de marzo de 2026.\u2013 Como parte de las tradiciones que dan identidad a la capital oaxaque\u00f1a durante la temporada de Cuaresma, el Gobierno Municipal de Oaxaca de Ju\u00e1rez se suma a la celebraci\u00f3n de los Viernes de Samaritana, una costumbre que promueve la convivencia y el compartir entre vecinas, vecinos y visitantes.<\/p>\n\n\n\n<p>Este viernes 13 de marzo, a partir de las 12:00 horas, diversos mercados de la ciudad participan en esta actividad ofreciendo aguas tradicionales como muestra de hospitalidad, en una pr\u00e1ctica inspirada en el pasaje b\u00edblico de la Samaritana que invita a compartir agua con el pr\u00f3jimo.<\/p>\n\n\n\n<p>Los mercados que se suman a esta celebraci\u00f3n son S\u00e1nchez Pascuas, Santa Rosa, Candiani, Benito Ju\u00e1rez, Hidalgo, Venustiano Carranza y Paz Migueles, donde locatarias y locatarios mantienen viva esta tradici\u00f3n que forma parte del patrimonio cultural de Oaxaca.<\/p>\n\n\n\n<p>De manera paralela, el Templo de la Preciosa Sangre de Cristo, en el Andador Tur\u00edstico, tambi\u00e9n realizar\u00e1 esta actividad de 12:00 a 14:00 horas, organizada por la Comisi\u00f3n de Tradiciones y Costumbres de la Asociaci\u00f3n Mexicana de Hoteles y Moteles de Oaxaca, la Arquidi\u00f3cesis de Antequera de Oaxaca y la Parroquia de la Preciosa Sangre de Cristo, invitando a las personas a participar y llevar su vaso para disfrutar de las bebidas que se comparten de manera gratuita.<\/p>\n\n\n\n<p>Con estas acciones, el Gobierno Municipal reafirma su compromiso de preservar y promover las tradiciones que fortalecen la identidad de Oaxaca de Ju\u00e1rez, al tiempo que se fomenta la convivencia social en espacios p\u00fablicos y mercados de la capital.<\/p>\n\n\n\n<p>La invitaci\u00f3n est\u00e1 abierta para que vecinas, vecinos y visitantes participen en esta tradici\u00f3n y contin\u00faen compartiendo los valores de hospitalidad que distinguen a Oaxaca.<\/p>\n","protected":false},"excerpt":{"rendered":"<p>\u2022 El Gobierno Municipal impulsa esta tradici\u00f3n que promueve la convivencia y fortalece la identidad&#8230;<\/p>\n","protected":false},"author":4,"featured_media":51952,"comment_status":"","ping_status":"open","sticky":false,"template":"","format":"standard","meta":{"footnotes":""},"categories":[9],"tags":[353,371,359,380],"jetpack_sharing_enabled":true,"featured_image_urls":{"full":["https:\/\/contextoanalisisperiodistico.com\/wp-content\/uploads\/2026\/03\/IMG-20260312-WA0008.jpg",1600,1600,false],"thumbnail":["https:\/\/contextoanalisisperiodistico.com\/wp-content\/uploads\/2026\/03\/IMG-20260312-WA0008-150x150.jpg",150,150,true],"medium":["https:\/\/contextoanalisisperiodistico.com\/wp-content\/uploads\/2026\/03\/IMG-20260312-WA0008-300x300.jpg",300,300,true],"medium_large":["https:\/\/contextoanalisisperiodistico.com\/wp-content\/uploads\/2026\/03\/IMG-20260312-WA0008-768x768.jpg",640,640,true],"large":["https:\/\/contextoanalisisperiodistico.com\/wp-content\/uploads\/2026\/03\/IMG-20260312-WA0008-1024x1024.jpg",640,640,true],"1536x1536":["https:\/\/contextoanalisisperiodistico.com\/wp-content\/uploads\/2026\/03\/IMG-20260312-WA0008-1536x1536.jpg",1536,1536,true],"2048x2048":["https:\/\/contextoanalisisperiodistico.com\/wp-content\/uploads\/2026\/03\/IMG-20260312-WA0008.jpg",1600,1600,false],"covernews-slider-full":["https:\/\/contextoanalisisperiodistico.com\/wp-content\/uploads\/2026\/03\/IMG-20260312-WA0008-1115x715.jpg",1115,715,true],"covernews-slider-center":["https:\/\/contextoanalisisperiodistico.com\/wp-content\/uploads\/2026\/03\/IMG-20260312-WA0008-800x500.jpg",800,500,true],"covernews-featured":["https:\/\/contextoanalisisperiodistico.com\/wp-content\/uploads\/2026\/03\/IMG-20260312-WA0008-1024x1024.jpg",1024,1024,true],"covernews-medium":["https:\/\/contextoanalisisperiodistico.com\/wp-content\/uploads\/2026\/03\/IMG-20260312-WA0008-540x340.jpg",540,340,true],"covernews-medium-square":["https:\/\/contextoanalisisperiodistico.com\/wp-content\/uploads\/2026\/03\/IMG-20260312-WA0008-400x250.jpg",400,250,true]},"author_info":{"display_name":"Mario Gir\u00f3n","author_link":"https:\/\/contextoanalisisperiodistico.com\/index.php\/author\/director\/"},"category_info":"<a href=\"https:\/\/contextoanalisisperiodistico.com\/index.php\/category\/politica\/\" rel=\"category tag\">Pol\u00edtica<\/a>","tag_info":"Pol\u00edtica","comment_count":"0","jetpack_featured_media_url":"https:\/\/contextoanalisisperiodistico.com\/wp-content\/uploads\/2026\/03\/IMG-20260312-WA0008.jpg","_links":{"self":[{"href":"https:\/\/contextoanalisisperiodistico.com\/index.php\/wp-json\/wp\/v2\/posts\/51955"}],"collection":[{"href":"https:\/\/contextoanalisisperiodistico.com\/index.php\/wp-json\/wp\/v2\/posts"}],"about":[{"href":"https:\/\/contextoanalisisperiodistico.com\/index.php\/wp-json\/wp\/v2\/types\/post"}],"author":[{"embeddable":true,"href":"https:\/\/contextoanalisisperiodistico.com\/index.php\/wp-json\/wp\/v2\/users\/4"}],"replies":[{"embeddable":true,"href":"https:\/\/contextoanalisisperiodistico.com\/index.php\/wp-json\/wp\/v2\/comments?post=51955"}],"version-history":[{"count":0,"href":"https:\/\/contextoanalisisperiodistico.com\/index.php\/wp-json\/wp\/v2\/posts\/51955\/revisions"}],"wp:featuredmedia":[{"embeddable":true,"href":"https:\/\/contextoanalisisperiodistico.com\/index.php\/wp-json\/wp\/v2\/media\/51952"}],"wp:attachment":[{"href":"https:\/\/contextoanalisisperiodistico.com\/index.php\/wp-json\/wp\/v2\/media?parent=51955"}],"wp:term":[{"taxonomy":"category","embeddable":true,"href":"https:\/\/contextoanalisisperiodistico.com\/index.php\/wp-json\/wp\/v2\/categories?post=51955"},{"taxonomy":"post_tag","embeddable":true,"href":"https:\/\/contextoanalisisperiodistico.com\/index.php\/wp-json\/wp\/v2\/tags?post=51955"}],"curies":[{"name":"wp","href":"https:\/\/api.w.org\/{rel}","templated":true}]}}