{"id":51951,"date":"2026-03-12T16:13:28","date_gmt":"2026-03-12T22:13:28","guid":{"rendered":"https:\/\/contextoanalisisperiodistico.com\/index.php\/2026\/03\/12\/respeto-a-los-derechos-humanos-prioridad-en-oaxaca-de-juarez-ray-chagoya\/"},"modified":"2026-03-12T16:13:28","modified_gmt":"2026-03-12T22:13:28","slug":"respeto-a-los-derechos-humanos-prioridad-en-oaxaca-de-juarez-ray-chagoya","status":"publish","type":"post","link":"https:\/\/contextoanalisisperiodistico.com\/index.php\/2026\/03\/12\/respeto-a-los-derechos-humanos-prioridad-en-oaxaca-de-juarez-ray-chagoya\/","title":{"rendered":"Respeto a los derechos humanos, prioridad en Oaxaca de Ju\u00e1rez: Ray Chagoya"},"content":{"rendered":"<div id=\"fb-root\"><\/div>\n\n<ul class=\"wp-block-list\">\n<li>El acuerdo permitir\u00e1 capacitar a personal municipal y reforzar pol\u00edticas p\u00fablicas con enfoque de derechos humanos<\/li>\n<\/ul>\n\n\n\n<p>Oaxaca de Ju\u00e1rez, Oax., 12 de marzo de 2026.\u2013 El Municipio de Oaxaca de Ju\u00e1rez y la Defensor\u00eda de los Derechos Humanos del Pueblo de Oaxaca firmaron un Convenio Marco de Colaboraci\u00f3n con el objetivo de fortalecer la promoci\u00f3n, protecci\u00f3n y respeto de los derechos humanos en la capital del estado.<\/p>\n\n\n\n<p>El acuerdo fue suscrito por el presidente municipal Raymundo Chagoya Villanueva, la titular de la Defensor\u00eda Elizabeth Lara Rodr\u00edguez y la s\u00edndica primera municipal Obtulia Salgado Delgado, quienes destacaron la importancia de impulsar acciones coordinadas que garanticen un trato digno y respetuoso para todas las personas.<\/p>\n\n\n\n<p>Entre las acciones contempladas en el convenio se encuentra la capacitaci\u00f3n en derechos humanos para personal del Gobierno Municipal, as\u00ed como la incorporaci\u00f3n de este enfoque en el dise\u00f1o e implementaci\u00f3n de pol\u00edticas p\u00fablicas. Tambi\u00e9n se desarrollar\u00e1n seminarios, talleres, conferencias y actividades de difusi\u00f3n para fortalecer la cultura de respeto y legalidad.<\/p>\n\n\n\n<p>El acuerdo prev\u00e9 adem\u00e1s capacitaci\u00f3n dirigida a elementos de seguridad p\u00fablica, particularmente en temas relacionados con el uso de la fuerza y el funcionamiento de \u00e1reas de detenci\u00f3n municipal, con el fin de garantizar actuaciones apegadas a la ley y al respeto de la dignidad humana.<\/p>\n\n\n\n<p>Como parte del mecanismo de seguimiento, se integrar\u00e1 una Comisi\u00f3n T\u00e9cnica con representantes de ambas instituciones, encargada de coordinar las acciones y dar seguimiento a los convenios espec\u00edficos que se deriven de este instrumento.<\/p>\n\n\n\n<p>El convenio tendr\u00e1 vigencia hasta el 31 de diciembre de 2027, durante el periodo de la actual administraci\u00f3n municipal.<\/p>\n\n\n\n<p>Durante su intervenci\u00f3n, el presidente municipal Ray Chagoya destac\u00f3 que para su gobierno es fundamental que todas las personas sean atendidas con respeto, legalidad y responsabilidad, subrayando que una ciudad segura tambi\u00e9n es una ciudad donde se respetan plenamente los derechos humanos.<\/p>\n\n\n\n<p>Con este acuerdo, el Gobierno Municipal de Oaxaca de Ju\u00e1rez reafirma su compromiso de fortalecer instituciones, mejorar la atenci\u00f3n a la ciudadan\u00eda y consolidar una ciudad m\u00e1s justa, incluyente y respetuosa de la dignidad de todas las personas.<\/p>\n\n\n\n<p><\/p>\n\n\n\n<figure class=\"wp-block-image size-large\"><img fetchpriority=\"high\" decoding=\"async\" width=\"1024\" height=\"683\" src=\"https:\/\/contextoanalisisperiodistico.com\/wp-content\/uploads\/2026\/03\/img-20260312-wa01522060206332487214551-1024x683.jpg\" alt=\"\" class=\"wp-image-51947\" srcset=\"https:\/\/contextoanalisisperiodistico.com\/wp-content\/uploads\/2026\/03\/img-20260312-wa01522060206332487214551-1024x683.jpg 1024w, https:\/\/contextoanalisisperiodistico.com\/wp-content\/uploads\/2026\/03\/img-20260312-wa01522060206332487214551-300x200.jpg 300w, https:\/\/contextoanalisisperiodistico.com\/wp-content\/uploads\/2026\/03\/img-20260312-wa01522060206332487214551-768x512.jpg 768w, https:\/\/contextoanalisisperiodistico.com\/wp-content\/uploads\/2026\/03\/img-20260312-wa01522060206332487214551.jpg 1280w\" sizes=\"(max-width: 1024px) 100vw, 1024px\" \/><\/figure>\n\n\n\n<figure class=\"wp-block-image\"><img decoding=\"async\" width=\"1024\" height=\"683\" src=\"https:\/\/contextoanalisisperiodistico.com\/wp-content\/uploads\/2026\/03\/img-20260312-wa015151872982896119193-1024x683.jpg\" alt=\"\" class=\"wp-image-51945\" srcset=\"https:\/\/contextoanalisisperiodistico.com\/wp-content\/uploads\/2026\/03\/img-20260312-wa015151872982896119193-1024x683.jpg 1024w, https:\/\/contextoanalisisperiodistico.com\/wp-content\/uploads\/2026\/03\/img-20260312-wa015151872982896119193-300x200.jpg 300w, https:\/\/contextoanalisisperiodistico.com\/wp-content\/uploads\/2026\/03\/img-20260312-wa015151872982896119193-768x512.jpg 768w, https:\/\/contextoanalisisperiodistico.com\/wp-content\/uploads\/2026\/03\/img-20260312-wa015151872982896119193.jpg 1280w\" sizes=\"(max-width: 1024px) 100vw, 1024px\" \/><\/figure>\n\n\n\n<figure class=\"wp-block-image\"><img decoding=\"async\" width=\"1024\" height=\"683\" src=\"https:\/\/contextoanalisisperiodistico.com\/wp-content\/uploads\/2026\/03\/img-20260312-wa01531108512776585750938-1024x683.jpg\" alt=\"\" class=\"wp-image-51944\" srcset=\"https:\/\/contextoanalisisperiodistico.com\/wp-content\/uploads\/2026\/03\/img-20260312-wa01531108512776585750938-1024x683.jpg 1024w, https:\/\/contextoanalisisperiodistico.com\/wp-content\/uploads\/2026\/03\/img-20260312-wa01531108512776585750938-300x200.jpg 300w, https:\/\/contextoanalisisperiodistico.com\/wp-content\/uploads\/2026\/03\/img-20260312-wa01531108512776585750938-768x512.jpg 768w, https:\/\/contextoanalisisperiodistico.com\/wp-content\/uploads\/2026\/03\/img-20260312-wa01531108512776585750938.jpg 1280w\" sizes=\"(max-width: 1024px) 100vw, 1024px\" \/><\/figure>\n\n\n\n<figure class=\"wp-block-image\"><img loading=\"lazy\" decoding=\"async\" width=\"1024\" height=\"683\" src=\"https:\/\/contextoanalisisperiodistico.com\/wp-content\/uploads\/2026\/03\/img-20260312-wa01497079770104650926209-1024x683.jpg\" alt=\"\" class=\"wp-image-51946\" srcset=\"https:\/\/contextoanalisisperiodistico.com\/wp-content\/uploads\/2026\/03\/img-20260312-wa01497079770104650926209-1024x683.jpg 1024w, https:\/\/contextoanalisisperiodistico.com\/wp-content\/uploads\/2026\/03\/img-20260312-wa01497079770104650926209-300x200.jpg 300w, https:\/\/contextoanalisisperiodistico.com\/wp-content\/uploads\/2026\/03\/img-20260312-wa01497079770104650926209-768x512.jpg 768w, https:\/\/contextoanalisisperiodistico.com\/wp-content\/uploads\/2026\/03\/img-20260312-wa01497079770104650926209.jpg 1280w\" sizes=\"(max-width: 1024px) 100vw, 1024px\" \/><\/figure>\n\n\n\n<figure class=\"wp-block-image\"><img loading=\"lazy\" decoding=\"async\" width=\"1024\" height=\"683\" src=\"https:\/\/contextoanalisisperiodistico.com\/wp-content\/uploads\/2026\/03\/img-20260312-wa01557199424425813086782-1024x683.jpg\" alt=\"\" class=\"wp-image-51948\" srcset=\"https:\/\/contextoanalisisperiodistico.com\/wp-content\/uploads\/2026\/03\/img-20260312-wa01557199424425813086782-1024x683.jpg 1024w, https:\/\/contextoanalisisperiodistico.com\/wp-content\/uploads\/2026\/03\/img-20260312-wa01557199424425813086782-300x200.jpg 300w, https:\/\/contextoanalisisperiodistico.com\/wp-content\/uploads\/2026\/03\/img-20260312-wa01557199424425813086782-768x512.jpg 768w, https:\/\/contextoanalisisperiodistico.com\/wp-content\/uploads\/2026\/03\/img-20260312-wa01557199424425813086782.jpg 1280w\" sizes=\"(max-width: 1024px) 100vw, 1024px\" \/><\/figure>\n\n\n\n<figure class=\"wp-block-image\"><img loading=\"lazy\" decoding=\"async\" width=\"1024\" height=\"683\" src=\"https:\/\/contextoanalisisperiodistico.com\/wp-content\/uploads\/2026\/03\/img-20260312-wa01568076645589661742019-1024x683.jpg\" alt=\"\" class=\"wp-image-51949\" srcset=\"https:\/\/contextoanalisisperiodistico.com\/wp-content\/uploads\/2026\/03\/img-20260312-wa01568076645589661742019-1024x683.jpg 1024w, https:\/\/contextoanalisisperiodistico.com\/wp-content\/uploads\/2026\/03\/img-20260312-wa01568076645589661742019-300x200.jpg 300w, https:\/\/contextoanalisisperiodistico.com\/wp-content\/uploads\/2026\/03\/img-20260312-wa01568076645589661742019-768x512.jpg 768w, https:\/\/contextoanalisisperiodistico.com\/wp-content\/uploads\/2026\/03\/img-20260312-wa01568076645589661742019.jpg 1280w\" sizes=\"(max-width: 1024px) 100vw, 1024px\" \/><\/figure>\n\n\n\n<figure class=\"wp-block-image\"><img loading=\"lazy\" decoding=\"async\" width=\"1024\" height=\"683\" src=\"https:\/\/contextoanalisisperiodistico.com\/wp-content\/uploads\/2026\/03\/img-20260312-wa01544372845300668603809-1024x683.jpg\" alt=\"\" class=\"wp-image-51950\" srcset=\"https:\/\/contextoanalisisperiodistico.com\/wp-content\/uploads\/2026\/03\/img-20260312-wa01544372845300668603809-1024x683.jpg 1024w, https:\/\/contextoanalisisperiodistico.com\/wp-content\/uploads\/2026\/03\/img-20260312-wa01544372845300668603809-300x200.jpg 300w, https:\/\/contextoanalisisperiodistico.com\/wp-content\/uploads\/2026\/03\/img-20260312-wa01544372845300668603809-768x512.jpg 768w, https:\/\/contextoanalisisperiodistico.com\/wp-content\/uploads\/2026\/03\/img-20260312-wa01544372845300668603809.jpg 1280w\" sizes=\"(max-width: 1024px) 100vw, 1024px\" \/><\/figure>\n","protected":false},"excerpt":{"rendered":"<p>Oaxaca de Ju\u00e1rez, Oax., 12 de marzo de 2026.\u2013 El Municipio de Oaxaca de Ju\u00e1rez&#8230;<\/p>\n","protected":false},"author":4,"featured_media":51943,"comment_status":"","ping_status":"open","sticky":false,"template":"","format":"standard","meta":{"footnotes":""},"categories":[9],"tags":[353,371,359,380],"jetpack_sharing_enabled":true,"featured_image_urls":{"full":["https:\/\/contextoanalisisperiodistico.com\/wp-content\/uploads\/2026\/03\/IMG-20260312-WA0150.jpg",1280,854,false],"thumbnail":["https:\/\/contextoanalisisperiodistico.com\/wp-content\/uploads\/2026\/03\/IMG-20260312-WA0150-150x150.jpg",150,150,true],"medium":["https:\/\/contextoanalisisperiodistico.com\/wp-content\/uploads\/2026\/03\/IMG-20260312-WA0150-300x200.jpg",300,200,true],"medium_large":["https:\/\/contextoanalisisperiodistico.com\/wp-content\/uploads\/2026\/03\/IMG-20260312-WA0150-768x512.jpg",640,427,true],"large":["https:\/\/contextoanalisisperiodistico.com\/wp-content\/uploads\/2026\/03\/IMG-20260312-WA0150-1024x683.jpg",640,427,true],"1536x1536":["https:\/\/contextoanalisisperiodistico.com\/wp-content\/uploads\/2026\/03\/IMG-20260312-WA0150.jpg",1280,854,false],"2048x2048":["https:\/\/contextoanalisisperiodistico.com\/wp-content\/uploads\/2026\/03\/IMG-20260312-WA0150.jpg",1280,854,false],"covernews-slider-full":["https:\/\/contextoanalisisperiodistico.com\/wp-content\/uploads\/2026\/03\/IMG-20260312-WA0150-1115x715.jpg",1115,715,true],"covernews-slider-center":["https:\/\/contextoanalisisperiodistico.com\/wp-content\/uploads\/2026\/03\/IMG-20260312-WA0150-800x500.jpg",800,500,true],"covernews-featured":["https:\/\/contextoanalisisperiodistico.com\/wp-content\/uploads\/2026\/03\/IMG-20260312-WA0150-1024x683.jpg",1024,683,true],"covernews-medium":["https:\/\/contextoanalisisperiodistico.com\/wp-content\/uploads\/2026\/03\/IMG-20260312-WA0150-540x340.jpg",540,340,true],"covernews-medium-square":["https:\/\/contextoanalisisperiodistico.com\/wp-content\/uploads\/2026\/03\/IMG-20260312-WA0150-400x250.jpg",400,250,true]},"author_info":{"display_name":"Mario Gir\u00f3n","author_link":"https:\/\/contextoanalisisperiodistico.com\/index.php\/author\/director\/"},"category_info":"<a href=\"https:\/\/contextoanalisisperiodistico.com\/index.php\/category\/politica\/\" rel=\"category tag\">Pol\u00edtica<\/a>","tag_info":"Pol\u00edtica","comment_count":"0","jetpack_featured_media_url":"https:\/\/contextoanalisisperiodistico.com\/wp-content\/uploads\/2026\/03\/IMG-20260312-WA0150.jpg","_links":{"self":[{"href":"https:\/\/contextoanalisisperiodistico.com\/index.php\/wp-json\/wp\/v2\/posts\/51951"}],"collection":[{"href":"https:\/\/contextoanalisisperiodistico.com\/index.php\/wp-json\/wp\/v2\/posts"}],"about":[{"href":"https:\/\/contextoanalisisperiodistico.com\/index.php\/wp-json\/wp\/v2\/types\/post"}],"author":[{"embeddable":true,"href":"https:\/\/contextoanalisisperiodistico.com\/index.php\/wp-json\/wp\/v2\/users\/4"}],"replies":[{"embeddable":true,"href":"https:\/\/contextoanalisisperiodistico.com\/index.php\/wp-json\/wp\/v2\/comments?post=51951"}],"version-history":[{"count":0,"href":"https:\/\/contextoanalisisperiodistico.com\/index.php\/wp-json\/wp\/v2\/posts\/51951\/revisions"}],"wp:featuredmedia":[{"embeddable":true,"href":"https:\/\/contextoanalisisperiodistico.com\/index.php\/wp-json\/wp\/v2\/media\/51943"}],"wp:attachment":[{"href":"https:\/\/contextoanalisisperiodistico.com\/index.php\/wp-json\/wp\/v2\/media?parent=51951"}],"wp:term":[{"taxonomy":"category","embeddable":true,"href":"https:\/\/contextoanalisisperiodistico.com\/index.php\/wp-json\/wp\/v2\/categories?post=51951"},{"taxonomy":"post_tag","embeddable":true,"href":"https:\/\/contextoanalisisperiodistico.com\/index.php\/wp-json\/wp\/v2\/tags?post=51951"}],"curies":[{"name":"wp","href":"https:\/\/api.w.org\/{rel}","templated":true}]}}