{"id":51929,"date":"2026-03-12T15:03:00","date_gmt":"2026-03-12T21:03:00","guid":{"rendered":"https:\/\/contextoanalisisperiodistico.com\/index.php\/2026\/03\/12\/firmes-con-la-presidenta-la-ruta-de-la-transformacion-en-oaxaca-tania-caballero\/"},"modified":"2026-03-12T15:23:02","modified_gmt":"2026-03-12T21:23:02","slug":"firmes-con-la-presidenta-la-ruta-de-la-transformacion-en-oaxaca-tania-caballero","status":"publish","type":"post","link":"https:\/\/contextoanalisisperiodistico.com\/index.php\/2026\/03\/12\/firmes-con-la-presidenta-la-ruta-de-la-transformacion-en-oaxaca-tania-caballero\/","title":{"rendered":"Firmes con la Presidenta: la ruta de la transformaci\u00f3n en Oaxaca: Tania Caballero"},"content":{"rendered":"<div id=\"fb-root\"><\/div>\n\n<p>De la alianza progresista, la discusi\u00f3n de la reforma electoral y la necesidad de reducir privilegios a la clase pol\u00edtica, entre otros temas, opina la presidenta de la JUCOPO de la LXVI Legislatura del Estado, Tania Caballero: <\/p>\n\n\n\n<p>\u00abEs lamentable que fuerzas pol\u00edticas con las que durante a\u00f1os se construy\u00f3 una alianza progresista, orientada a impulsar causas sociales y a defender los principios de la transformaci\u00f3n, tomen una ruta distinta\u00bb.<\/p>\n\n\n\n<p>\u00abLa discusi\u00f3n de la reforma electoral dej\u00f3 claro que existen prioridades y visiones diferentes sobre c\u00f3mo avanzar en nuestro proyecto de naci\u00f3n\u00bb.<\/p>\n\n\n\n<p>\u00abCuando lleg\u00f3 el momento de respaldar una reforma orientada a reducir privilegios de la clase pol\u00edtica y avanzar hacia instituciones m\u00e1s austeras, algunos optaron por votar en contra\u00bb.<\/p>\n\n\n\n<p>\u00abLa asignaci\u00f3n de recursos y espacios pol\u00edticos suele ser el espacio donde se ponen a prueba las convicciones, y en este caso vimos que no todos comparten la misma disposici\u00f3n para democratizar nuestro sistema electoral\u00bb.<\/p>\n\n\n\n<p>\u00abEn Oaxaca ya se hab\u00edan observado se\u00f1ales de distanciamiento\u2026\u00bb<\/p>\n\n\n\n<p>\u00abHoy se confirma esa diferencia de prioridades; pero aun as\u00ed, el compromiso de seguir impulsando los cambios que el pa\u00eds necesita se mantiene firme, acompa\u00f1ando la visi\u00f3n de nuestra Presidenta @Claudiasheinbaum\u00bb.<\/p>\n","protected":false},"excerpt":{"rendered":"<p>De la alianza progresista, la discusi\u00f3n de la reforma electoral y la necesidad de reducir&#8230;<\/p>\n","protected":false},"author":4,"featured_media":51928,"comment_status":"closed","ping_status":"open","sticky":false,"template":"","format":"standard","meta":{"footnotes":""},"categories":[6,9],"tags":[210,405,398,377,107],"jetpack_sharing_enabled":true,"featured_image_urls":{"full":["https:\/\/contextoanalisisperiodistico.com\/wp-content\/uploads\/2026\/03\/Screenshot_2026-03-12-14-44-49-27_0b2fce7a16bf2b728d6ffa28c8d60efb.jpg",711,677,false],"thumbnail":["https:\/\/contextoanalisisperiodistico.com\/wp-content\/uploads\/2026\/03\/Screenshot_2026-03-12-14-44-49-27_0b2fce7a16bf2b728d6ffa28c8d60efb-150x150.jpg",150,150,true],"medium":["https:\/\/contextoanalisisperiodistico.com\/wp-content\/uploads\/2026\/03\/Screenshot_2026-03-12-14-44-49-27_0b2fce7a16bf2b728d6ffa28c8d60efb-300x286.jpg",300,286,true],"medium_large":["https:\/\/contextoanalisisperiodistico.com\/wp-content\/uploads\/2026\/03\/Screenshot_2026-03-12-14-44-49-27_0b2fce7a16bf2b728d6ffa28c8d60efb.jpg",640,609,false],"large":["https:\/\/contextoanalisisperiodistico.com\/wp-content\/uploads\/2026\/03\/Screenshot_2026-03-12-14-44-49-27_0b2fce7a16bf2b728d6ffa28c8d60efb.jpg",640,609,false],"1536x1536":["https:\/\/contextoanalisisperiodistico.com\/wp-content\/uploads\/2026\/03\/Screenshot_2026-03-12-14-44-49-27_0b2fce7a16bf2b728d6ffa28c8d60efb.jpg",711,677,false],"2048x2048":["https:\/\/contextoanalisisperiodistico.com\/wp-content\/uploads\/2026\/03\/Screenshot_2026-03-12-14-44-49-27_0b2fce7a16bf2b728d6ffa28c8d60efb.jpg",711,677,false],"covernews-slider-full":["https:\/\/contextoanalisisperiodistico.com\/wp-content\/uploads\/2026\/03\/Screenshot_2026-03-12-14-44-49-27_0b2fce7a16bf2b728d6ffa28c8d60efb.jpg",711,677,false],"covernews-slider-center":["https:\/\/contextoanalisisperiodistico.com\/wp-content\/uploads\/2026\/03\/Screenshot_2026-03-12-14-44-49-27_0b2fce7a16bf2b728d6ffa28c8d60efb-711x500.jpg",711,500,true],"covernews-featured":["https:\/\/contextoanalisisperiodistico.com\/wp-content\/uploads\/2026\/03\/Screenshot_2026-03-12-14-44-49-27_0b2fce7a16bf2b728d6ffa28c8d60efb.jpg",711,677,false],"covernews-medium":["https:\/\/contextoanalisisperiodistico.com\/wp-content\/uploads\/2026\/03\/Screenshot_2026-03-12-14-44-49-27_0b2fce7a16bf2b728d6ffa28c8d60efb-540x340.jpg",540,340,true],"covernews-medium-square":["https:\/\/contextoanalisisperiodistico.com\/wp-content\/uploads\/2026\/03\/Screenshot_2026-03-12-14-44-49-27_0b2fce7a16bf2b728d6ffa28c8d60efb-400x250.jpg",400,250,true]},"author_info":{"display_name":"Mario Gir\u00f3n","author_link":"https:\/\/contextoanalisisperiodistico.com\/index.php\/author\/director\/"},"category_info":"<a href=\"https:\/\/contextoanalisisperiodistico.com\/index.php\/category\/legislatura\/\" rel=\"category tag\">Legislatura<\/a> <a href=\"https:\/\/contextoanalisisperiodistico.com\/index.php\/category\/politica\/\" rel=\"category tag\">Pol\u00edtica<\/a>","tag_info":"Pol\u00edtica","comment_count":"0","jetpack_featured_media_url":"https:\/\/contextoanalisisperiodistico.com\/wp-content\/uploads\/2026\/03\/Screenshot_2026-03-12-14-44-49-27_0b2fce7a16bf2b728d6ffa28c8d60efb.jpg","_links":{"self":[{"href":"https:\/\/contextoanalisisperiodistico.com\/index.php\/wp-json\/wp\/v2\/posts\/51929"}],"collection":[{"href":"https:\/\/contextoanalisisperiodistico.com\/index.php\/wp-json\/wp\/v2\/posts"}],"about":[{"href":"https:\/\/contextoanalisisperiodistico.com\/index.php\/wp-json\/wp\/v2\/types\/post"}],"author":[{"embeddable":true,"href":"https:\/\/contextoanalisisperiodistico.com\/index.php\/wp-json\/wp\/v2\/users\/4"}],"replies":[{"embeddable":true,"href":"https:\/\/contextoanalisisperiodistico.com\/index.php\/wp-json\/wp\/v2\/comments?post=51929"}],"version-history":[{"count":1,"href":"https:\/\/contextoanalisisperiodistico.com\/index.php\/wp-json\/wp\/v2\/posts\/51929\/revisions"}],"predecessor-version":[{"id":51930,"href":"https:\/\/contextoanalisisperiodistico.com\/index.php\/wp-json\/wp\/v2\/posts\/51929\/revisions\/51930"}],"wp:featuredmedia":[{"embeddable":true,"href":"https:\/\/contextoanalisisperiodistico.com\/index.php\/wp-json\/wp\/v2\/media\/51928"}],"wp:attachment":[{"href":"https:\/\/contextoanalisisperiodistico.com\/index.php\/wp-json\/wp\/v2\/media?parent=51929"}],"wp:term":[{"taxonomy":"category","embeddable":true,"href":"https:\/\/contextoanalisisperiodistico.com\/index.php\/wp-json\/wp\/v2\/categories?post=51929"},{"taxonomy":"post_tag","embeddable":true,"href":"https:\/\/contextoanalisisperiodistico.com\/index.php\/wp-json\/wp\/v2\/tags?post=51929"}],"curies":[{"name":"wp","href":"https:\/\/api.w.org\/{rel}","templated":true}]}}