{"id":51914,"date":"2026-03-11T15:03:33","date_gmt":"2026-03-11T21:03:33","guid":{"rendered":"https:\/\/contextoanalisisperiodistico.com\/index.php\/2026\/03\/11\/mas-herramientas-para-cuidar-la-ciudad-ray-chagoya-fortalece-a-parques-y-jardines\/"},"modified":"2026-03-11T15:03:33","modified_gmt":"2026-03-11T21:03:33","slug":"mas-herramientas-para-cuidar-la-ciudad-ray-chagoya-fortalece-a-parques-y-jardines","status":"publish","type":"post","link":"https:\/\/contextoanalisisperiodistico.com\/index.php\/2026\/03\/11\/mas-herramientas-para-cuidar-la-ciudad-ray-chagoya-fortalece-a-parques-y-jardines\/","title":{"rendered":"M\u00e1s herramientas para cuidar la ciudad: Ray Chagoya fortalece a parques y jardines"},"content":{"rendered":"<div id=\"fb-root\"><\/div>\n\n<p>* El presidente municipal, Ray Chagoya, entreg\u00f3 equipamiento y herramientas a las cuadrillas de los sindicatos 3 de Marzo y Aut\u00f3nomo para optimizar el mantenimiento de las \u00e1reas verdes en Oaxaca de Ju\u00e1rez <\/p>\n\n\n\n<figure class=\"wp-block-image size-large\"><img fetchpriority=\"high\" decoding=\"async\" width=\"1024\" height=\"683\" src=\"https:\/\/contextoanalisisperiodistico.com\/wp-content\/uploads\/2026\/03\/img-20260311-wa01124916084012114588506-1024x683.jpg\" alt=\"\" class=\"wp-image-51908\" srcset=\"https:\/\/contextoanalisisperiodistico.com\/wp-content\/uploads\/2026\/03\/img-20260311-wa01124916084012114588506-1024x683.jpg 1024w, https:\/\/contextoanalisisperiodistico.com\/wp-content\/uploads\/2026\/03\/img-20260311-wa01124916084012114588506-300x200.jpg 300w, https:\/\/contextoanalisisperiodistico.com\/wp-content\/uploads\/2026\/03\/img-20260311-wa01124916084012114588506-768x512.jpg 768w, https:\/\/contextoanalisisperiodistico.com\/wp-content\/uploads\/2026\/03\/img-20260311-wa01124916084012114588506.jpg 1440w\" sizes=\"(max-width: 1024px) 100vw, 1024px\" \/><\/figure>\n\n\n\n<figure class=\"wp-block-image\"><img decoding=\"async\" width=\"1024\" height=\"683\" src=\"https:\/\/contextoanalisisperiodistico.com\/wp-content\/uploads\/2026\/03\/img-20260311-wa01152197054349127936840-1024x683.jpg\" alt=\"\" class=\"wp-image-51905\" srcset=\"https:\/\/contextoanalisisperiodistico.com\/wp-content\/uploads\/2026\/03\/img-20260311-wa01152197054349127936840-1024x683.jpg 1024w, https:\/\/contextoanalisisperiodistico.com\/wp-content\/uploads\/2026\/03\/img-20260311-wa01152197054349127936840-300x200.jpg 300w, https:\/\/contextoanalisisperiodistico.com\/wp-content\/uploads\/2026\/03\/img-20260311-wa01152197054349127936840-768x512.jpg 768w, https:\/\/contextoanalisisperiodistico.com\/wp-content\/uploads\/2026\/03\/img-20260311-wa01152197054349127936840.jpg 1280w\" sizes=\"(max-width: 1024px) 100vw, 1024px\" \/><\/figure>\n\n\n\n<figure class=\"wp-block-image\"><img decoding=\"async\" width=\"1024\" height=\"683\" src=\"https:\/\/contextoanalisisperiodistico.com\/wp-content\/uploads\/2026\/03\/img-20260311-wa0114271161372611778391-1024x683.jpg\" alt=\"\" class=\"wp-image-51907\" srcset=\"https:\/\/contextoanalisisperiodistico.com\/wp-content\/uploads\/2026\/03\/img-20260311-wa0114271161372611778391-1024x683.jpg 1024w, https:\/\/contextoanalisisperiodistico.com\/wp-content\/uploads\/2026\/03\/img-20260311-wa0114271161372611778391-300x200.jpg 300w, https:\/\/contextoanalisisperiodistico.com\/wp-content\/uploads\/2026\/03\/img-20260311-wa0114271161372611778391-768x512.jpg 768w, https:\/\/contextoanalisisperiodistico.com\/wp-content\/uploads\/2026\/03\/img-20260311-wa0114271161372611778391.jpg 1280w\" sizes=\"(max-width: 1024px) 100vw, 1024px\" \/><\/figure>\n\n\n\n<figure class=\"wp-block-image\"><img loading=\"lazy\" decoding=\"async\" width=\"1024\" height=\"683\" src=\"https:\/\/contextoanalisisperiodistico.com\/wp-content\/uploads\/2026\/03\/img-20260311-wa01136103116952637828543-1024x683.jpg\" alt=\"\" class=\"wp-image-51906\" srcset=\"https:\/\/contextoanalisisperiodistico.com\/wp-content\/uploads\/2026\/03\/img-20260311-wa01136103116952637828543-1024x683.jpg 1024w, https:\/\/contextoanalisisperiodistico.com\/wp-content\/uploads\/2026\/03\/img-20260311-wa01136103116952637828543-300x200.jpg 300w, https:\/\/contextoanalisisperiodistico.com\/wp-content\/uploads\/2026\/03\/img-20260311-wa01136103116952637828543-768x512.jpg 768w, https:\/\/contextoanalisisperiodistico.com\/wp-content\/uploads\/2026\/03\/img-20260311-wa01136103116952637828543.jpg 1280w\" sizes=\"(max-width: 1024px) 100vw, 1024px\" \/><\/figure>\n\n\n\n<figure class=\"wp-block-image\"><img loading=\"lazy\" decoding=\"async\" width=\"1024\" height=\"683\" src=\"https:\/\/contextoanalisisperiodistico.com\/wp-content\/uploads\/2026\/03\/img-20260311-wa01077876066476520819286-1024x683.jpg\" alt=\"\" class=\"wp-image-51909\" srcset=\"https:\/\/contextoanalisisperiodistico.com\/wp-content\/uploads\/2026\/03\/img-20260311-wa01077876066476520819286-1024x683.jpg 1024w, https:\/\/contextoanalisisperiodistico.com\/wp-content\/uploads\/2026\/03\/img-20260311-wa01077876066476520819286-300x200.jpg 300w, https:\/\/contextoanalisisperiodistico.com\/wp-content\/uploads\/2026\/03\/img-20260311-wa01077876066476520819286-768x512.jpg 768w, https:\/\/contextoanalisisperiodistico.com\/wp-content\/uploads\/2026\/03\/img-20260311-wa01077876066476520819286.jpg 1280w\" sizes=\"(max-width: 1024px) 100vw, 1024px\" \/><\/figure>\n\n\n\n<figure class=\"wp-block-image\"><img loading=\"lazy\" decoding=\"async\" width=\"1024\" height=\"683\" src=\"https:\/\/contextoanalisisperiodistico.com\/wp-content\/uploads\/2026\/03\/img-20260311-wa01086943408857330140330-1024x683.jpg\" alt=\"\" class=\"wp-image-51910\" srcset=\"https:\/\/contextoanalisisperiodistico.com\/wp-content\/uploads\/2026\/03\/img-20260311-wa01086943408857330140330-1024x683.jpg 1024w, https:\/\/contextoanalisisperiodistico.com\/wp-content\/uploads\/2026\/03\/img-20260311-wa01086943408857330140330-300x200.jpg 300w, https:\/\/contextoanalisisperiodistico.com\/wp-content\/uploads\/2026\/03\/img-20260311-wa01086943408857330140330-768x512.jpg 768w, https:\/\/contextoanalisisperiodistico.com\/wp-content\/uploads\/2026\/03\/img-20260311-wa01086943408857330140330.jpg 1280w\" sizes=\"(max-width: 1024px) 100vw, 1024px\" \/><\/figure>\n\n\n\n<figure class=\"wp-block-image\"><img loading=\"lazy\" decoding=\"async\" width=\"1024\" height=\"683\" src=\"https:\/\/contextoanalisisperiodistico.com\/wp-content\/uploads\/2026\/03\/img-20260311-wa01096777128431132831883-1024x683.jpg\" alt=\"\" class=\"wp-image-51913\" srcset=\"https:\/\/contextoanalisisperiodistico.com\/wp-content\/uploads\/2026\/03\/img-20260311-wa01096777128431132831883-1024x683.jpg 1024w, https:\/\/contextoanalisisperiodistico.com\/wp-content\/uploads\/2026\/03\/img-20260311-wa01096777128431132831883-300x200.jpg 300w, https:\/\/contextoanalisisperiodistico.com\/wp-content\/uploads\/2026\/03\/img-20260311-wa01096777128431132831883-768x512.jpg 768w, https:\/\/contextoanalisisperiodistico.com\/wp-content\/uploads\/2026\/03\/img-20260311-wa01096777128431132831883.jpg 1280w\" sizes=\"(max-width: 1024px) 100vw, 1024px\" \/><\/figure>\n\n\n\n<figure class=\"wp-block-image\"><img loading=\"lazy\" decoding=\"async\" width=\"1024\" height=\"683\" src=\"https:\/\/contextoanalisisperiodistico.com\/wp-content\/uploads\/2026\/03\/img-20260311-wa01111092737914379831856-1024x683.jpg\" alt=\"\" class=\"wp-image-51912\" srcset=\"https:\/\/contextoanalisisperiodistico.com\/wp-content\/uploads\/2026\/03\/img-20260311-wa01111092737914379831856-1024x683.jpg 1024w, https:\/\/contextoanalisisperiodistico.com\/wp-content\/uploads\/2026\/03\/img-20260311-wa01111092737914379831856-300x200.jpg 300w, https:\/\/contextoanalisisperiodistico.com\/wp-content\/uploads\/2026\/03\/img-20260311-wa01111092737914379831856-768x512.jpg 768w, https:\/\/contextoanalisisperiodistico.com\/wp-content\/uploads\/2026\/03\/img-20260311-wa01111092737914379831856.jpg 1280w\" sizes=\"(max-width: 1024px) 100vw, 1024px\" \/><\/figure>\n\n\n\n<figure class=\"wp-block-image\"><img loading=\"lazy\" decoding=\"async\" width=\"300\" height=\"200\" src=\"https:\/\/contextoanalisisperiodistico.com\/wp-content\/uploads\/2026\/03\/img-20260311-wa01106869440508374193132-300x200.jpg\" alt=\"\" class=\"wp-image-51911\" srcset=\"https:\/\/contextoanalisisperiodistico.com\/wp-content\/uploads\/2026\/03\/img-20260311-wa01106869440508374193132-300x200.jpg 300w, https:\/\/contextoanalisisperiodistico.com\/wp-content\/uploads\/2026\/03\/img-20260311-wa01106869440508374193132-768x512.jpg 768w, https:\/\/contextoanalisisperiodistico.com\/wp-content\/uploads\/2026\/03\/img-20260311-wa01106869440508374193132.jpg 853w\" sizes=\"(max-width: 300px) 100vw, 300px\" \/><\/figure>\n\n\n\n<p>Oaxaca de Ju\u00e1rez, Oax., 11 de marzo de 2026.\u2013 Con el objetivo de fortalecer el mantenimiento y cuidado de los espacios p\u00fablicos de la capital, el presidente municipal Ray Chagoya encabez\u00f3 la entrega de herramientas y equipamiento al personal del \u00e1rea de Parques y Jardines de los Sindicatos 3 de Marzo y Aut\u00f3nomo.<\/p>\n\n\n\n<p>Durante el acto, el edil reconoci\u00f3 la labor que realizan diariamente las trabajadoras y trabajadores encargados del mantenimiento de parques, camellones y jardines de la ciudad, destacando que su esfuerzo permite que las familias cuenten con espacios limpios, seguros y dignos para la convivencia.<\/p>\n\n\n\n<p>\u201cSu trabajo es fundamental. Gracias a ustedes los espacios donde conviven las familias, hacen deporte y pasan tiempo juntos se mantienen en buen estado\u201d, expres\u00f3 el presidente municipal.<\/p>\n\n\n\n<p>Como parte de esta entrega se distribuyeron herramientas manuales para labores de limpieza y mantenimiento de \u00e1reas verdes, entre ellas machetes, limas, barretones y carretillas, as\u00ed como equipo para poda, motosierras, desbrozadoras, aceite para maquinaria, equipo de protecci\u00f3n e insumos diversos que facilitan el trabajo de las cuadrillas.<\/p>\n\n\n\n<p>Con estas acciones, el Gobierno Municipal reafirma su compromiso de fortalecer las condiciones de trabajo del personal operativo, reconociendo su esfuerzo diario para mantener en buen estado los espacios p\u00fablicos de Oaxaca de Ju\u00e1rez.<\/p>\n\n\n\n<p>El presidente municipal destac\u00f3 que seguir\u00e1n impulsando acciones que permitan consolidar una ciudad limpia, ordenada y con espacios p\u00fablicos bien cuidados, en beneficio de las vecinas y vecinos de la capital.<\/p>\n\n\n\n<p>\u201cVamos a seguir fortaleciendo a quienes hacen posible que Oaxaca de Ju\u00e1rez sea una ciudad limpia y con espacios p\u00fablicos bien cuidados. Trabajo que se ve, cambios que se sienten\u201d, concluy\u00f3.<\/p>\n","protected":false},"excerpt":{"rendered":"<p>* El presidente municipal, Ray Chagoya, entreg\u00f3 equipamiento y herramientas a las cuadrillas de los&#8230;<\/p>\n","protected":false},"author":4,"featured_media":51904,"comment_status":"","ping_status":"open","sticky":false,"template":"","format":"standard","meta":{"footnotes":""},"categories":[9],"tags":[316,353,371,359,380],"jetpack_sharing_enabled":true,"featured_image_urls":{"full":["https:\/\/contextoanalisisperiodistico.com\/wp-content\/uploads\/2026\/03\/IMG-20260311-WA0106.jpg",1280,854,false],"thumbnail":["https:\/\/contextoanalisisperiodistico.com\/wp-content\/uploads\/2026\/03\/IMG-20260311-WA0106-150x150.jpg",150,150,true],"medium":["https:\/\/contextoanalisisperiodistico.com\/wp-content\/uploads\/2026\/03\/IMG-20260311-WA0106-300x200.jpg",300,200,true],"medium_large":["https:\/\/contextoanalisisperiodistico.com\/wp-content\/uploads\/2026\/03\/IMG-20260311-WA0106-768x512.jpg",640,427,true],"large":["https:\/\/contextoanalisisperiodistico.com\/wp-content\/uploads\/2026\/03\/IMG-20260311-WA0106-1024x683.jpg",640,427,true],"1536x1536":["https:\/\/contextoanalisisperiodistico.com\/wp-content\/uploads\/2026\/03\/IMG-20260311-WA0106.jpg",1280,854,false],"2048x2048":["https:\/\/contextoanalisisperiodistico.com\/wp-content\/uploads\/2026\/03\/IMG-20260311-WA0106.jpg",1280,854,false],"covernews-slider-full":["https:\/\/contextoanalisisperiodistico.com\/wp-content\/uploads\/2026\/03\/IMG-20260311-WA0106-1115x715.jpg",1115,715,true],"covernews-slider-center":["https:\/\/contextoanalisisperiodistico.com\/wp-content\/uploads\/2026\/03\/IMG-20260311-WA0106-800x500.jpg",800,500,true],"covernews-featured":["https:\/\/contextoanalisisperiodistico.com\/wp-content\/uploads\/2026\/03\/IMG-20260311-WA0106-1024x683.jpg",1024,683,true],"covernews-medium":["https:\/\/contextoanalisisperiodistico.com\/wp-content\/uploads\/2026\/03\/IMG-20260311-WA0106-540x340.jpg",540,340,true],"covernews-medium-square":["https:\/\/contextoanalisisperiodistico.com\/wp-content\/uploads\/2026\/03\/IMG-20260311-WA0106-400x250.jpg",400,250,true]},"author_info":{"display_name":"Mario Gir\u00f3n","author_link":"https:\/\/contextoanalisisperiodistico.com\/index.php\/author\/director\/"},"category_info":"<a href=\"https:\/\/contextoanalisisperiodistico.com\/index.php\/category\/politica\/\" rel=\"category tag\">Pol\u00edtica<\/a>","tag_info":"Pol\u00edtica","comment_count":"0","jetpack_featured_media_url":"https:\/\/contextoanalisisperiodistico.com\/wp-content\/uploads\/2026\/03\/IMG-20260311-WA0106.jpg","_links":{"self":[{"href":"https:\/\/contextoanalisisperiodistico.com\/index.php\/wp-json\/wp\/v2\/posts\/51914"}],"collection":[{"href":"https:\/\/contextoanalisisperiodistico.com\/index.php\/wp-json\/wp\/v2\/posts"}],"about":[{"href":"https:\/\/contextoanalisisperiodistico.com\/index.php\/wp-json\/wp\/v2\/types\/post"}],"author":[{"embeddable":true,"href":"https:\/\/contextoanalisisperiodistico.com\/index.php\/wp-json\/wp\/v2\/users\/4"}],"replies":[{"embeddable":true,"href":"https:\/\/contextoanalisisperiodistico.com\/index.php\/wp-json\/wp\/v2\/comments?post=51914"}],"version-history":[{"count":0,"href":"https:\/\/contextoanalisisperiodistico.com\/index.php\/wp-json\/wp\/v2\/posts\/51914\/revisions"}],"wp:featuredmedia":[{"embeddable":true,"href":"https:\/\/contextoanalisisperiodistico.com\/index.php\/wp-json\/wp\/v2\/media\/51904"}],"wp:attachment":[{"href":"https:\/\/contextoanalisisperiodistico.com\/index.php\/wp-json\/wp\/v2\/media?parent=51914"}],"wp:term":[{"taxonomy":"category","embeddable":true,"href":"https:\/\/contextoanalisisperiodistico.com\/index.php\/wp-json\/wp\/v2\/categories?post=51914"},{"taxonomy":"post_tag","embeddable":true,"href":"https:\/\/contextoanalisisperiodistico.com\/index.php\/wp-json\/wp\/v2\/tags?post=51914"}],"curies":[{"name":"wp","href":"https:\/\/api.w.org\/{rel}","templated":true}]}}