{"id":51902,"date":"2026-03-11T12:59:13","date_gmt":"2026-03-11T18:59:13","guid":{"rendered":"https:\/\/contextoanalisisperiodistico.com\/index.php\/2026\/03\/11\/morena-oaxaca-reprueba-falta-de-apoyo-del-pt-a-la-reforma-electoral-de-claudia-sheinbaum\/"},"modified":"2026-03-11T12:59:13","modified_gmt":"2026-03-11T18:59:13","slug":"morena-oaxaca-reprueba-falta-de-apoyo-del-pt-a-la-reforma-electoral-de-claudia-sheinbaum","status":"publish","type":"post","link":"https:\/\/contextoanalisisperiodistico.com\/index.php\/2026\/03\/11\/morena-oaxaca-reprueba-falta-de-apoyo-del-pt-a-la-reforma-electoral-de-claudia-sheinbaum\/","title":{"rendered":"Morena Oaxaca reprueba falta de apoyo del PT a la Reforma Electoral de Claudia Sheinbaum"},"content":{"rendered":"<div id=\"fb-root\"><\/div>\n\n<p>*Alejandro Velasco Armas, dirigente estatal de Morena, se\u00f1al\u00f3 que el PT se opone a la Reforma Electoral para proteger cargos plurinominales y privilegios familiares<\/p>\n\n\n\n<p>Oaxaca de Ju\u00e1rez a 11 de marzo de 2026.- El partido Morena en Oaxaca, reprob\u00f3 que el PT a nivel nacional y estatal no acompa\u00f1e la Reforma Electoral que propuso la presidenta Claudia Sheinbaum Pardo, de acuerdo a declaraciones de su dirigente Alejandro Velasco Armas, entrevistado este d\u00eda en conocido espacio radiof\u00f3nico en la entidad.<\/p>\n\n\n\n<p>Ellos serian los mas afectados, siempre han llegado a cargos por la v\u00eda plurinominal, el y familiares, se han perpetuado en el poder sin haber recibido un solo voto de la ciudadan\u00eda, es explicable &#8211; dijo- que el \u201cdue\u00f1o del PT en Oaxaca, Benjamin Robles Montoya, no apoya la Reforma Electoral, que le quitar\u00eda de sus acostumbrados cargos para el, su esposa y su hijo y los obligar\u00eda a preguntarle al pueblo si esta de acuerdo en que ocupen una curul.\u201d<\/p>\n\n\n\n<p>En Oaxaca , ustedes ha sido testigos de c\u00f3mo el PT act\u00faa como una franquicia , pues su l\u00edder , o su due\u00f1o seg\u00fan sus propios militantes , se ha prolongado en el poder, sin explicarle a la gente que hoy ante la reforma ser\u00eda uno de los m\u00e1s afectados, se\u00f1al\u00f3.<\/p>\n\n\n\n<p>Por su ambici\u00f3n de poder est\u00e1 en contra incluso de la Presidenta de la Rep\u00fablica, Claudia Sheinbaum Pardo y se niega a apoyar esta propuesta, abund\u00f3 el presidente estatal del partido Morena en evidente referencia al dirigente del Partido del Trabajo en Oaxaca.<\/p>\n\n\n\n<p>Morena es el \u00fanico partido que acompa\u00f1a y respalda a la Presidenta de la Rep\u00fablica en la propuesta de Reforma Electoral, que consiste en disminuir los recursos destinados a los procesos electorales, transparentar lo destinado a campa\u00f1as y ampliar la participaci\u00f3n de migrantes a fin de que sean representados plenamente.<\/p>\n\n\n\n<p>En morena estamos de lado de la gente, vamos a acompa\u00f1ar la Reforma Electoral, en un ejercicio congruente, porque la gente ha demandado que los gastos ahorrados, se destinen a salud, educaci\u00f3n y otros rubros elementales, aunque esto no sea del agrado del PT, explic\u00f3 Alejandro Velasco Armas.<\/p>\n","protected":false},"excerpt":{"rendered":"<p>*Alejandro Velasco Armas, dirigente estatal de Morena, se\u00f1al\u00f3 que el PT se opone a la&#8230;<\/p>\n","protected":false},"author":4,"featured_media":51901,"comment_status":"","ping_status":"open","sticky":false,"template":"","format":"standard","meta":{"footnotes":""},"categories":[9],"tags":[403,404,398,232,402,397],"jetpack_sharing_enabled":true,"featured_image_urls":{"full":["https:\/\/contextoanalisisperiodistico.com\/wp-content\/uploads\/2026\/03\/IMG-20260311-WA0065.jpg",1600,1066,false],"thumbnail":["https:\/\/contextoanalisisperiodistico.com\/wp-content\/uploads\/2026\/03\/IMG-20260311-WA0065-150x150.jpg",150,150,true],"medium":["https:\/\/contextoanalisisperiodistico.com\/wp-content\/uploads\/2026\/03\/IMG-20260311-WA0065-300x200.jpg",300,200,true],"medium_large":["https:\/\/contextoanalisisperiodistico.com\/wp-content\/uploads\/2026\/03\/IMG-20260311-WA0065-768x512.jpg",640,427,true],"large":["https:\/\/contextoanalisisperiodistico.com\/wp-content\/uploads\/2026\/03\/IMG-20260311-WA0065-1024x682.jpg",640,426,true],"1536x1536":["https:\/\/contextoanalisisperiodistico.com\/wp-content\/uploads\/2026\/03\/IMG-20260311-WA0065-1536x1023.jpg",1536,1023,true],"2048x2048":["https:\/\/contextoanalisisperiodistico.com\/wp-content\/uploads\/2026\/03\/IMG-20260311-WA0065.jpg",1600,1066,false],"covernews-slider-full":["https:\/\/contextoanalisisperiodistico.com\/wp-content\/uploads\/2026\/03\/IMG-20260311-WA0065-1115x715.jpg",1115,715,true],"covernews-slider-center":["https:\/\/contextoanalisisperiodistico.com\/wp-content\/uploads\/2026\/03\/IMG-20260311-WA0065-800x500.jpg",800,500,true],"covernews-featured":["https:\/\/contextoanalisisperiodistico.com\/wp-content\/uploads\/2026\/03\/IMG-20260311-WA0065-1024x682.jpg",1024,682,true],"covernews-medium":["https:\/\/contextoanalisisperiodistico.com\/wp-content\/uploads\/2026\/03\/IMG-20260311-WA0065-540x340.jpg",540,340,true],"covernews-medium-square":["https:\/\/contextoanalisisperiodistico.com\/wp-content\/uploads\/2026\/03\/IMG-20260311-WA0065-400x250.jpg",400,250,true]},"author_info":{"display_name":"Mario Gir\u00f3n","author_link":"https:\/\/contextoanalisisperiodistico.com\/index.php\/author\/director\/"},"category_info":"<a href=\"https:\/\/contextoanalisisperiodistico.com\/index.php\/category\/politica\/\" rel=\"category tag\">Pol\u00edtica<\/a>","tag_info":"Pol\u00edtica","comment_count":"0","jetpack_featured_media_url":"https:\/\/contextoanalisisperiodistico.com\/wp-content\/uploads\/2026\/03\/IMG-20260311-WA0065.jpg","_links":{"self":[{"href":"https:\/\/contextoanalisisperiodistico.com\/index.php\/wp-json\/wp\/v2\/posts\/51902"}],"collection":[{"href":"https:\/\/contextoanalisisperiodistico.com\/index.php\/wp-json\/wp\/v2\/posts"}],"about":[{"href":"https:\/\/contextoanalisisperiodistico.com\/index.php\/wp-json\/wp\/v2\/types\/post"}],"author":[{"embeddable":true,"href":"https:\/\/contextoanalisisperiodistico.com\/index.php\/wp-json\/wp\/v2\/users\/4"}],"replies":[{"embeddable":true,"href":"https:\/\/contextoanalisisperiodistico.com\/index.php\/wp-json\/wp\/v2\/comments?post=51902"}],"version-history":[{"count":0,"href":"https:\/\/contextoanalisisperiodistico.com\/index.php\/wp-json\/wp\/v2\/posts\/51902\/revisions"}],"wp:featuredmedia":[{"embeddable":true,"href":"https:\/\/contextoanalisisperiodistico.com\/index.php\/wp-json\/wp\/v2\/media\/51901"}],"wp:attachment":[{"href":"https:\/\/contextoanalisisperiodistico.com\/index.php\/wp-json\/wp\/v2\/media?parent=51902"}],"wp:term":[{"taxonomy":"category","embeddable":true,"href":"https:\/\/contextoanalisisperiodistico.com\/index.php\/wp-json\/wp\/v2\/categories?post=51902"},{"taxonomy":"post_tag","embeddable":true,"href":"https:\/\/contextoanalisisperiodistico.com\/index.php\/wp-json\/wp\/v2\/tags?post=51902"}],"curies":[{"name":"wp","href":"https:\/\/api.w.org\/{rel}","templated":true}]}}