{"id":51900,"date":"2026-03-10T18:41:43","date_gmt":"2026-03-11T00:41:43","guid":{"rendered":"https:\/\/contextoanalisisperiodistico.com\/index.php\/2026\/03\/10\/compromiso-cumplido-salomon-jara-da-luz-verde-a-163-proyectos-bienestar\/"},"modified":"2026-03-10T18:41:43","modified_gmt":"2026-03-11T00:41:43","slug":"compromiso-cumplido-salomon-jara-da-luz-verde-a-163-proyectos-bienestar","status":"publish","type":"post","link":"https:\/\/contextoanalisisperiodistico.com\/index.php\/2026\/03\/10\/compromiso-cumplido-salomon-jara-da-luz-verde-a-163-proyectos-bienestar\/","title":{"rendered":"Compromiso cumplido: Salom\u00f3n Jara da luz verde a 163 proyectos bienestar"},"content":{"rendered":"<div id=\"fb-root\"><\/div>\n\n<p>\u2022 Con una inversi\u00f3n mayor a 283 mdp el Gobierno Estatal mejora la calidad de vida en 66 municipios de las ocho regiones<\/p>\n\n\n\n<figure class=\"wp-block-image size-large\"><img fetchpriority=\"high\" decoding=\"async\" width=\"1012\" height=\"675\" src=\"https:\/\/contextoanalisisperiodistico.com\/wp-content\/uploads\/2026\/03\/img-20260310-wa00772832063133949484362.jpg\" alt=\"\" class=\"wp-image-51899\" srcset=\"https:\/\/contextoanalisisperiodistico.com\/wp-content\/uploads\/2026\/03\/img-20260310-wa00772832063133949484362.jpg 1012w, https:\/\/contextoanalisisperiodistico.com\/wp-content\/uploads\/2026\/03\/img-20260310-wa00772832063133949484362-300x200.jpg 300w, https:\/\/contextoanalisisperiodistico.com\/wp-content\/uploads\/2026\/03\/img-20260310-wa00772832063133949484362-768x512.jpg 768w\" sizes=\"(max-width: 1012px) 100vw, 1012px\" \/><\/figure>\n\n\n\n<figure class=\"wp-block-image\"><img decoding=\"async\" width=\"300\" height=\"200\" src=\"https:\/\/contextoanalisisperiodistico.com\/wp-content\/uploads\/2026\/03\/img-20260310-wa00753308282906417513654-300x200.jpg\" alt=\"\" class=\"wp-image-51897\" srcset=\"https:\/\/contextoanalisisperiodistico.com\/wp-content\/uploads\/2026\/03\/img-20260310-wa00753308282906417513654-300x200.jpg 300w, https:\/\/contextoanalisisperiodistico.com\/wp-content\/uploads\/2026\/03\/img-20260310-wa00753308282906417513654-768x513.jpg 768w, https:\/\/contextoanalisisperiodistico.com\/wp-content\/uploads\/2026\/03\/img-20260310-wa00753308282906417513654.jpg 1004w\" sizes=\"(max-width: 300px) 100vw, 300px\" \/><\/figure>\n\n\n\n<figure class=\"wp-block-image\"><img decoding=\"async\" width=\"1024\" height=\"683\" src=\"https:\/\/contextoanalisisperiodistico.com\/wp-content\/uploads\/2026\/03\/img-20260310-wa00761816648123834080443-1024x683.jpg\" alt=\"\" class=\"wp-image-51898\" srcset=\"https:\/\/contextoanalisisperiodistico.com\/wp-content\/uploads\/2026\/03\/img-20260310-wa00761816648123834080443-1024x683.jpg 1024w, https:\/\/contextoanalisisperiodistico.com\/wp-content\/uploads\/2026\/03\/img-20260310-wa00761816648123834080443-300x200.jpg 300w, https:\/\/contextoanalisisperiodistico.com\/wp-content\/uploads\/2026\/03\/img-20260310-wa00761816648123834080443-768x512.jpg 768w, https:\/\/contextoanalisisperiodistico.com\/wp-content\/uploads\/2026\/03\/img-20260310-wa00761816648123834080443.jpg 1280w\" sizes=\"(max-width: 1024px) 100vw, 1024px\" \/><\/figure>\n\n\n\n<p>Oaxaca de Ju\u00e1rez, Oax. 10 de marzo de 2026.- En un acto hist\u00f3rico el Gobernador Salom\u00f3n Jara Cruz entreg\u00f3 de manera p\u00fablica en Palacio de Gobierno 163 oficios de autorizaci\u00f3n de recursos para proyectos de construcci\u00f3n de obras bienestar en comunidades de Oaxaca.<\/p>\n\n\n\n<p>Al dirigirse a las autoridades municipales, el Mandatario estatal remarc\u00f3 que esta acci\u00f3n garantiza la liberaci\u00f3n inmediata de recurso p\u00fablico, el cual asciende a m\u00e1s de 283 millones de pesos en beneficio de 66 demarcaciones.<\/p>\n\n\n\n<p>\u201cSon compromisos que nosotros efectuamos, no vemos color, a nuestro gobierno le interesa el bienestar de nuestro estado, Oaxaca tiene que salir adelante trabajando juntos, hoy nos re\u00fane este objetivo com\u00fan\u201d, afirm\u00f3.<\/p>\n\n\n\n<p>Jara Cruz se\u00f1al\u00f3 que la entrega de esta documentaci\u00f3n se enmarca en las estrategias Trabajo que Transforma tu Municipio y Atenci\u00f3n a 100 Municipios Territorios Bienestar, en las cuales se han concretado los compromisos que hoy son una realidad.<\/p>\n\n\n\n<p>Como acto simb\u00f3lico el Gobernador de Oaxaca entreg\u00f3 los oficios de autorizaci\u00f3n a los ediles: Adalberto Vel\u00e1zquez L\u00f3pez de la Heroica Villa de San Blas Atempa; Isidro C\u00e9sar Figueroa Jim\u00e9nez de la Heroica Ciudad de Miahuatl\u00e1n de Porfirio D\u00edaz; y Eder Mu\u00f1oz Pe\u00f1a de Villa de Tututepec de Melchor Ocampo.<\/p>\n\n\n\n<p>Por su parte el secretario de Finanzas, Farid Acevedo L\u00f3pez inform\u00f3 que a trav\u00e9s de este ejercicio de transparencia y coinversi\u00f3n las autoridades plantean de manera directa las necesidades de sus comunidades y agencias, lo que ha permitido la construcci\u00f3n de 77 aulas, 24 techados, 16 sanitarios entre otras obras.<\/p>\n\n\n\n<p>Asimismo, en representaci\u00f3n de las juventudes oaxaque\u00f1as la alumna Ami Atziri Cruz Hern\u00e1ndez agradeci\u00f3 al Mandatario Estatal la construcci\u00f3n de infraestructura educativa, la cual garantiza mejores condiciones para el desarrollo del alumnado.<\/p>\n\n\n\n<p>-0-<\/p>\n","protected":false},"excerpt":{"rendered":"<p>\u2022 Con una inversi\u00f3n mayor a 283 mdp el Gobierno Estatal mejora la calidad de&#8230;<\/p>\n","protected":false},"author":4,"featured_media":51896,"comment_status":"","ping_status":"open","sticky":false,"template":"","format":"standard","meta":{"footnotes":""},"categories":[9],"tags":[316],"jetpack_sharing_enabled":true,"featured_image_urls":{"full":["https:\/\/contextoanalisisperiodistico.com\/wp-content\/uploads\/2026\/03\/IMG-20260310-WA0074.jpg",857,594,false],"thumbnail":["https:\/\/contextoanalisisperiodistico.com\/wp-content\/uploads\/2026\/03\/IMG-20260310-WA0074-150x150.jpg",150,150,true],"medium":["https:\/\/contextoanalisisperiodistico.com\/wp-content\/uploads\/2026\/03\/IMG-20260310-WA0074-300x208.jpg",300,208,true],"medium_large":["https:\/\/contextoanalisisperiodistico.com\/wp-content\/uploads\/2026\/03\/IMG-20260310-WA0074-768x532.jpg",640,443,true],"large":["https:\/\/contextoanalisisperiodistico.com\/wp-content\/uploads\/2026\/03\/IMG-20260310-WA0074.jpg",640,444,false],"1536x1536":["https:\/\/contextoanalisisperiodistico.com\/wp-content\/uploads\/2026\/03\/IMG-20260310-WA0074.jpg",857,594,false],"2048x2048":["https:\/\/contextoanalisisperiodistico.com\/wp-content\/uploads\/2026\/03\/IMG-20260310-WA0074.jpg",857,594,false],"covernews-slider-full":["https:\/\/contextoanalisisperiodistico.com\/wp-content\/uploads\/2026\/03\/IMG-20260310-WA0074.jpg",857,594,false],"covernews-slider-center":["https:\/\/contextoanalisisperiodistico.com\/wp-content\/uploads\/2026\/03\/IMG-20260310-WA0074-800x500.jpg",800,500,true],"covernews-featured":["https:\/\/contextoanalisisperiodistico.com\/wp-content\/uploads\/2026\/03\/IMG-20260310-WA0074.jpg",857,594,false],"covernews-medium":["https:\/\/contextoanalisisperiodistico.com\/wp-content\/uploads\/2026\/03\/IMG-20260310-WA0074-540x340.jpg",540,340,true],"covernews-medium-square":["https:\/\/contextoanalisisperiodistico.com\/wp-content\/uploads\/2026\/03\/IMG-20260310-WA0074-400x250.jpg",400,250,true]},"author_info":{"display_name":"Mario Gir\u00f3n","author_link":"https:\/\/contextoanalisisperiodistico.com\/index.php\/author\/director\/"},"category_info":"<a href=\"https:\/\/contextoanalisisperiodistico.com\/index.php\/category\/politica\/\" rel=\"category tag\">Pol\u00edtica<\/a>","tag_info":"Pol\u00edtica","comment_count":"0","jetpack_featured_media_url":"https:\/\/contextoanalisisperiodistico.com\/wp-content\/uploads\/2026\/03\/IMG-20260310-WA0074.jpg","_links":{"self":[{"href":"https:\/\/contextoanalisisperiodistico.com\/index.php\/wp-json\/wp\/v2\/posts\/51900"}],"collection":[{"href":"https:\/\/contextoanalisisperiodistico.com\/index.php\/wp-json\/wp\/v2\/posts"}],"about":[{"href":"https:\/\/contextoanalisisperiodistico.com\/index.php\/wp-json\/wp\/v2\/types\/post"}],"author":[{"embeddable":true,"href":"https:\/\/contextoanalisisperiodistico.com\/index.php\/wp-json\/wp\/v2\/users\/4"}],"replies":[{"embeddable":true,"href":"https:\/\/contextoanalisisperiodistico.com\/index.php\/wp-json\/wp\/v2\/comments?post=51900"}],"version-history":[{"count":0,"href":"https:\/\/contextoanalisisperiodistico.com\/index.php\/wp-json\/wp\/v2\/posts\/51900\/revisions"}],"wp:featuredmedia":[{"embeddable":true,"href":"https:\/\/contextoanalisisperiodistico.com\/index.php\/wp-json\/wp\/v2\/media\/51896"}],"wp:attachment":[{"href":"https:\/\/contextoanalisisperiodistico.com\/index.php\/wp-json\/wp\/v2\/media?parent=51900"}],"wp:term":[{"taxonomy":"category","embeddable":true,"href":"https:\/\/contextoanalisisperiodistico.com\/index.php\/wp-json\/wp\/v2\/categories?post=51900"},{"taxonomy":"post_tag","embeddable":true,"href":"https:\/\/contextoanalisisperiodistico.com\/index.php\/wp-json\/wp\/v2\/tags?post=51900"}],"curies":[{"name":"wp","href":"https:\/\/api.w.org\/{rel}","templated":true}]}}