{"id":51895,"date":"2026-03-10T18:37:21","date_gmt":"2026-03-11T00:37:21","guid":{"rendered":"https:\/\/contextoanalisisperiodistico.com\/index.php\/2026\/03\/10\/poder-legislativo-otorga-medalla-juana-catalina-egana-a-cinco-mujeres-oaxaquenas-destacadas\/"},"modified":"2026-03-10T18:37:21","modified_gmt":"2026-03-11T00:37:21","slug":"poder-legislativo-otorga-medalla-juana-catalina-egana-a-cinco-mujeres-oaxaquenas-destacadas","status":"publish","type":"post","link":"https:\/\/contextoanalisisperiodistico.com\/index.php\/2026\/03\/10\/poder-legislativo-otorga-medalla-juana-catalina-egana-a-cinco-mujeres-oaxaquenas-destacadas\/","title":{"rendered":"Poder Legislativo otorga medalla \u201cJuana Catalina Ega\u00f1a\u201d a cinco mujeres oaxaque\u00f1as destacadas"},"content":{"rendered":"<div id=\"fb-root\"><\/div>\n\n<p>\u2022 Se reconocieron aportaciones en los \u00e1mbitos social, cient\u00edfico, cultural, comunitario y econ\u00f3mico<\/p>\n\n\n\n<figure class=\"wp-block-image size-large\"><img fetchpriority=\"high\" decoding=\"async\" width=\"1024\" height=\"682\" src=\"https:\/\/contextoanalisisperiodistico.com\/wp-content\/uploads\/2026\/03\/img-20260310-wa0099255821090372350156-1024x682.jpg\" alt=\"\" class=\"wp-image-51894\" srcset=\"https:\/\/contextoanalisisperiodistico.com\/wp-content\/uploads\/2026\/03\/img-20260310-wa0099255821090372350156-1024x682.jpg 1024w, https:\/\/contextoanalisisperiodistico.com\/wp-content\/uploads\/2026\/03\/img-20260310-wa0099255821090372350156-300x200.jpg 300w, https:\/\/contextoanalisisperiodistico.com\/wp-content\/uploads\/2026\/03\/img-20260310-wa0099255821090372350156-768x512.jpg 768w, https:\/\/contextoanalisisperiodistico.com\/wp-content\/uploads\/2026\/03\/img-20260310-wa0099255821090372350156.jpg 1280w\" sizes=\"(max-width: 1024px) 100vw, 1024px\" \/><\/figure>\n\n\n\n<ul class=\"wp-block-list\"><\/ul>\n\n\n\n<p><em>San Raymundo Jalpan, Oax., a 10 de marzo de 2026.-<\/em> En Sesi\u00f3n Solemne, el Congreso del Estado entreg\u00f3 la Medalla al M\u00e9rito \u201cJuana Catalina Romero Ega\u00f1a 2026\u201d a cinco mujeres oaxaque\u00f1as por sus destacadas contribuciones en los \u00e1mbitos social, cient\u00edfico, cultural, comunitario y econ\u00f3mico, reconociendo su compromiso con el desarrollo de sus comunidades y la defensa de los derechos de las mujeres.<\/p>\n\n\n\n<p>Durante su intervenci\u00f3n, la diputada Dennis Garc\u00eda Guti\u00e9rrez, presidenta de la Comisi\u00f3n Permanente de Mujeres e Igualdad de G\u00e9nero, destac\u00f3 que este reconocimiento honra la memoria y legado de Juana Catalina Romero, una mujer que abri\u00f3 camino a muchas mujeres a trav\u00e9s de su valent\u00eda y liderazgo.<\/p>\n\n\n\n<p>\u201cEsta medalla reconoce la pasi\u00f3n, la entrega y la lucha diaria de mujeres que desde distintos espacios contribuyen a construir un estado m\u00e1s justo, igualitario y con mayores oportunidades\u201d, expres\u00f3.<\/p>\n\n\n\n<p>Por su parte, la presidenta de la Junta de Coordinaci\u00f3n Pol\u00edtica (Jucopo), diputada Tania Caballero Navarro, afirm\u00f3 que este reconocimiento lleva el nombre de una mujer que marc\u00f3 un precedente en la historia del estado y del pa\u00eds, al convertirse en una figura que abri\u00f3 espacios para la participaci\u00f3n femenina en \u00e1mbitos que durante mucho tiempo estuvieron reservados para los hombres.<\/p>\n\n\n\n<p>Dijo que Oaxaca es un estado fuerte gracias a sus mujeres, por ello es necesario reconocer a quienes han abierto camino y a todas aquellas que todos los d\u00edas trabajan por una sociedad m\u00e1s justa.<\/p>\n\n\n\n<p>En tanto, la presidenta de la Mesa Directiva, diputada Eva Diego Cruz, se\u00f1al\u00f3 que esta distinci\u00f3n representa un acto de justicia para visibilizar el liderazgo femenino y reconocer a mujeres que han transformado sus comunidades con trabajo y compromiso.<\/p>\n\n\n\n<p>Las mujeres galardonadas fueron:<\/p>\n\n\n\n<p>En la categor\u00eda Mujer Innovadora y Emprendedora, Amairani D\u00edaz Castellanos, empresaria oaxaque\u00f1a que ha impulsado la producci\u00f3n y comercializaci\u00f3n de productos naturales a base de coco, generando oportunidades econ\u00f3micas para diversas familias.<\/p>\n\n\n\n<p>En Mujer en la Ciencia y la Tecnolog\u00eda, Gisela Virginia Campos \u00c1ngeles, investigadora que ha participado en proyectos cient\u00edficos relacionados con la biodiversidad, los recursos naturales y el desarrollo ambiental en Oaxaca.<\/p>\n\n\n\n<p>En la categor\u00eda Mujer en la Cultura, Nylzher Adela Flores Santiago, artista que ha representado a Oaxaca y M\u00e9xico en diversos festivales internacionales, promoviendo la m\u00fasica y la identidad cultural oaxaque\u00f1a.<\/p>\n\n\n\n<p>En Mujer que Promueve Acciones, Isabel Ju\u00e1rez Mej\u00eda, fundadora del refugio \u201cPatitas Felices\u201d, espacio dedicado al rescate y cuidado de perros en situaci\u00f3n de abandono y maltrato.<\/p>\n\n\n\n<p>Y en la categor\u00eda Mujer en la Vida Comunitaria, Nilda Valeria Mart\u00ednez Santill\u00e1n, originaria de la regi\u00f3n triqui, quien ha impulsado la preservaci\u00f3n del telar de cintura y el fortalecimiento econ\u00f3mico de las mujeres de su comunidad.<\/p>\n\n\n\n<p>Cabe se\u00f1alar que en la ceremonia tambi\u00e9n participaron la titular de la Secretar\u00eda de las Mujeres, Rogelia Gonz\u00e1lez Luis, y la presidenta del Tribunal Superior de Justicia (TSJ) del Estado, Erika Mar\u00eda Rodr\u00edguez Rodr\u00edguez<\/p>\n\n\n\n<p>-0-<\/p>\n","protected":false},"excerpt":{"rendered":"<p>\u2022 Se reconocieron aportaciones en los \u00e1mbitos social, cient\u00edfico, cultural, comunitario y econ\u00f3mico San Raymundo&#8230;<\/p>\n","protected":false},"author":4,"featured_media":51893,"comment_status":"","ping_status":"open","sticky":false,"template":"","format":"standard","meta":{"footnotes":""},"categories":[6,9],"tags":[210,377,107],"jetpack_sharing_enabled":true,"featured_image_urls":{"full":["https:\/\/contextoanalisisperiodistico.com\/wp-content\/uploads\/2026\/03\/IMG-20260310-WA0098.jpg",1280,853,false],"thumbnail":["https:\/\/contextoanalisisperiodistico.com\/wp-content\/uploads\/2026\/03\/IMG-20260310-WA0098-150x150.jpg",150,150,true],"medium":["https:\/\/contextoanalisisperiodistico.com\/wp-content\/uploads\/2026\/03\/IMG-20260310-WA0098-300x200.jpg",300,200,true],"medium_large":["https:\/\/contextoanalisisperiodistico.com\/wp-content\/uploads\/2026\/03\/IMG-20260310-WA0098-768x512.jpg",640,427,true],"large":["https:\/\/contextoanalisisperiodistico.com\/wp-content\/uploads\/2026\/03\/IMG-20260310-WA0098-1024x682.jpg",640,426,true],"1536x1536":["https:\/\/contextoanalisisperiodistico.com\/wp-content\/uploads\/2026\/03\/IMG-20260310-WA0098.jpg",1280,853,false],"2048x2048":["https:\/\/contextoanalisisperiodistico.com\/wp-content\/uploads\/2026\/03\/IMG-20260310-WA0098.jpg",1280,853,false],"covernews-slider-full":["https:\/\/contextoanalisisperiodistico.com\/wp-content\/uploads\/2026\/03\/IMG-20260310-WA0098-1115x715.jpg",1115,715,true],"covernews-slider-center":["https:\/\/contextoanalisisperiodistico.com\/wp-content\/uploads\/2026\/03\/IMG-20260310-WA0098-800x500.jpg",800,500,true],"covernews-featured":["https:\/\/contextoanalisisperiodistico.com\/wp-content\/uploads\/2026\/03\/IMG-20260310-WA0098-1024x682.jpg",1024,682,true],"covernews-medium":["https:\/\/contextoanalisisperiodistico.com\/wp-content\/uploads\/2026\/03\/IMG-20260310-WA0098-540x340.jpg",540,340,true],"covernews-medium-square":["https:\/\/contextoanalisisperiodistico.com\/wp-content\/uploads\/2026\/03\/IMG-20260310-WA0098-400x250.jpg",400,250,true]},"author_info":{"display_name":"Mario Gir\u00f3n","author_link":"https:\/\/contextoanalisisperiodistico.com\/index.php\/author\/director\/"},"category_info":"<a href=\"https:\/\/contextoanalisisperiodistico.com\/index.php\/category\/legislatura\/\" rel=\"category tag\">Legislatura<\/a> <a href=\"https:\/\/contextoanalisisperiodistico.com\/index.php\/category\/politica\/\" rel=\"category tag\">Pol\u00edtica<\/a>","tag_info":"Pol\u00edtica","comment_count":"0","jetpack_featured_media_url":"https:\/\/contextoanalisisperiodistico.com\/wp-content\/uploads\/2026\/03\/IMG-20260310-WA0098.jpg","_links":{"self":[{"href":"https:\/\/contextoanalisisperiodistico.com\/index.php\/wp-json\/wp\/v2\/posts\/51895"}],"collection":[{"href":"https:\/\/contextoanalisisperiodistico.com\/index.php\/wp-json\/wp\/v2\/posts"}],"about":[{"href":"https:\/\/contextoanalisisperiodistico.com\/index.php\/wp-json\/wp\/v2\/types\/post"}],"author":[{"embeddable":true,"href":"https:\/\/contextoanalisisperiodistico.com\/index.php\/wp-json\/wp\/v2\/users\/4"}],"replies":[{"embeddable":true,"href":"https:\/\/contextoanalisisperiodistico.com\/index.php\/wp-json\/wp\/v2\/comments?post=51895"}],"version-history":[{"count":0,"href":"https:\/\/contextoanalisisperiodistico.com\/index.php\/wp-json\/wp\/v2\/posts\/51895\/revisions"}],"wp:featuredmedia":[{"embeddable":true,"href":"https:\/\/contextoanalisisperiodistico.com\/index.php\/wp-json\/wp\/v2\/media\/51893"}],"wp:attachment":[{"href":"https:\/\/contextoanalisisperiodistico.com\/index.php\/wp-json\/wp\/v2\/media?parent=51895"}],"wp:term":[{"taxonomy":"category","embeddable":true,"href":"https:\/\/contextoanalisisperiodistico.com\/index.php\/wp-json\/wp\/v2\/categories?post=51895"},{"taxonomy":"post_tag","embeddable":true,"href":"https:\/\/contextoanalisisperiodistico.com\/index.php\/wp-json\/wp\/v2\/tags?post=51895"}],"curies":[{"name":"wp","href":"https:\/\/api.w.org\/{rel}","templated":true}]}}