{"id":51887,"date":"2026-03-10T16:02:15","date_gmt":"2026-03-10T22:02:15","guid":{"rendered":"https:\/\/contextoanalisisperiodistico.com\/index.php\/2026\/03\/10\/cuenta-oaxaca-de-juarez-con-un-dif-municipal-mas-capacitado-en-la-atencion-a-grupos-prioritarios\/"},"modified":"2026-03-10T16:02:15","modified_gmt":"2026-03-10T22:02:15","slug":"cuenta-oaxaca-de-juarez-con-un-dif-municipal-mas-capacitado-en-la-atencion-a-grupos-prioritarios","status":"publish","type":"post","link":"https:\/\/contextoanalisisperiodistico.com\/index.php\/2026\/03\/10\/cuenta-oaxaca-de-juarez-con-un-dif-municipal-mas-capacitado-en-la-atencion-a-grupos-prioritarios\/","title":{"rendered":"Cuenta Oaxaca de Ju\u00e1rez con un DIF Municipal m\u00e1s capacitado en la atenci\u00f3n a grupos prioritarios"},"content":{"rendered":"<div id=\"fb-root\"><\/div>\n\n<p>Oaxaca de Ju\u00e1rez, Oax., 10 de marzo de 2026.- La presidenta honoraria del DIF Municipal de Oaxaca de Ju\u00e1rez, Gaby Garc\u00eda Fern\u00e1ndez del Campo particip\u00f3 en la capacitaci\u00f3n de Autoridades Municipales para la Atenci\u00f3n a Grupos Prioritarios, realizada en el Centro Cultural y de Convenciones de Oaxaca, en coordinaci\u00f3n con el DIF Estatal y el Gobierno del Estado.<\/p>\n\n\n\n<figure class=\"wp-block-image size-large\"><img fetchpriority=\"high\" decoding=\"async\" width=\"1024\" height=\"683\" src=\"https:\/\/contextoanalisisperiodistico.com\/wp-content\/uploads\/2026\/03\/img-20260310-wa00799200939290158689213-1024x683.jpg\" alt=\"\" class=\"wp-image-51884\" srcset=\"https:\/\/contextoanalisisperiodistico.com\/wp-content\/uploads\/2026\/03\/img-20260310-wa00799200939290158689213-1024x683.jpg 1024w, https:\/\/contextoanalisisperiodistico.com\/wp-content\/uploads\/2026\/03\/img-20260310-wa00799200939290158689213-300x200.jpg 300w, https:\/\/contextoanalisisperiodistico.com\/wp-content\/uploads\/2026\/03\/img-20260310-wa00799200939290158689213-768x512.jpg 768w, https:\/\/contextoanalisisperiodistico.com\/wp-content\/uploads\/2026\/03\/img-20260310-wa00799200939290158689213.jpg 1280w\" sizes=\"(max-width: 1024px) 100vw, 1024px\" \/><\/figure>\n\n\n\n<figure class=\"wp-block-image\"><img decoding=\"async\" width=\"1024\" height=\"683\" src=\"https:\/\/contextoanalisisperiodistico.com\/wp-content\/uploads\/2026\/03\/img-20260310-wa0076257766295797587922-1024x683.jpg\" alt=\"\" class=\"wp-image-51885\" srcset=\"https:\/\/contextoanalisisperiodistico.com\/wp-content\/uploads\/2026\/03\/img-20260310-wa0076257766295797587922-1024x683.jpg 1024w, https:\/\/contextoanalisisperiodistico.com\/wp-content\/uploads\/2026\/03\/img-20260310-wa0076257766295797587922-300x200.jpg 300w, https:\/\/contextoanalisisperiodistico.com\/wp-content\/uploads\/2026\/03\/img-20260310-wa0076257766295797587922-768x512.jpg 768w, https:\/\/contextoanalisisperiodistico.com\/wp-content\/uploads\/2026\/03\/img-20260310-wa0076257766295797587922.jpg 1280w\" sizes=\"(max-width: 1024px) 100vw, 1024px\" \/><\/figure>\n\n\n\n<figure class=\"wp-block-image\"><img decoding=\"async\" width=\"1024\" height=\"683\" src=\"https:\/\/contextoanalisisperiodistico.com\/wp-content\/uploads\/2026\/03\/img-20260310-wa00818032724292427986766-1024x683.jpg\" alt=\"\" class=\"wp-image-51886\" srcset=\"https:\/\/contextoanalisisperiodistico.com\/wp-content\/uploads\/2026\/03\/img-20260310-wa00818032724292427986766-1024x683.jpg 1024w, https:\/\/contextoanalisisperiodistico.com\/wp-content\/uploads\/2026\/03\/img-20260310-wa00818032724292427986766-300x200.jpg 300w, https:\/\/contextoanalisisperiodistico.com\/wp-content\/uploads\/2026\/03\/img-20260310-wa00818032724292427986766-768x512.jpg 768w, https:\/\/contextoanalisisperiodistico.com\/wp-content\/uploads\/2026\/03\/img-20260310-wa00818032724292427986766.jpg 1280w\" sizes=\"(max-width: 1024px) 100vw, 1024px\" \/><\/figure>\n\n\n\n<p>Durante esta jornada de formaci\u00f3n se compartieron herramientas, conocimientos y estrategias orientadas a fortalecer la atenci\u00f3n a personas en situaci\u00f3n de vulnerabilidad desde los gobiernos municipales.<\/p>\n\n\n\n<p>En la capacitaci\u00f3n participaron distintas \u00e1reas especializadas como asistencia alimentaria, desarrollo familiar y social, bienestar y delegaciones, as\u00ed como las procuradur\u00edas enfocadas en la defensa de los derechos de personas con discapacidad y de ni\u00f1as, ni\u00f1os y adolescentes.<\/p>\n\n\n\n<p>Con estas acciones, el DIF Municipal de Oaxaca de Ju\u00e1rez reafirma su compromiso de mantenerse en constante actualizaci\u00f3n para fortalecer las capacidades de su equipo de trabajo y brindar una atenci\u00f3n m\u00e1s humana, cercana y eficiente a la poblaci\u00f3n.<\/p>\n\n\n\n<p>De esta manera, el Gobierno Municipal de Oaxaca de Ju\u00e1rez refrenda que la preparaci\u00f3n continua es una herramienta clave para seguir construyendo una sociedad m\u00e1s justa, incluyente y con mayores oportunidades para todas y todos.<\/p>\n","protected":false},"excerpt":{"rendered":"<p>Oaxaca de Ju\u00e1rez, Oax., 10 de marzo de 2026.- La presidenta honoraria del DIF Municipal&#8230;<\/p>\n","protected":false},"author":4,"featured_media":51883,"comment_status":"","ping_status":"open","sticky":false,"template":"","format":"standard","meta":{"footnotes":""},"categories":[9],"tags":[316,359,380],"jetpack_sharing_enabled":true,"featured_image_urls":{"full":["https:\/\/contextoanalisisperiodistico.com\/wp-content\/uploads\/2026\/03\/IMG-20260310-WA0078.jpg",1280,854,false],"thumbnail":["https:\/\/contextoanalisisperiodistico.com\/wp-content\/uploads\/2026\/03\/IMG-20260310-WA0078-150x150.jpg",150,150,true],"medium":["https:\/\/contextoanalisisperiodistico.com\/wp-content\/uploads\/2026\/03\/IMG-20260310-WA0078-300x200.jpg",300,200,true],"medium_large":["https:\/\/contextoanalisisperiodistico.com\/wp-content\/uploads\/2026\/03\/IMG-20260310-WA0078-768x512.jpg",640,427,true],"large":["https:\/\/contextoanalisisperiodistico.com\/wp-content\/uploads\/2026\/03\/IMG-20260310-WA0078-1024x683.jpg",640,427,true],"1536x1536":["https:\/\/contextoanalisisperiodistico.com\/wp-content\/uploads\/2026\/03\/IMG-20260310-WA0078.jpg",1280,854,false],"2048x2048":["https:\/\/contextoanalisisperiodistico.com\/wp-content\/uploads\/2026\/03\/IMG-20260310-WA0078.jpg",1280,854,false],"covernews-slider-full":["https:\/\/contextoanalisisperiodistico.com\/wp-content\/uploads\/2026\/03\/IMG-20260310-WA0078-1115x715.jpg",1115,715,true],"covernews-slider-center":["https:\/\/contextoanalisisperiodistico.com\/wp-content\/uploads\/2026\/03\/IMG-20260310-WA0078-800x500.jpg",800,500,true],"covernews-featured":["https:\/\/contextoanalisisperiodistico.com\/wp-content\/uploads\/2026\/03\/IMG-20260310-WA0078-1024x683.jpg",1024,683,true],"covernews-medium":["https:\/\/contextoanalisisperiodistico.com\/wp-content\/uploads\/2026\/03\/IMG-20260310-WA0078-540x340.jpg",540,340,true],"covernews-medium-square":["https:\/\/contextoanalisisperiodistico.com\/wp-content\/uploads\/2026\/03\/IMG-20260310-WA0078-400x250.jpg",400,250,true]},"author_info":{"display_name":"Mario Gir\u00f3n","author_link":"https:\/\/contextoanalisisperiodistico.com\/index.php\/author\/director\/"},"category_info":"<a href=\"https:\/\/contextoanalisisperiodistico.com\/index.php\/category\/politica\/\" rel=\"category tag\">Pol\u00edtica<\/a>","tag_info":"Pol\u00edtica","comment_count":"0","jetpack_featured_media_url":"https:\/\/contextoanalisisperiodistico.com\/wp-content\/uploads\/2026\/03\/IMG-20260310-WA0078.jpg","_links":{"self":[{"href":"https:\/\/contextoanalisisperiodistico.com\/index.php\/wp-json\/wp\/v2\/posts\/51887"}],"collection":[{"href":"https:\/\/contextoanalisisperiodistico.com\/index.php\/wp-json\/wp\/v2\/posts"}],"about":[{"href":"https:\/\/contextoanalisisperiodistico.com\/index.php\/wp-json\/wp\/v2\/types\/post"}],"author":[{"embeddable":true,"href":"https:\/\/contextoanalisisperiodistico.com\/index.php\/wp-json\/wp\/v2\/users\/4"}],"replies":[{"embeddable":true,"href":"https:\/\/contextoanalisisperiodistico.com\/index.php\/wp-json\/wp\/v2\/comments?post=51887"}],"version-history":[{"count":0,"href":"https:\/\/contextoanalisisperiodistico.com\/index.php\/wp-json\/wp\/v2\/posts\/51887\/revisions"}],"wp:featuredmedia":[{"embeddable":true,"href":"https:\/\/contextoanalisisperiodistico.com\/index.php\/wp-json\/wp\/v2\/media\/51883"}],"wp:attachment":[{"href":"https:\/\/contextoanalisisperiodistico.com\/index.php\/wp-json\/wp\/v2\/media?parent=51887"}],"wp:term":[{"taxonomy":"category","embeddable":true,"href":"https:\/\/contextoanalisisperiodistico.com\/index.php\/wp-json\/wp\/v2\/categories?post=51887"},{"taxonomy":"post_tag","embeddable":true,"href":"https:\/\/contextoanalisisperiodistico.com\/index.php\/wp-json\/wp\/v2\/tags?post=51887"}],"curies":[{"name":"wp","href":"https:\/\/api.w.org\/{rel}","templated":true}]}}