{"id":51882,"date":"2026-03-10T13:22:16","date_gmt":"2026-03-10T19:22:16","guid":{"rendered":"https:\/\/contextoanalisisperiodistico.com\/index.php\/2026\/03\/10\/asiste-ray-chagoya-a-reunion-con-la-presidenta-claudia-sheinbaum\/"},"modified":"2026-03-10T13:22:16","modified_gmt":"2026-03-10T19:22:16","slug":"asiste-ray-chagoya-a-reunion-con-la-presidenta-claudia-sheinbaum","status":"publish","type":"post","link":"https:\/\/contextoanalisisperiodistico.com\/index.php\/2026\/03\/10\/asiste-ray-chagoya-a-reunion-con-la-presidenta-claudia-sheinbaum\/","title":{"rendered":"Asiste Ray Chagoya a reuni\u00f3n con la presidenta Claudia Sheinbaum"},"content":{"rendered":"<div id=\"fb-root\"><\/div>\n\n<p>Ray Chagoya Presidente Municipal de Oaxaca de Ju\u00e1rez, inform\u00f3 que este d\u00eda asiti\u00f3 a Palacio Nacional, en la Ciudad de M\u00e9xico, para participar en una reuni\u00f3n encabezada por la Presidenta de la Rep\u00fablica, Claudia Sheinbaum Pardo, junto con presidentas y presidentes municipales del pa\u00eds.<\/p>\n\n\n\n<figure class=\"wp-block-video\"><video controls src=\"https:\/\/contextoanalisisperiodistico.com\/wp-content\/uploads\/2026\/03\/VID-20260310-WA0045.mp4\"><\/video><\/figure>\n\n\n\n<p>Durante el encuentro, agreg\u00f3, se present\u00f3 un programa especial enfocado en la Atenci\u00f3n a las Causas, una estrategia que busca trabajar de manera coordinada para identificar y atender los factores que pueden llevar a las y los j\u00f3venes a la violencia, fortaleciendo acciones sociales y comunitarias en los municipios que m\u00e1s lo requieren.<\/p>\n\n\n\n<p>Seguimos sumando esfuerzos con el Gobierno de M\u00e9xico para construir barrios y colonias m\u00e1s seguras para nuestras vecinas y vecinos de la capital.<\/p>\n","protected":false},"excerpt":{"rendered":"<p>Ray Chagoya Presidente Municipal de Oaxaca de Ju\u00e1rez, inform\u00f3 que este d\u00eda asiti\u00f3 a Palacio&#8230;<\/p>\n","protected":false},"author":4,"featured_media":51880,"comment_status":"","ping_status":"open","sticky":false,"template":"","format":"standard","meta":{"footnotes":""},"categories":[9],"tags":[316,359,380],"jetpack_sharing_enabled":true,"featured_image_urls":{"full":["https:\/\/contextoanalisisperiodistico.com\/wp-content\/uploads\/2026\/03\/Screenshot_2026-03-10-13-20-12-71_6012fa4d4ddec268fc5c7112cbb265e7.jpg",719,1053,false],"thumbnail":["https:\/\/contextoanalisisperiodistico.com\/wp-content\/uploads\/2026\/03\/Screenshot_2026-03-10-13-20-12-71_6012fa4d4ddec268fc5c7112cbb265e7-150x150.jpg",150,150,true],"medium":["https:\/\/contextoanalisisperiodistico.com\/wp-content\/uploads\/2026\/03\/Screenshot_2026-03-10-13-20-12-71_6012fa4d4ddec268fc5c7112cbb265e7-205x300.jpg",205,300,true],"medium_large":["https:\/\/contextoanalisisperiodistico.com\/wp-content\/uploads\/2026\/03\/Screenshot_2026-03-10-13-20-12-71_6012fa4d4ddec268fc5c7112cbb265e7.jpg",640,937,false],"large":["https:\/\/contextoanalisisperiodistico.com\/wp-content\/uploads\/2026\/03\/Screenshot_2026-03-10-13-20-12-71_6012fa4d4ddec268fc5c7112cbb265e7-699x1024.jpg",640,938,true],"1536x1536":["https:\/\/contextoanalisisperiodistico.com\/wp-content\/uploads\/2026\/03\/Screenshot_2026-03-10-13-20-12-71_6012fa4d4ddec268fc5c7112cbb265e7.jpg",719,1053,false],"2048x2048":["https:\/\/contextoanalisisperiodistico.com\/wp-content\/uploads\/2026\/03\/Screenshot_2026-03-10-13-20-12-71_6012fa4d4ddec268fc5c7112cbb265e7.jpg",719,1053,false],"covernews-slider-full":["https:\/\/contextoanalisisperiodistico.com\/wp-content\/uploads\/2026\/03\/Screenshot_2026-03-10-13-20-12-71_6012fa4d4ddec268fc5c7112cbb265e7-719x715.jpg",719,715,true],"covernews-slider-center":["https:\/\/contextoanalisisperiodistico.com\/wp-content\/uploads\/2026\/03\/Screenshot_2026-03-10-13-20-12-71_6012fa4d4ddec268fc5c7112cbb265e7-719x500.jpg",719,500,true],"covernews-featured":["https:\/\/contextoanalisisperiodistico.com\/wp-content\/uploads\/2026\/03\/Screenshot_2026-03-10-13-20-12-71_6012fa4d4ddec268fc5c7112cbb265e7.jpg",719,1053,false],"covernews-medium":["https:\/\/contextoanalisisperiodistico.com\/wp-content\/uploads\/2026\/03\/Screenshot_2026-03-10-13-20-12-71_6012fa4d4ddec268fc5c7112cbb265e7-540x340.jpg",540,340,true],"covernews-medium-square":["https:\/\/contextoanalisisperiodistico.com\/wp-content\/uploads\/2026\/03\/Screenshot_2026-03-10-13-20-12-71_6012fa4d4ddec268fc5c7112cbb265e7-400x250.jpg",400,250,true]},"author_info":{"display_name":"Mario Gir\u00f3n","author_link":"https:\/\/contextoanalisisperiodistico.com\/index.php\/author\/director\/"},"category_info":"<a href=\"https:\/\/contextoanalisisperiodistico.com\/index.php\/category\/politica\/\" rel=\"category tag\">Pol\u00edtica<\/a>","tag_info":"Pol\u00edtica","comment_count":"0","jetpack_featured_media_url":"https:\/\/contextoanalisisperiodistico.com\/wp-content\/uploads\/2026\/03\/Screenshot_2026-03-10-13-20-12-71_6012fa4d4ddec268fc5c7112cbb265e7.jpg","_links":{"self":[{"href":"https:\/\/contextoanalisisperiodistico.com\/index.php\/wp-json\/wp\/v2\/posts\/51882"}],"collection":[{"href":"https:\/\/contextoanalisisperiodistico.com\/index.php\/wp-json\/wp\/v2\/posts"}],"about":[{"href":"https:\/\/contextoanalisisperiodistico.com\/index.php\/wp-json\/wp\/v2\/types\/post"}],"author":[{"embeddable":true,"href":"https:\/\/contextoanalisisperiodistico.com\/index.php\/wp-json\/wp\/v2\/users\/4"}],"replies":[{"embeddable":true,"href":"https:\/\/contextoanalisisperiodistico.com\/index.php\/wp-json\/wp\/v2\/comments?post=51882"}],"version-history":[{"count":0,"href":"https:\/\/contextoanalisisperiodistico.com\/index.php\/wp-json\/wp\/v2\/posts\/51882\/revisions"}],"wp:featuredmedia":[{"embeddable":true,"href":"https:\/\/contextoanalisisperiodistico.com\/index.php\/wp-json\/wp\/v2\/media\/51880"}],"wp:attachment":[{"href":"https:\/\/contextoanalisisperiodistico.com\/index.php\/wp-json\/wp\/v2\/media?parent=51882"}],"wp:term":[{"taxonomy":"category","embeddable":true,"href":"https:\/\/contextoanalisisperiodistico.com\/index.php\/wp-json\/wp\/v2\/categories?post=51882"},{"taxonomy":"post_tag","embeddable":true,"href":"https:\/\/contextoanalisisperiodistico.com\/index.php\/wp-json\/wp\/v2\/tags?post=51882"}],"curies":[{"name":"wp","href":"https:\/\/api.w.org\/{rel}","templated":true}]}}