{"id":51879,"date":"2026-03-10T12:01:42","date_gmt":"2026-03-10T18:01:42","guid":{"rendered":"https:\/\/contextoanalisisperiodistico.com\/index.php\/2026\/03\/10\/prioriza-primavera-oaxaquena-abasto-de-medicinas-y-atencion-medica-en-todo-el-estado\/"},"modified":"2026-03-10T12:01:42","modified_gmt":"2026-03-10T18:01:42","slug":"prioriza-primavera-oaxaquena-abasto-de-medicinas-y-atencion-medica-en-todo-el-estado","status":"publish","type":"post","link":"https:\/\/contextoanalisisperiodistico.com\/index.php\/2026\/03\/10\/prioriza-primavera-oaxaquena-abasto-de-medicinas-y-atencion-medica-en-todo-el-estado\/","title":{"rendered":"\u200bPrioriza Primavera Oaxaque\u00f1a abasto de medicinas y atenci\u00f3n m\u00e9dica en todo el estado"},"content":{"rendered":"<div id=\"fb-root\"><\/div>\n\n<p>\u2022 Esta estrategia interinstitucional entre el Estado y la Federaci\u00f3n permiti\u00f3 que, durante este fin de semana, se suministraron 103 m\u00f3dulos m\u00e9dicos<\/p>\n\n\n\n<figure class=\"wp-block-image size-large\"><img fetchpriority=\"high\" decoding=\"async\" width=\"1024\" height=\"683\" src=\"https:\/\/contextoanalisisperiodistico.com\/wp-content\/uploads\/2026\/03\/img-20260310-wa00333841795688722625984-1024x683.jpg\" alt=\"\" class=\"wp-image-51878\" srcset=\"https:\/\/contextoanalisisperiodistico.com\/wp-content\/uploads\/2026\/03\/img-20260310-wa00333841795688722625984-1024x683.jpg 1024w, https:\/\/contextoanalisisperiodistico.com\/wp-content\/uploads\/2026\/03\/img-20260310-wa00333841795688722625984-300x200.jpg 300w, https:\/\/contextoanalisisperiodistico.com\/wp-content\/uploads\/2026\/03\/img-20260310-wa00333841795688722625984-768x512.jpg 768w, https:\/\/contextoanalisisperiodistico.com\/wp-content\/uploads\/2026\/03\/img-20260310-wa00333841795688722625984.jpg 1280w\" sizes=\"(max-width: 1024px) 100vw, 1024px\" \/><\/figure>\n\n\n\n<p>\u2022 Con corte al 7 de marzo, la Caravana Estatal de Salud \u201cVe\u2019e tata\u201d brind\u00f3 6 mil 492 servicios y atendi\u00f3 a m\u00e1s de 8 mil 500 personas<\/p>\n\n\n\n<p>Oaxaca de Ju\u00e1rez, Oax. 10 de marzo de 2026.- El Gobernador Salom\u00f3n Jara Cruz anunci\u00f3 el arranque del proyecto \u201cAbasto, Verificaci\u00f3n y Control\u201d (AVC), con la finalidad de superar el 90 por ciento de abastecimiento f\u00e1rmaco durante este 2026 en las unidades m\u00e9dicas de primer nivel en la entidad.<\/p>\n\n\n\n<p>Durante la Conferencia de Prensa que se desarroll\u00f3 en Palacio de Gobierno, el Mandatario estatal inform\u00f3 que esta estrategia interinstitucional entre la Federaci\u00f3n y Gobierno Estatal permiti\u00f3 que, durante este fin de semana, se abastecieron los 103 m\u00f3dulos m\u00e9dicos de la Sierra de Ju\u00e1rez, perteneciente a la Jurisdicci\u00f3n Sanitaria n\u00famero 6.<\/p>\n\n\n\n<p>En su participaci\u00f3n, el titular de Servicios de Salud de Oaxaca (SSO), Efr\u00e9n Emmanuel Jarqu\u00edn Gonz\u00e1lez detall\u00f3 que el 3 de marzo inici\u00f3 una conciliaci\u00f3n del consumo promedio mensual (Cpm) de cada unidad del sector, y el 4 de marzo se realiz\u00f3 un registro de productividad y abasteci\u00f3 urgentemente a zonas identificadas.<\/p>\n\n\n\n<p>Para el 17 de marzo se realizar\u00e1 el abasto con el Cpm real, y el 25 se evaluar\u00e1 la estrategia e identificar\u00e1 la necesidad de compra para surtir las claves faltantes. Por \u00faltimo, el resultado de este proyecto se dar\u00e1 a conocer el pr\u00f3ximo 1 de abril, donde se espera superar el 90 porciento de abastecimiento en las unidades de salud.<\/p>\n\n\n\n<p>Adem\u00e1s, Jarqu\u00edn Gonz\u00e1lez calific\u00f3 esta estrategia como una reingenier\u00eda del abasto, ya que se reinicia la cadena desde la planeaci\u00f3n, analizar\u00e1 el suministro en base a existencias y necesidades, unificar\u00e1n criterios entre IMSS-Bienestar y SSO, identificar\u00e1n a los actores responsables de almacenes y optimizar\u00e1n el abasto de la mano con otras secretar\u00edas.<\/p>\n\n\n\n<p>Para la entrega de los medicamentos, se desarrollar\u00e1 una calendarizaci\u00f3n y digitalizaci\u00f3n en tiempo real, para poder observar y semaforizar cada una de las claves existentes en los centros de atenci\u00f3n que requieran de estos recursos.<\/p>\n\n\n\n<p>Respecto a la Caravana Estatal de Salud \u201cVe\u2019e tata\u201d, el funcionario destac\u00f3 que, del 2 al 7 de marzo se otorgaron mil 573 servicios de brigada fija y atendieron a 4 mil 825 personas de mil 764 familias, todo esto en m\u00e1s de 4 mil casas visitadas de 3 agencias y 18 colonias de Oaxaca de Ju\u00e1rez.<\/p>\n\n\n\n<p>En total acumulado, del 16 de febrero al 7 de marzo, este programa brind\u00f3 6 mil 492 servicios de brigada fija, atendi\u00f3 m\u00e1s de 8 mil 500 personas de 4 mil 113 familias, donde se visitaron m\u00e1s de 9 mil 200 viviendas de 10 agencias y 48 colonias de la capital.<\/p>\n\n\n\n<p>En materia de mastograf\u00edas, se realizaron 111 estudios en las localidades: Trinidad de Viguera, Pueblo Nuevo y Santa Rosa Panzacola.<\/p>\n\n\n\n<p>-0-<\/p>\n","protected":false},"excerpt":{"rendered":"<p>\u2022 Esta estrategia interinstitucional entre el Estado y la Federaci\u00f3n permiti\u00f3 que, durante este fin&#8230;<\/p>\n","protected":false},"author":4,"featured_media":51877,"comment_status":"","ping_status":"open","sticky":false,"template":"","format":"standard","meta":{"footnotes":""},"categories":[9],"tags":[316],"jetpack_sharing_enabled":true,"featured_image_urls":{"full":["https:\/\/contextoanalisisperiodistico.com\/wp-content\/uploads\/2026\/03\/IMG-20260310-WA0032.jpg",1280,854,false],"thumbnail":["https:\/\/contextoanalisisperiodistico.com\/wp-content\/uploads\/2026\/03\/IMG-20260310-WA0032-150x150.jpg",150,150,true],"medium":["https:\/\/contextoanalisisperiodistico.com\/wp-content\/uploads\/2026\/03\/IMG-20260310-WA0032-300x200.jpg",300,200,true],"medium_large":["https:\/\/contextoanalisisperiodistico.com\/wp-content\/uploads\/2026\/03\/IMG-20260310-WA0032-768x512.jpg",640,427,true],"large":["https:\/\/contextoanalisisperiodistico.com\/wp-content\/uploads\/2026\/03\/IMG-20260310-WA0032-1024x683.jpg",640,427,true],"1536x1536":["https:\/\/contextoanalisisperiodistico.com\/wp-content\/uploads\/2026\/03\/IMG-20260310-WA0032.jpg",1280,854,false],"2048x2048":["https:\/\/contextoanalisisperiodistico.com\/wp-content\/uploads\/2026\/03\/IMG-20260310-WA0032.jpg",1280,854,false],"covernews-slider-full":["https:\/\/contextoanalisisperiodistico.com\/wp-content\/uploads\/2026\/03\/IMG-20260310-WA0032-1115x715.jpg",1115,715,true],"covernews-slider-center":["https:\/\/contextoanalisisperiodistico.com\/wp-content\/uploads\/2026\/03\/IMG-20260310-WA0032-800x500.jpg",800,500,true],"covernews-featured":["https:\/\/contextoanalisisperiodistico.com\/wp-content\/uploads\/2026\/03\/IMG-20260310-WA0032-1024x683.jpg",1024,683,true],"covernews-medium":["https:\/\/contextoanalisisperiodistico.com\/wp-content\/uploads\/2026\/03\/IMG-20260310-WA0032-540x340.jpg",540,340,true],"covernews-medium-square":["https:\/\/contextoanalisisperiodistico.com\/wp-content\/uploads\/2026\/03\/IMG-20260310-WA0032-400x250.jpg",400,250,true]},"author_info":{"display_name":"Mario Gir\u00f3n","author_link":"https:\/\/contextoanalisisperiodistico.com\/index.php\/author\/director\/"},"category_info":"<a href=\"https:\/\/contextoanalisisperiodistico.com\/index.php\/category\/politica\/\" rel=\"category tag\">Pol\u00edtica<\/a>","tag_info":"Pol\u00edtica","comment_count":"0","jetpack_featured_media_url":"https:\/\/contextoanalisisperiodistico.com\/wp-content\/uploads\/2026\/03\/IMG-20260310-WA0032.jpg","_links":{"self":[{"href":"https:\/\/contextoanalisisperiodistico.com\/index.php\/wp-json\/wp\/v2\/posts\/51879"}],"collection":[{"href":"https:\/\/contextoanalisisperiodistico.com\/index.php\/wp-json\/wp\/v2\/posts"}],"about":[{"href":"https:\/\/contextoanalisisperiodistico.com\/index.php\/wp-json\/wp\/v2\/types\/post"}],"author":[{"embeddable":true,"href":"https:\/\/contextoanalisisperiodistico.com\/index.php\/wp-json\/wp\/v2\/users\/4"}],"replies":[{"embeddable":true,"href":"https:\/\/contextoanalisisperiodistico.com\/index.php\/wp-json\/wp\/v2\/comments?post=51879"}],"version-history":[{"count":0,"href":"https:\/\/contextoanalisisperiodistico.com\/index.php\/wp-json\/wp\/v2\/posts\/51879\/revisions"}],"wp:featuredmedia":[{"embeddable":true,"href":"https:\/\/contextoanalisisperiodistico.com\/index.php\/wp-json\/wp\/v2\/media\/51877"}],"wp:attachment":[{"href":"https:\/\/contextoanalisisperiodistico.com\/index.php\/wp-json\/wp\/v2\/media?parent=51879"}],"wp:term":[{"taxonomy":"category","embeddable":true,"href":"https:\/\/contextoanalisisperiodistico.com\/index.php\/wp-json\/wp\/v2\/categories?post=51879"},{"taxonomy":"post_tag","embeddable":true,"href":"https:\/\/contextoanalisisperiodistico.com\/index.php\/wp-json\/wp\/v2\/tags?post=51879"}],"curies":[{"name":"wp","href":"https:\/\/api.w.org\/{rel}","templated":true}]}}