{"id":51876,"date":"2026-03-10T11:49:06","date_gmt":"2026-03-10T17:49:06","guid":{"rendered":"https:\/\/contextoanalisisperiodistico.com\/index.php\/2026\/03\/10\/inicia-consulta-publica-para-el-desarrollo-urbano-de-oaxaca-de-juarez\/"},"modified":"2026-03-10T11:49:06","modified_gmt":"2026-03-10T17:49:06","slug":"inicia-consulta-publica-para-el-desarrollo-urbano-de-oaxaca-de-juarez","status":"publish","type":"post","link":"https:\/\/contextoanalisisperiodistico.com\/index.php\/2026\/03\/10\/inicia-consulta-publica-para-el-desarrollo-urbano-de-oaxaca-de-juarez\/","title":{"rendered":"Inicia consulta p\u00fablica para el desarrollo urbano de Oaxaca de Ju\u00e1rez"},"content":{"rendered":"<div id=\"fb-root\"><\/div>\n\n<p>\u00a1Lleg\u00f3 el momento de proponer c\u00f3mo queremos que crezca nuestra capital!<\/p>\n\n\n\n<p>* La ciudadan\u00eda podr\u00e1 revisar el documento y participar en audiencias p\u00fablicas del 11 de marzo al 10 de abril para aportar propuestas sobre el crecimiento y ordenamiento de la capital.<\/p>\n\n\n\n<p>Oaxaca de Ju\u00e1rez, Oax., 10 de marzo de 2026. El Municipio de Oaxaca de Ju\u00e1rez, a trav\u00e9s de la Secretar\u00eda de Obras P\u00fablicas y Desarrollo Urbano, convoca a la ciudadan\u00eda a participar en la Consulta P\u00fablica del Anteproyecto del Programa Municipal de Desarrollo Urbano (PMDU), un proceso abierto que permitir\u00e1 integrar propuestas y opiniones para definir el rumbo del desarrollo urbano de la capital.<\/p>\n\n\n\n<p>La consulta se llevar\u00e1 a cabo del 11 de marzo al 10 de abril de 2026, periodo durante el cual las y los habitantes del municipio podr\u00e1n conocer el anteproyecto y presentar observaciones que contribuyan a construir una ciudad m\u00e1s ordenada, sostenible y con visi\u00f3n de futuro.<\/p>\n\n\n\n<p>El documento podr\u00e1 consultarse de manera presencial en las oficinas de la Secretar\u00eda de Obras P\u00fablicas y Desarrollo Urbano, ubicadas en calle Murgu\u00eda 800, colonia Centro, en un horario de 09:30 a 14:30 horas, de lunes a viernes y en d\u00edas h\u00e1biles.<\/p>\n\n\n\n<p>Asimismo, estar\u00e1 disponible en formato digital a trav\u00e9s del micrositio de transparencia del municipio, donde tambi\u00e9n podr\u00e1 descargarse el anteproyecto o acceder mediante el c\u00f3digo QR difundido en la convocatoria oficial.<\/p>\n\n\n\n<p>Como parte de este proceso participativo, se realizar\u00e1n dos audiencias p\u00fablicas en el Sal\u00f3n ex presidentes del Palacio Municipal, ubicado en Calle Morelos 108, Centro, en las siguientes fechas:<\/p>\n\n\n\n<p><br>\u2022 Primera audiencia p\u00fablica: 21 de marzo de 2026, a las 11:00 horas.<br>\u2022 Segunda audiencia p\u00fablica: 10 de abril de 2026, a las 13:00 horas.<\/p>\n\n\n\n<p>El Gobierno Municipal de Oaxaca de Ju\u00e1rez reiter\u00f3 la invitaci\u00f3n a ciudadan\u00eda, organizaciones, instituciones, c\u00e1maras, colegios, asociaciones y a todas las personas interesadas a participar en este ejercicio de consulta, que permitir\u00e1 fortalecer la planeaci\u00f3n urbana y orientar el crecimiento de la ciudad con una visi\u00f3n integral.<br \/><\/p>\n","protected":false},"excerpt":{"rendered":"<p>\u00a1Lleg\u00f3 el momento de proponer c\u00f3mo queremos que crezca nuestra capital! * La ciudadan\u00eda podr\u00e1&#8230;<\/p>\n","protected":false},"author":4,"featured_media":51875,"comment_status":"","ping_status":"open","sticky":false,"template":"","format":"standard","meta":{"footnotes":""},"categories":[9],"tags":[316,353,359,380],"jetpack_sharing_enabled":true,"featured_image_urls":{"full":["https:\/\/contextoanalisisperiodistico.com\/wp-content\/uploads\/2026\/03\/IMG-20260310-WA0028.jpg",1024,1280,false],"thumbnail":["https:\/\/contextoanalisisperiodistico.com\/wp-content\/uploads\/2026\/03\/IMG-20260310-WA0028-150x150.jpg",150,150,true],"medium":["https:\/\/contextoanalisisperiodistico.com\/wp-content\/uploads\/2026\/03\/IMG-20260310-WA0028-240x300.jpg",240,300,true],"medium_large":["https:\/\/contextoanalisisperiodistico.com\/wp-content\/uploads\/2026\/03\/IMG-20260310-WA0028-768x960.jpg",640,800,true],"large":["https:\/\/contextoanalisisperiodistico.com\/wp-content\/uploads\/2026\/03\/IMG-20260310-WA0028-819x1024.jpg",640,800,true],"1536x1536":["https:\/\/contextoanalisisperiodistico.com\/wp-content\/uploads\/2026\/03\/IMG-20260310-WA0028.jpg",1024,1280,false],"2048x2048":["https:\/\/contextoanalisisperiodistico.com\/wp-content\/uploads\/2026\/03\/IMG-20260310-WA0028.jpg",1024,1280,false],"covernews-slider-full":["https:\/\/contextoanalisisperiodistico.com\/wp-content\/uploads\/2026\/03\/IMG-20260310-WA0028-1024x715.jpg",1024,715,true],"covernews-slider-center":["https:\/\/contextoanalisisperiodistico.com\/wp-content\/uploads\/2026\/03\/IMG-20260310-WA0028-800x500.jpg",800,500,true],"covernews-featured":["https:\/\/contextoanalisisperiodistico.com\/wp-content\/uploads\/2026\/03\/IMG-20260310-WA0028.jpg",1024,1280,false],"covernews-medium":["https:\/\/contextoanalisisperiodistico.com\/wp-content\/uploads\/2026\/03\/IMG-20260310-WA0028-540x340.jpg",540,340,true],"covernews-medium-square":["https:\/\/contextoanalisisperiodistico.com\/wp-content\/uploads\/2026\/03\/IMG-20260310-WA0028-400x250.jpg",400,250,true]},"author_info":{"display_name":"Mario Gir\u00f3n","author_link":"https:\/\/contextoanalisisperiodistico.com\/index.php\/author\/director\/"},"category_info":"<a href=\"https:\/\/contextoanalisisperiodistico.com\/index.php\/category\/politica\/\" rel=\"category tag\">Pol\u00edtica<\/a>","tag_info":"Pol\u00edtica","comment_count":"0","jetpack_featured_media_url":"https:\/\/contextoanalisisperiodistico.com\/wp-content\/uploads\/2026\/03\/IMG-20260310-WA0028.jpg","_links":{"self":[{"href":"https:\/\/contextoanalisisperiodistico.com\/index.php\/wp-json\/wp\/v2\/posts\/51876"}],"collection":[{"href":"https:\/\/contextoanalisisperiodistico.com\/index.php\/wp-json\/wp\/v2\/posts"}],"about":[{"href":"https:\/\/contextoanalisisperiodistico.com\/index.php\/wp-json\/wp\/v2\/types\/post"}],"author":[{"embeddable":true,"href":"https:\/\/contextoanalisisperiodistico.com\/index.php\/wp-json\/wp\/v2\/users\/4"}],"replies":[{"embeddable":true,"href":"https:\/\/contextoanalisisperiodistico.com\/index.php\/wp-json\/wp\/v2\/comments?post=51876"}],"version-history":[{"count":0,"href":"https:\/\/contextoanalisisperiodistico.com\/index.php\/wp-json\/wp\/v2\/posts\/51876\/revisions"}],"wp:featuredmedia":[{"embeddable":true,"href":"https:\/\/contextoanalisisperiodistico.com\/index.php\/wp-json\/wp\/v2\/media\/51875"}],"wp:attachment":[{"href":"https:\/\/contextoanalisisperiodistico.com\/index.php\/wp-json\/wp\/v2\/media?parent=51876"}],"wp:term":[{"taxonomy":"category","embeddable":true,"href":"https:\/\/contextoanalisisperiodistico.com\/index.php\/wp-json\/wp\/v2\/categories?post=51876"},{"taxonomy":"post_tag","embeddable":true,"href":"https:\/\/contextoanalisisperiodistico.com\/index.php\/wp-json\/wp\/v2\/tags?post=51876"}],"curies":[{"name":"wp","href":"https:\/\/api.w.org\/{rel}","templated":true}]}}