{"id":51844,"date":"2026-03-08T14:34:18","date_gmt":"2026-03-08T20:34:18","guid":{"rendered":"https:\/\/contextoanalisisperiodistico.com\/index.php\/2026\/03\/08\/reconoce-salomon-jara-la-fuerza-y-aportacion-de-las-mujeres-de-oaxaca-en-el-marco-del-8m\/"},"modified":"2026-03-08T14:34:18","modified_gmt":"2026-03-08T20:34:18","slug":"reconoce-salomon-jara-la-fuerza-y-aportacion-de-las-mujeres-de-oaxaca-en-el-marco-del-8m","status":"publish","type":"post","link":"https:\/\/contextoanalisisperiodistico.com\/index.php\/2026\/03\/08\/reconoce-salomon-jara-la-fuerza-y-aportacion-de-las-mujeres-de-oaxaca-en-el-marco-del-8m\/","title":{"rendered":"Reconoce Salom\u00f3n Jara la fuerza y aportaci\u00f3n de las mujeres de Oaxaca en el marco del 8M"},"content":{"rendered":"<div id=\"fb-root\"><\/div>\n\n<p>\u2022 La Primavera Oaxaque\u00f1a impulsa programas que fortalecen el bienestar y la autonom\u00eda de las mujeres<\/p>\n\n\n\n<p>Oaxaca de Ju\u00e1rez, Oax., 8 de marzo de 2026.- En el marco del D\u00eda Internacional de la Mujer, el Gobernador Salom\u00f3n Jara Cruz reiter\u00f3 el compromiso de su administraci\u00f3n con las mujeres, ni\u00f1as y adolescentes de Oaxaca, al reconocer su fuerza, su voz y su papel en la transformaci\u00f3n del estado.<\/p>\n\n\n\n<p>El Mandatario estatal expres\u00f3 que su gobierno se mantiene del lado de las mujeres oaxaque\u00f1as, destacando su participaci\u00f3n y contribuci\u00f3n en la construcci\u00f3n de un estado m\u00e1s justo e igualitario.<\/p>\n\n\n\n<p>Mediante la Primavera Oaxaque\u00f1a se impulsan pol\u00edticas p\u00fablicas y programas que contribuyen a mejorar las condiciones de vida de las oaxaque\u00f1as y fortalecer su autonom\u00eda econ\u00f3mica.<\/p>\n\n\n\n<p>Entre ellos se encuentra la Tarjeta Margarita Maza, que otorga un apoyo de 2 mil pesos bimestrales a jefas de familia en condiciones de pobreza extrema, as\u00ed como Mujeres de la Primavera, que brinda microcr\u00e9ditos con tasa de inter\u00e9s del 0 por ciento para mujeres trabajadoras por cuenta propia.<\/p>\n\n\n\n<p>Tambi\u00e9n se impulsa Mujeres que Transforman, con cr\u00e9ditos productivos para emprendedoras, adem\u00e1s de acciones como Farmacias Bienestar y la Tarjeta Joven, que ampl\u00edan el acceso a servicios de salud y actividades culturales.<\/p>\n\n\n\n<p>Estas iniciativas forman parte de la estrategia del Gobierno del Estado para fortalecer el bienestar, la inclusi\u00f3n econ\u00f3mica y las oportunidades de desarrollo para las mujeres en Oaxaca, mediante acciones que contribuyan a reducir brechas de desigualdad y construir un estado con mayores oportunidades para todas.<\/p>\n\n\n\n<p><em>-0-<\/em><\/p>\n","protected":false},"excerpt":{"rendered":"<p>\u2022 La Primavera Oaxaque\u00f1a impulsa programas que fortalecen el bienestar y la autonom\u00eda de las&#8230;<\/p>\n","protected":false},"author":4,"featured_media":51843,"comment_status":"","ping_status":"open","sticky":false,"template":"","format":"standard","meta":{"footnotes":""},"categories":[9],"tags":[316,238],"jetpack_sharing_enabled":true,"featured_image_urls":{"full":["https:\/\/contextoanalisisperiodistico.com\/wp-content\/uploads\/2026\/03\/IMG-20260307-WA0069.jpg",900,900,false],"thumbnail":["https:\/\/contextoanalisisperiodistico.com\/wp-content\/uploads\/2026\/03\/IMG-20260307-WA0069-150x150.jpg",150,150,true],"medium":["https:\/\/contextoanalisisperiodistico.com\/wp-content\/uploads\/2026\/03\/IMG-20260307-WA0069-300x300.jpg",300,300,true],"medium_large":["https:\/\/contextoanalisisperiodistico.com\/wp-content\/uploads\/2026\/03\/IMG-20260307-WA0069-768x768.jpg",640,640,true],"large":["https:\/\/contextoanalisisperiodistico.com\/wp-content\/uploads\/2026\/03\/IMG-20260307-WA0069.jpg",640,640,false],"1536x1536":["https:\/\/contextoanalisisperiodistico.com\/wp-content\/uploads\/2026\/03\/IMG-20260307-WA0069.jpg",900,900,false],"2048x2048":["https:\/\/contextoanalisisperiodistico.com\/wp-content\/uploads\/2026\/03\/IMG-20260307-WA0069.jpg",900,900,false],"covernews-slider-full":["https:\/\/contextoanalisisperiodistico.com\/wp-content\/uploads\/2026\/03\/IMG-20260307-WA0069-900x715.jpg",900,715,true],"covernews-slider-center":["https:\/\/contextoanalisisperiodistico.com\/wp-content\/uploads\/2026\/03\/IMG-20260307-WA0069-800x500.jpg",800,500,true],"covernews-featured":["https:\/\/contextoanalisisperiodistico.com\/wp-content\/uploads\/2026\/03\/IMG-20260307-WA0069.jpg",900,900,false],"covernews-medium":["https:\/\/contextoanalisisperiodistico.com\/wp-content\/uploads\/2026\/03\/IMG-20260307-WA0069-540x340.jpg",540,340,true],"covernews-medium-square":["https:\/\/contextoanalisisperiodistico.com\/wp-content\/uploads\/2026\/03\/IMG-20260307-WA0069-400x250.jpg",400,250,true]},"author_info":{"display_name":"Mario Gir\u00f3n","author_link":"https:\/\/contextoanalisisperiodistico.com\/index.php\/author\/director\/"},"category_info":"<a href=\"https:\/\/contextoanalisisperiodistico.com\/index.php\/category\/politica\/\" rel=\"category tag\">Pol\u00edtica<\/a>","tag_info":"Pol\u00edtica","comment_count":"0","jetpack_featured_media_url":"https:\/\/contextoanalisisperiodistico.com\/wp-content\/uploads\/2026\/03\/IMG-20260307-WA0069.jpg","_links":{"self":[{"href":"https:\/\/contextoanalisisperiodistico.com\/index.php\/wp-json\/wp\/v2\/posts\/51844"}],"collection":[{"href":"https:\/\/contextoanalisisperiodistico.com\/index.php\/wp-json\/wp\/v2\/posts"}],"about":[{"href":"https:\/\/contextoanalisisperiodistico.com\/index.php\/wp-json\/wp\/v2\/types\/post"}],"author":[{"embeddable":true,"href":"https:\/\/contextoanalisisperiodistico.com\/index.php\/wp-json\/wp\/v2\/users\/4"}],"replies":[{"embeddable":true,"href":"https:\/\/contextoanalisisperiodistico.com\/index.php\/wp-json\/wp\/v2\/comments?post=51844"}],"version-history":[{"count":0,"href":"https:\/\/contextoanalisisperiodistico.com\/index.php\/wp-json\/wp\/v2\/posts\/51844\/revisions"}],"wp:featuredmedia":[{"embeddable":true,"href":"https:\/\/contextoanalisisperiodistico.com\/index.php\/wp-json\/wp\/v2\/media\/51843"}],"wp:attachment":[{"href":"https:\/\/contextoanalisisperiodistico.com\/index.php\/wp-json\/wp\/v2\/media?parent=51844"}],"wp:term":[{"taxonomy":"category","embeddable":true,"href":"https:\/\/contextoanalisisperiodistico.com\/index.php\/wp-json\/wp\/v2\/categories?post=51844"},{"taxonomy":"post_tag","embeddable":true,"href":"https:\/\/contextoanalisisperiodistico.com\/index.php\/wp-json\/wp\/v2\/tags?post=51844"}],"curies":[{"name":"wp","href":"https:\/\/api.w.org\/{rel}","templated":true}]}}