{"id":51840,"date":"2026-03-08T12:57:43","date_gmt":"2026-03-08T18:57:43","guid":{"rendered":"https:\/\/contextoanalisisperiodistico.com\/index.php\/2026\/03\/08\/inicia-salomon-jara-programa-estatal-de-desazolve-en-valles-centrales\/"},"modified":"2026-03-08T12:57:43","modified_gmt":"2026-03-08T18:57:43","slug":"inicia-salomon-jara-programa-estatal-de-desazolve-en-valles-centrales","status":"publish","type":"post","link":"https:\/\/contextoanalisisperiodistico.com\/index.php\/2026\/03\/08\/inicia-salomon-jara-programa-estatal-de-desazolve-en-valles-centrales\/","title":{"rendered":"Inicia Salom\u00f3n Jara Programa Estatal de Desazolve en Valles Centrales"},"content":{"rendered":"<div id=\"fb-root\"><\/div>\n\n<p>\u2022 Con una inversi\u00f3n superior a 15 millones de pesos se intervendr\u00e1n m\u00e1s de 85 presas, pozos y retenes<\/p>\n\n\n\n<figure class=\"wp-block-image size-large\"><img fetchpriority=\"high\" decoding=\"async\" width=\"1024\" height=\"683\" src=\"https:\/\/contextoanalisisperiodistico.com\/wp-content\/uploads\/2026\/03\/10001141267533418003205347977-1024x683.jpg\" alt=\"\" class=\"wp-image-51835\" srcset=\"https:\/\/contextoanalisisperiodistico.com\/wp-content\/uploads\/2026\/03\/10001141267533418003205347977-1024x683.jpg 1024w, https:\/\/contextoanalisisperiodistico.com\/wp-content\/uploads\/2026\/03\/10001141267533418003205347977-300x200.jpg 300w, https:\/\/contextoanalisisperiodistico.com\/wp-content\/uploads\/2026\/03\/10001141267533418003205347977-768x512.jpg 768w, https:\/\/contextoanalisisperiodistico.com\/wp-content\/uploads\/2026\/03\/10001141267533418003205347977-1536x1025.jpg 1536w, https:\/\/contextoanalisisperiodistico.com\/wp-content\/uploads\/2026\/03\/10001141267533418003205347977.jpg 2000w\" sizes=\"(max-width: 1024px) 100vw, 1024px\" \/><\/figure>\n\n\n\n<figure class=\"wp-block-image size-large\"><img decoding=\"async\" width=\"1024\" height=\"768\" src=\"https:\/\/contextoanalisisperiodistico.com\/wp-content\/uploads\/2026\/03\/img-20260308-wa00186421462701437592662-1024x768.jpg\" alt=\"\" class=\"wp-image-51838\" srcset=\"https:\/\/contextoanalisisperiodistico.com\/wp-content\/uploads\/2026\/03\/img-20260308-wa00186421462701437592662-1024x768.jpg 1024w, https:\/\/contextoanalisisperiodistico.com\/wp-content\/uploads\/2026\/03\/img-20260308-wa00186421462701437592662-300x225.jpg 300w, https:\/\/contextoanalisisperiodistico.com\/wp-content\/uploads\/2026\/03\/img-20260308-wa00186421462701437592662-768x576.jpg 768w, https:\/\/contextoanalisisperiodistico.com\/wp-content\/uploads\/2026\/03\/img-20260308-wa00186421462701437592662-1536x1152.jpg 1536w, https:\/\/contextoanalisisperiodistico.com\/wp-content\/uploads\/2026\/03\/img-20260308-wa00186421462701437592662.jpg 1600w\" sizes=\"(max-width: 1024px) 100vw, 1024px\" \/><\/figure>\n\n\n\n<figure class=\"wp-block-image\"><img decoding=\"async\" width=\"1024\" height=\"768\" src=\"https:\/\/contextoanalisisperiodistico.com\/wp-content\/uploads\/2026\/03\/img-20260308-wa00173650726369999753136-1024x768.jpg\" alt=\"\" class=\"wp-image-51837\" srcset=\"https:\/\/contextoanalisisperiodistico.com\/wp-content\/uploads\/2026\/03\/img-20260308-wa00173650726369999753136-1024x768.jpg 1024w, https:\/\/contextoanalisisperiodistico.com\/wp-content\/uploads\/2026\/03\/img-20260308-wa00173650726369999753136-300x225.jpg 300w, https:\/\/contextoanalisisperiodistico.com\/wp-content\/uploads\/2026\/03\/img-20260308-wa00173650726369999753136-768x576.jpg 768w, https:\/\/contextoanalisisperiodistico.com\/wp-content\/uploads\/2026\/03\/img-20260308-wa00173650726369999753136-1536x1152.jpg 1536w, https:\/\/contextoanalisisperiodistico.com\/wp-content\/uploads\/2026\/03\/img-20260308-wa00173650726369999753136.jpg 1600w\" sizes=\"(max-width: 1024px) 100vw, 1024px\" \/><\/figure>\n\n\n\n<figure class=\"wp-block-image\"><img loading=\"lazy\" decoding=\"async\" width=\"1024\" height=\"683\" src=\"https:\/\/contextoanalisisperiodistico.com\/wp-content\/uploads\/2026\/03\/img-20260308-wa00247255432631131907720-1024x683.jpg\" alt=\"\" class=\"wp-image-51839\" srcset=\"https:\/\/contextoanalisisperiodistico.com\/wp-content\/uploads\/2026\/03\/img-20260308-wa00247255432631131907720-1024x683.jpg 1024w, https:\/\/contextoanalisisperiodistico.com\/wp-content\/uploads\/2026\/03\/img-20260308-wa00247255432631131907720-300x200.jpg 300w, https:\/\/contextoanalisisperiodistico.com\/wp-content\/uploads\/2026\/03\/img-20260308-wa00247255432631131907720-768x512.jpg 768w, https:\/\/contextoanalisisperiodistico.com\/wp-content\/uploads\/2026\/03\/img-20260308-wa00247255432631131907720-1536x1025.jpg 1536w, https:\/\/contextoanalisisperiodistico.com\/wp-content\/uploads\/2026\/03\/img-20260308-wa00247255432631131907720.jpg 2000w\" sizes=\"(max-width: 1024px) 100vw, 1024px\" \/><\/figure>\n\n\n\n<p>Santo Domingo Tomaltepec, Oax., 8 de marzo de 2026.- Desde la represa \u201cLa Mina\u201d, ubicada en el municipio de Santo Domingo Tomaltepec, el Gobernador Salom\u00f3n Jara Cruz dio el banderazo de inicio al Programa Estatal de Desazolve en bordos, presas y retenes, una estrategia que busca fortalecer la captaci\u00f3n de agua de lluvia y mejorar las condiciones para la producci\u00f3n agr\u00edcola en la regi\u00f3n.<\/p>\n\n\n\n<p>El mandatario estatal inform\u00f3 que este programa contempla una inversi\u00f3n superior a 15 millones de pesos para intervenir m\u00e1s de 85 presas, pozos y retenes en los Valles Centrales de Oaxaca. Estas acciones permitir\u00e1n recuperar gradualmente la capacidad de almacenamiento de agua y beneficiar a m\u00e1s de 160 hect\u00e1reas de riego en la zona.<\/p>\n\n\n\n<p>En una primera etapa se destinar\u00e1n 800 mil pesos para iniciar los trabajos en esta represa, mediante la extracci\u00f3n de azolve, limpieza y conformaci\u00f3n de bordos, lo que contribuir\u00e1 a mejorar la captaci\u00f3n de agua y favorecer la recarga de los acu\u00edferos, en una regi\u00f3n donde el estiaje representa un desaf\u00edo constante.<\/p>\n\n\n\n<p>Estas acciones se realizan a trav\u00e9s del programa Ma\u00edces Nativos, en su componente de microcuencas, con el objetivo de fortalecer la resiliencia del campo ante la sequ\u00eda y mejorar las condiciones para las actividades productivas.<\/p>\n\n\n\n<p>Durante la jornada tambi\u00e9n se realiz\u00f3 la siembra de 50 mil cr\u00edas de tilapia para el repoblamiento de la represa \u201cLa Mina\u201d. Asimismo, el gobernador inform\u00f3 que se han entregado 12 mil cr\u00edas sexadas a productores de Villa de Mitla, San Lorenzo Cacaotepec, San Bartolo Coyotepec y San Francisco Lachigol\u00f3, producidas en el Centro Acu\u00edcola Certificado de Jalapa del Marqu\u00e9s.<\/p>\n\n\n\n<p>Con estas acciones, la Primavera Oaxaque\u00f1a impulsa una estrategia integral para mejorar la disponibilidad de agua, fortalecer la producci\u00f3n agr\u00edcola y generar nuevas oportunidades para las familias del campo.<\/p>\n\n\n\n<p><em>-0-<\/em><\/p>\n","protected":false},"excerpt":{"rendered":"<p>\u2022 Con una inversi\u00f3n superior a 15 millones de pesos se intervendr\u00e1n m\u00e1s de 85&#8230;<\/p>\n","protected":false},"author":4,"featured_media":51836,"comment_status":"","ping_status":"open","sticky":false,"template":"","format":"standard","meta":{"footnotes":""},"categories":[9],"tags":[316],"jetpack_sharing_enabled":true,"featured_image_urls":{"full":["https:\/\/contextoanalisisperiodistico.com\/wp-content\/uploads\/2026\/03\/IMG-20260308-WA0030-scaled.jpg",2560,1707,false],"thumbnail":["https:\/\/contextoanalisisperiodistico.com\/wp-content\/uploads\/2026\/03\/IMG-20260308-WA0030-150x150.jpg",150,150,true],"medium":["https:\/\/contextoanalisisperiodistico.com\/wp-content\/uploads\/2026\/03\/IMG-20260308-WA0030-300x200.jpg",300,200,true],"medium_large":["https:\/\/contextoanalisisperiodistico.com\/wp-content\/uploads\/2026\/03\/IMG-20260308-WA0030-768x512.jpg",640,427,true],"large":["https:\/\/contextoanalisisperiodistico.com\/wp-content\/uploads\/2026\/03\/IMG-20260308-WA0030-1024x683.jpg",640,427,true],"1536x1536":["https:\/\/contextoanalisisperiodistico.com\/wp-content\/uploads\/2026\/03\/IMG-20260308-WA0030-1536x1024.jpg",1536,1024,true],"2048x2048":["https:\/\/contextoanalisisperiodistico.com\/wp-content\/uploads\/2026\/03\/IMG-20260308-WA0030-2048x1366.jpg",2048,1366,true],"covernews-slider-full":["https:\/\/contextoanalisisperiodistico.com\/wp-content\/uploads\/2026\/03\/IMG-20260308-WA0030-1115x715.jpg",1115,715,true],"covernews-slider-center":["https:\/\/contextoanalisisperiodistico.com\/wp-content\/uploads\/2026\/03\/IMG-20260308-WA0030-800x500.jpg",800,500,true],"covernews-featured":["https:\/\/contextoanalisisperiodistico.com\/wp-content\/uploads\/2026\/03\/IMG-20260308-WA0030-scaled.jpg",1024,683,false],"covernews-medium":["https:\/\/contextoanalisisperiodistico.com\/wp-content\/uploads\/2026\/03\/IMG-20260308-WA0030-scaled.jpg",510,340,false],"covernews-medium-square":["https:\/\/contextoanalisisperiodistico.com\/wp-content\/uploads\/2026\/03\/IMG-20260308-WA0030-scaled.jpg",375,250,false]},"author_info":{"display_name":"Mario Gir\u00f3n","author_link":"https:\/\/contextoanalisisperiodistico.com\/index.php\/author\/director\/"},"category_info":"<a href=\"https:\/\/contextoanalisisperiodistico.com\/index.php\/category\/politica\/\" rel=\"category tag\">Pol\u00edtica<\/a>","tag_info":"Pol\u00edtica","comment_count":"0","jetpack_featured_media_url":"https:\/\/contextoanalisisperiodistico.com\/wp-content\/uploads\/2026\/03\/IMG-20260308-WA0030-scaled.jpg","_links":{"self":[{"href":"https:\/\/contextoanalisisperiodistico.com\/index.php\/wp-json\/wp\/v2\/posts\/51840"}],"collection":[{"href":"https:\/\/contextoanalisisperiodistico.com\/index.php\/wp-json\/wp\/v2\/posts"}],"about":[{"href":"https:\/\/contextoanalisisperiodistico.com\/index.php\/wp-json\/wp\/v2\/types\/post"}],"author":[{"embeddable":true,"href":"https:\/\/contextoanalisisperiodistico.com\/index.php\/wp-json\/wp\/v2\/users\/4"}],"replies":[{"embeddable":true,"href":"https:\/\/contextoanalisisperiodistico.com\/index.php\/wp-json\/wp\/v2\/comments?post=51840"}],"version-history":[{"count":0,"href":"https:\/\/contextoanalisisperiodistico.com\/index.php\/wp-json\/wp\/v2\/posts\/51840\/revisions"}],"wp:featuredmedia":[{"embeddable":true,"href":"https:\/\/contextoanalisisperiodistico.com\/index.php\/wp-json\/wp\/v2\/media\/51836"}],"wp:attachment":[{"href":"https:\/\/contextoanalisisperiodistico.com\/index.php\/wp-json\/wp\/v2\/media?parent=51840"}],"wp:term":[{"taxonomy":"category","embeddable":true,"href":"https:\/\/contextoanalisisperiodistico.com\/index.php\/wp-json\/wp\/v2\/categories?post=51840"},{"taxonomy":"post_tag","embeddable":true,"href":"https:\/\/contextoanalisisperiodistico.com\/index.php\/wp-json\/wp\/v2\/tags?post=51840"}],"curies":[{"name":"wp","href":"https:\/\/api.w.org\/{rel}","templated":true}]}}