{"id":51832,"date":"2026-03-08T12:16:21","date_gmt":"2026-03-08T18:16:21","guid":{"rendered":"https:\/\/contextoanalisisperiodistico.com\/index.php\/2026\/03\/08\/gobierno-municipal-fortalece-dialogo-institucional-con-la-arquidiocesis-de-antequera-oaxaca\/"},"modified":"2026-03-08T12:16:21","modified_gmt":"2026-03-08T18:16:21","slug":"gobierno-municipal-fortalece-dialogo-institucional-con-la-arquidiocesis-de-antequera-oaxaca","status":"publish","type":"post","link":"https:\/\/contextoanalisisperiodistico.com\/index.php\/2026\/03\/08\/gobierno-municipal-fortalece-dialogo-institucional-con-la-arquidiocesis-de-antequera-oaxaca\/","title":{"rendered":"Gobierno municipal fortalece di\u00e1logo institucional con la Arquidi\u00f3cesis de Antequera &#8211; Oaxaca"},"content":{"rendered":"<div id=\"fb-root\"><\/div>\n\n<ul class=\"wp-block-list\">\n<li>El presidente municipal Ray Chagoya sostuvo un encuentro con el arzobispo Pedro V\u00e1squez Villalobos para dialogar sobre temas de inter\u00e9s para la capital.<\/li>\n<\/ul>\n\n\n\n<p>Oaxaca de Ju\u00e1rez, Oax., 8 de marzo de 2026. \u2014 Con el objetivo de fortalecer el di\u00e1logo institucional y la colaboraci\u00f3n en favor de la ciudad, el presidente municipal de Oaxaca de Ju\u00e1rez, Ray Chagoya, sostuvo una reuni\u00f3n con el arzobispo de la Arquidi\u00f3cesis de Antequera &#8211; Oaxaca, Pedro V\u00e1squez Villalobos.<\/p>\n\n\n\n<p>En el encuentro tambi\u00e9n participaron la s\u00edndica primera municipal, Obtulia Salgado Delgado, y la regidora de Hacienda Municipal, Juana Matilde Garc\u00eda V\u00e1squez, quienes acompa\u00f1aron este espacio de di\u00e1logo institucional.<\/p>\n\n\n\n<p>Durante la reuni\u00f3n se intercambiaron puntos de vista sobre diversos temas de inter\u00e9s para la capital, destacando la importancia de mantener canales de comunicaci\u00f3n y coordinaci\u00f3n entre instituciones en beneficio de las vecinas y vecinos de Oaxaca de Ju\u00e1rez.<\/p>\n\n\n\n<p>El Gobierno Municipal reiter\u00f3 su disposici\u00f3n de continuar promoviendo el di\u00e1logo y la colaboraci\u00f3n con distintos sectores de la sociedad para fortalecer el bienestar y el desarrollo de la capital.<\/p>\n","protected":false},"excerpt":{"rendered":"<p>Oaxaca de Ju\u00e1rez, Oax., 8 de marzo de 2026. \u2014 Con el objetivo de fortalecer&#8230;<\/p>\n","protected":false},"author":4,"featured_media":51831,"comment_status":"","ping_status":"open","sticky":false,"template":"","format":"standard","meta":{"footnotes":""},"categories":[9],"tags":[316,353,359,380],"jetpack_sharing_enabled":true,"featured_image_urls":{"full":["https:\/\/contextoanalisisperiodistico.com\/wp-content\/uploads\/2026\/03\/IMG-20260308-WA0003.jpg",1069,715,false],"thumbnail":["https:\/\/contextoanalisisperiodistico.com\/wp-content\/uploads\/2026\/03\/IMG-20260308-WA0003-150x150.jpg",150,150,true],"medium":["https:\/\/contextoanalisisperiodistico.com\/wp-content\/uploads\/2026\/03\/IMG-20260308-WA0003-300x201.jpg",300,201,true],"medium_large":["https:\/\/contextoanalisisperiodistico.com\/wp-content\/uploads\/2026\/03\/IMG-20260308-WA0003-768x514.jpg",640,428,true],"large":["https:\/\/contextoanalisisperiodistico.com\/wp-content\/uploads\/2026\/03\/IMG-20260308-WA0003-1024x685.jpg",640,428,true],"1536x1536":["https:\/\/contextoanalisisperiodistico.com\/wp-content\/uploads\/2026\/03\/IMG-20260308-WA0003.jpg",1069,715,false],"2048x2048":["https:\/\/contextoanalisisperiodistico.com\/wp-content\/uploads\/2026\/03\/IMG-20260308-WA0003.jpg",1069,715,false],"covernews-slider-full":["https:\/\/contextoanalisisperiodistico.com\/wp-content\/uploads\/2026\/03\/IMG-20260308-WA0003.jpg",1069,715,false],"covernews-slider-center":["https:\/\/contextoanalisisperiodistico.com\/wp-content\/uploads\/2026\/03\/IMG-20260308-WA0003-800x500.jpg",800,500,true],"covernews-featured":["https:\/\/contextoanalisisperiodistico.com\/wp-content\/uploads\/2026\/03\/IMG-20260308-WA0003-1024x685.jpg",1024,685,true],"covernews-medium":["https:\/\/contextoanalisisperiodistico.com\/wp-content\/uploads\/2026\/03\/IMG-20260308-WA0003-540x340.jpg",540,340,true],"covernews-medium-square":["https:\/\/contextoanalisisperiodistico.com\/wp-content\/uploads\/2026\/03\/IMG-20260308-WA0003-400x250.jpg",400,250,true]},"author_info":{"display_name":"Mario Gir\u00f3n","author_link":"https:\/\/contextoanalisisperiodistico.com\/index.php\/author\/director\/"},"category_info":"<a href=\"https:\/\/contextoanalisisperiodistico.com\/index.php\/category\/politica\/\" rel=\"category tag\">Pol\u00edtica<\/a>","tag_info":"Pol\u00edtica","comment_count":"0","jetpack_featured_media_url":"https:\/\/contextoanalisisperiodistico.com\/wp-content\/uploads\/2026\/03\/IMG-20260308-WA0003.jpg","_links":{"self":[{"href":"https:\/\/contextoanalisisperiodistico.com\/index.php\/wp-json\/wp\/v2\/posts\/51832"}],"collection":[{"href":"https:\/\/contextoanalisisperiodistico.com\/index.php\/wp-json\/wp\/v2\/posts"}],"about":[{"href":"https:\/\/contextoanalisisperiodistico.com\/index.php\/wp-json\/wp\/v2\/types\/post"}],"author":[{"embeddable":true,"href":"https:\/\/contextoanalisisperiodistico.com\/index.php\/wp-json\/wp\/v2\/users\/4"}],"replies":[{"embeddable":true,"href":"https:\/\/contextoanalisisperiodistico.com\/index.php\/wp-json\/wp\/v2\/comments?post=51832"}],"version-history":[{"count":0,"href":"https:\/\/contextoanalisisperiodistico.com\/index.php\/wp-json\/wp\/v2\/posts\/51832\/revisions"}],"wp:featuredmedia":[{"embeddable":true,"href":"https:\/\/contextoanalisisperiodistico.com\/index.php\/wp-json\/wp\/v2\/media\/51831"}],"wp:attachment":[{"href":"https:\/\/contextoanalisisperiodistico.com\/index.php\/wp-json\/wp\/v2\/media?parent=51832"}],"wp:term":[{"taxonomy":"category","embeddable":true,"href":"https:\/\/contextoanalisisperiodistico.com\/index.php\/wp-json\/wp\/v2\/categories?post=51832"},{"taxonomy":"post_tag","embeddable":true,"href":"https:\/\/contextoanalisisperiodistico.com\/index.php\/wp-json\/wp\/v2\/tags?post=51832"}],"curies":[{"name":"wp","href":"https:\/\/api.w.org\/{rel}","templated":true}]}}