{"id":51803,"date":"2026-03-07T13:55:53","date_gmt":"2026-03-07T19:55:53","guid":{"rendered":"https:\/\/contextoanalisisperiodistico.com\/index.php\/2026\/03\/07\/fortalece-el-senador-nino-morales-la-unidad-de-morena-en-sesion-nacional-junto-a-luisa-maria-alcalde\/"},"modified":"2026-03-07T14:02:21","modified_gmt":"2026-03-07T20:02:21","slug":"fortalece-el-senador-nino-morales-la-unidad-de-morena-en-sesion-nacional-junto-a-luisa-maria-alcalde","status":"publish","type":"post","link":"https:\/\/contextoanalisisperiodistico.com\/index.php\/2026\/03\/07\/fortalece-el-senador-nino-morales-la-unidad-de-morena-en-sesion-nacional-junto-a-luisa-maria-alcalde\/","title":{"rendered":"Fortalece el senador Nino Morales la unidad de Morena en sesi\u00f3n nacional junto a Luisa Mar\u00eda Alcalde"},"content":{"rendered":"<div id=\"fb-root\"><\/div>\n\n<p>* <em>El senador zapoteco Antonino Morales Toledo particip\u00f3 en la 7\u00aa Sesi\u00f3n Ordinaria de Morena en la CDMX, destacando que la mayor fortaleza del partido es caminar el territorio y escuchar al pueblo.<\/em><\/p>\n\n\n\n<p>Morena naci\u00f3 en la defensa de la transformaci\u00f3n y en ese camino, nos encontramos, sostuvo el senador oaxaque\u00f1o Antonino Morales Toledo, al participar, en la Ciudad de M\u00e9xico en la 7\u00aa Sesi\u00f3n Ordinaria del Consejo Nacional de su partido pol\u00edtico.<\/p>\n\n\n\n<p>A trav\u00e9s de sus redes sociales, el legislador zapoteco, dio a conocer su participaci\u00f3n a lado de la dirigente nacional Luisa Mar\u00eda Alcalde, as\u00ed como de consejeras y consejeros de todo el pa\u00eds, quienes comprometidos con la transformaci\u00f3n asisten para remarcar el rumbo del partido guinda.<\/p>\n\n\n\n<p>\u00abDesde este encuentro nacional seguiremos fortaleciendo nuestro movimiento y reafirmando el compromiso con los principios que nos dieron origen, estar siempre del lado del pueblo y trabajar por la transformaci\u00f3n de M\u00e9xico\u00bb, dijo Nino Morales en sus redes sociales.<\/p>\n\n\n\n<p>Asimismo, el senador morenista, destac\u00f3 que andar en territorio, escuchar al pueblo y caminar con convicci\u00f3n anteponiendo los valores y principios de la transformaci\u00f3n es la mayor de las fortalezas del movimiento y que con convencimiento abandera tanto en la m\u00e1xima tribuna del pa\u00eds, como en su contacto con la gente de los pueblos.<\/p>\n\n\n\n<figure class=\"wp-block-image size-large\"><img fetchpriority=\"high\" decoding=\"async\" width=\"1024\" height=\"768\" src=\"https:\/\/contextoanalisisperiodistico.com\/wp-content\/uploads\/2026\/03\/img-20260307-wa00632891950452861813400-1024x768.jpg\" alt=\"\" class=\"wp-image-51802\" srcset=\"https:\/\/contextoanalisisperiodistico.com\/wp-content\/uploads\/2026\/03\/img-20260307-wa00632891950452861813400-1024x768.jpg 1024w, https:\/\/contextoanalisisperiodistico.com\/wp-content\/uploads\/2026\/03\/img-20260307-wa00632891950452861813400-300x225.jpg 300w, https:\/\/contextoanalisisperiodistico.com\/wp-content\/uploads\/2026\/03\/img-20260307-wa00632891950452861813400-768x576.jpg 768w, https:\/\/contextoanalisisperiodistico.com\/wp-content\/uploads\/2026\/03\/img-20260307-wa00632891950452861813400-1536x1152.jpg 1536w, https:\/\/contextoanalisisperiodistico.com\/wp-content\/uploads\/2026\/03\/img-20260307-wa00632891950452861813400.jpg 1600w\" sizes=\"(max-width: 1024px) 100vw, 1024px\" \/><\/figure>\n\n\n\n<figure class=\"wp-block-image\"><img decoding=\"async\" width=\"669\" height=\"1024\" src=\"https:\/\/contextoanalisisperiodistico.com\/wp-content\/uploads\/2026\/03\/img-20260307-wa00656733775994497495148-669x1024.jpg\" alt=\"\" class=\"wp-image-51801\" srcset=\"https:\/\/contextoanalisisperiodistico.com\/wp-content\/uploads\/2026\/03\/img-20260307-wa00656733775994497495148-669x1024.jpg 669w, https:\/\/contextoanalisisperiodistico.com\/wp-content\/uploads\/2026\/03\/img-20260307-wa00656733775994497495148-196x300.jpg 196w, https:\/\/contextoanalisisperiodistico.com\/wp-content\/uploads\/2026\/03\/img-20260307-wa00656733775994497495148-768x1175.jpg 768w, https:\/\/contextoanalisisperiodistico.com\/wp-content\/uploads\/2026\/03\/img-20260307-wa00656733775994497495148.jpg 984w\" sizes=\"(max-width: 669px) 100vw, 669px\" \/><\/figure>\n","protected":false},"excerpt":{"rendered":"<p>* El senador zapoteco Antonino Morales Toledo particip\u00f3 en la 7\u00aa Sesi\u00f3n Ordinaria de Morena&#8230;<\/p>\n","protected":false},"author":4,"featured_media":51800,"comment_status":"closed","ping_status":"open","sticky":false,"template":"","format":"standard","meta":{"footnotes":""},"categories":[9],"tags":[316,342,396],"jetpack_sharing_enabled":true,"featured_image_urls":{"full":["https:\/\/contextoanalisisperiodistico.com\/wp-content\/uploads\/2026\/03\/IMG-20260307-WA0064.jpg",1280,960,false],"thumbnail":["https:\/\/contextoanalisisperiodistico.com\/wp-content\/uploads\/2026\/03\/IMG-20260307-WA0064-150x150.jpg",150,150,true],"medium":["https:\/\/contextoanalisisperiodistico.com\/wp-content\/uploads\/2026\/03\/IMG-20260307-WA0064-300x225.jpg",300,225,true],"medium_large":["https:\/\/contextoanalisisperiodistico.com\/wp-content\/uploads\/2026\/03\/IMG-20260307-WA0064-768x576.jpg",640,480,true],"large":["https:\/\/contextoanalisisperiodistico.com\/wp-content\/uploads\/2026\/03\/IMG-20260307-WA0064-1024x768.jpg",640,480,true],"1536x1536":["https:\/\/contextoanalisisperiodistico.com\/wp-content\/uploads\/2026\/03\/IMG-20260307-WA0064.jpg",1280,960,false],"2048x2048":["https:\/\/contextoanalisisperiodistico.com\/wp-content\/uploads\/2026\/03\/IMG-20260307-WA0064.jpg",1280,960,false],"covernews-slider-full":["https:\/\/contextoanalisisperiodistico.com\/wp-content\/uploads\/2026\/03\/IMG-20260307-WA0064-1115x715.jpg",1115,715,true],"covernews-slider-center":["https:\/\/contextoanalisisperiodistico.com\/wp-content\/uploads\/2026\/03\/IMG-20260307-WA0064-800x500.jpg",800,500,true],"covernews-featured":["https:\/\/contextoanalisisperiodistico.com\/wp-content\/uploads\/2026\/03\/IMG-20260307-WA0064-1024x768.jpg",1024,768,true],"covernews-medium":["https:\/\/contextoanalisisperiodistico.com\/wp-content\/uploads\/2026\/03\/IMG-20260307-WA0064-540x340.jpg",540,340,true],"covernews-medium-square":["https:\/\/contextoanalisisperiodistico.com\/wp-content\/uploads\/2026\/03\/IMG-20260307-WA0064-400x250.jpg",400,250,true]},"author_info":{"display_name":"Mario Gir\u00f3n","author_link":"https:\/\/contextoanalisisperiodistico.com\/index.php\/author\/director\/"},"category_info":"<a href=\"https:\/\/contextoanalisisperiodistico.com\/index.php\/category\/politica\/\" rel=\"category tag\">Pol\u00edtica<\/a>","tag_info":"Pol\u00edtica","comment_count":"0","jetpack_featured_media_url":"https:\/\/contextoanalisisperiodistico.com\/wp-content\/uploads\/2026\/03\/IMG-20260307-WA0064.jpg","_links":{"self":[{"href":"https:\/\/contextoanalisisperiodistico.com\/index.php\/wp-json\/wp\/v2\/posts\/51803"}],"collection":[{"href":"https:\/\/contextoanalisisperiodistico.com\/index.php\/wp-json\/wp\/v2\/posts"}],"about":[{"href":"https:\/\/contextoanalisisperiodistico.com\/index.php\/wp-json\/wp\/v2\/types\/post"}],"author":[{"embeddable":true,"href":"https:\/\/contextoanalisisperiodistico.com\/index.php\/wp-json\/wp\/v2\/users\/4"}],"replies":[{"embeddable":true,"href":"https:\/\/contextoanalisisperiodistico.com\/index.php\/wp-json\/wp\/v2\/comments?post=51803"}],"version-history":[{"count":3,"href":"https:\/\/contextoanalisisperiodistico.com\/index.php\/wp-json\/wp\/v2\/posts\/51803\/revisions"}],"predecessor-version":[{"id":51806,"href":"https:\/\/contextoanalisisperiodistico.com\/index.php\/wp-json\/wp\/v2\/posts\/51803\/revisions\/51806"}],"wp:featuredmedia":[{"embeddable":true,"href":"https:\/\/contextoanalisisperiodistico.com\/index.php\/wp-json\/wp\/v2\/media\/51800"}],"wp:attachment":[{"href":"https:\/\/contextoanalisisperiodistico.com\/index.php\/wp-json\/wp\/v2\/media?parent=51803"}],"wp:term":[{"taxonomy":"category","embeddable":true,"href":"https:\/\/contextoanalisisperiodistico.com\/index.php\/wp-json\/wp\/v2\/categories?post=51803"},{"taxonomy":"post_tag","embeddable":true,"href":"https:\/\/contextoanalisisperiodistico.com\/index.php\/wp-json\/wp\/v2\/tags?post=51803"}],"curies":[{"name":"wp","href":"https:\/\/api.w.org\/{rel}","templated":true}]}}