{"id":51799,"date":"2026-03-07T12:33:46","date_gmt":"2026-03-07T18:33:46","guid":{"rendered":"https:\/\/contextoanalisisperiodistico.com\/index.php\/2026\/03\/07\/gobierno-del-estado-reitera-disposicion-para-instalar-mesa-de-dialogo-con-bajos-de-chila\/"},"modified":"2026-03-07T12:33:46","modified_gmt":"2026-03-07T18:33:46","slug":"gobierno-del-estado-reitera-disposicion-para-instalar-mesa-de-dialogo-con-bajos-de-chila","status":"publish","type":"post","link":"https:\/\/contextoanalisisperiodistico.com\/index.php\/2026\/03\/07\/gobierno-del-estado-reitera-disposicion-para-instalar-mesa-de-dialogo-con-bajos-de-chila\/","title":{"rendered":"Gobierno del Estado reitera disposici\u00f3n para instalar mesa de di\u00e1logo con Bajos de Chila"},"content":{"rendered":"<div id=\"fb-root\"><\/div>\n\n<p>\u2022 Se busca atender la problem\u00e1tica ambiental del relleno sanitario de esta localidad<\/p>\n\n\n\n<figure class=\"wp-block-image size-large\"><img fetchpriority=\"high\" decoding=\"async\" width=\"1024\" height=\"577\" src=\"https:\/\/contextoanalisisperiodistico.com\/wp-content\/uploads\/2026\/03\/img-20260307-wa0062868642199387798184-1024x577.jpg\" alt=\"\" class=\"wp-image-51798\" srcset=\"https:\/\/contextoanalisisperiodistico.com\/wp-content\/uploads\/2026\/03\/img-20260307-wa0062868642199387798184-1024x577.jpg 1024w, https:\/\/contextoanalisisperiodistico.com\/wp-content\/uploads\/2026\/03\/img-20260307-wa0062868642199387798184-300x169.jpg 300w, https:\/\/contextoanalisisperiodistico.com\/wp-content\/uploads\/2026\/03\/img-20260307-wa0062868642199387798184-768x432.jpg 768w, https:\/\/contextoanalisisperiodistico.com\/wp-content\/uploads\/2026\/03\/img-20260307-wa0062868642199387798184.jpg 1428w\" sizes=\"(max-width: 1024px) 100vw, 1024px\" \/><\/figure>\n\n\n\n<p>Oaxaca de Ju\u00e1rez, Oax. 7 de marzo de 2026.- El Gobierno del Estado instal\u00f3 una mesa de resoluci\u00f3n con la localidad Bajos de Chila, en San Pedro Mixtepec, a fin de atender la problem\u00e1tica ambiental del relleno sanitario en esta localidad.<\/p>\n\n\n\n<p>En un marco de respeto y comunicaci\u00f3n abierta, se plantearon respuestas para solucionar las peticiones de las y los habitantes de esta zona de la Costa, adem\u00e1s de brindar un seguimiento puntual.<\/p>\n\n\n\n<p>El Gobierno de la Primavera Oaxaque\u00f1a refrenda su compromiso de avanzar hacia soluciones conjuntas que fortalezcan el bienestar de la poblaci\u00f3n.<\/p>\n\n\n\n<p>-0-<\/p>\n","protected":false},"excerpt":{"rendered":"<p>\u2022 Se busca atender la problem\u00e1tica ambiental del relleno sanitario de esta localidad Oaxaca de&#8230;<\/p>\n","protected":false},"author":4,"featured_media":51797,"comment_status":"","ping_status":"open","sticky":false,"template":"","format":"standard","meta":{"footnotes":""},"categories":[9],"tags":[316,238],"jetpack_sharing_enabled":true,"featured_image_urls":{"full":["https:\/\/contextoanalisisperiodistico.com\/wp-content\/uploads\/2026\/03\/IMG-20260307-WA0061.jpg",1600,900,false],"thumbnail":["https:\/\/contextoanalisisperiodistico.com\/wp-content\/uploads\/2026\/03\/IMG-20260307-WA0061-150x150.jpg",150,150,true],"medium":["https:\/\/contextoanalisisperiodistico.com\/wp-content\/uploads\/2026\/03\/IMG-20260307-WA0061-300x169.jpg",300,169,true],"medium_large":["https:\/\/contextoanalisisperiodistico.com\/wp-content\/uploads\/2026\/03\/IMG-20260307-WA0061-768x432.jpg",640,360,true],"large":["https:\/\/contextoanalisisperiodistico.com\/wp-content\/uploads\/2026\/03\/IMG-20260307-WA0061-1024x576.jpg",640,360,true],"1536x1536":["https:\/\/contextoanalisisperiodistico.com\/wp-content\/uploads\/2026\/03\/IMG-20260307-WA0061-1536x864.jpg",1536,864,true],"2048x2048":["https:\/\/contextoanalisisperiodistico.com\/wp-content\/uploads\/2026\/03\/IMG-20260307-WA0061.jpg",1600,900,false],"covernews-slider-full":["https:\/\/contextoanalisisperiodistico.com\/wp-content\/uploads\/2026\/03\/IMG-20260307-WA0061-1115x715.jpg",1115,715,true],"covernews-slider-center":["https:\/\/contextoanalisisperiodistico.com\/wp-content\/uploads\/2026\/03\/IMG-20260307-WA0061-800x500.jpg",800,500,true],"covernews-featured":["https:\/\/contextoanalisisperiodistico.com\/wp-content\/uploads\/2026\/03\/IMG-20260307-WA0061-1024x576.jpg",1024,576,true],"covernews-medium":["https:\/\/contextoanalisisperiodistico.com\/wp-content\/uploads\/2026\/03\/IMG-20260307-WA0061-540x340.jpg",540,340,true],"covernews-medium-square":["https:\/\/contextoanalisisperiodistico.com\/wp-content\/uploads\/2026\/03\/IMG-20260307-WA0061-400x250.jpg",400,250,true]},"author_info":{"display_name":"Mario Gir\u00f3n","author_link":"https:\/\/contextoanalisisperiodistico.com\/index.php\/author\/director\/"},"category_info":"<a href=\"https:\/\/contextoanalisisperiodistico.com\/index.php\/category\/politica\/\" rel=\"category tag\">Pol\u00edtica<\/a>","tag_info":"Pol\u00edtica","comment_count":"0","jetpack_featured_media_url":"https:\/\/contextoanalisisperiodistico.com\/wp-content\/uploads\/2026\/03\/IMG-20260307-WA0061.jpg","_links":{"self":[{"href":"https:\/\/contextoanalisisperiodistico.com\/index.php\/wp-json\/wp\/v2\/posts\/51799"}],"collection":[{"href":"https:\/\/contextoanalisisperiodistico.com\/index.php\/wp-json\/wp\/v2\/posts"}],"about":[{"href":"https:\/\/contextoanalisisperiodistico.com\/index.php\/wp-json\/wp\/v2\/types\/post"}],"author":[{"embeddable":true,"href":"https:\/\/contextoanalisisperiodistico.com\/index.php\/wp-json\/wp\/v2\/users\/4"}],"replies":[{"embeddable":true,"href":"https:\/\/contextoanalisisperiodistico.com\/index.php\/wp-json\/wp\/v2\/comments?post=51799"}],"version-history":[{"count":0,"href":"https:\/\/contextoanalisisperiodistico.com\/index.php\/wp-json\/wp\/v2\/posts\/51799\/revisions"}],"wp:featuredmedia":[{"embeddable":true,"href":"https:\/\/contextoanalisisperiodistico.com\/index.php\/wp-json\/wp\/v2\/media\/51797"}],"wp:attachment":[{"href":"https:\/\/contextoanalisisperiodistico.com\/index.php\/wp-json\/wp\/v2\/media?parent=51799"}],"wp:term":[{"taxonomy":"category","embeddable":true,"href":"https:\/\/contextoanalisisperiodistico.com\/index.php\/wp-json\/wp\/v2\/categories?post=51799"},{"taxonomy":"post_tag","embeddable":true,"href":"https:\/\/contextoanalisisperiodistico.com\/index.php\/wp-json\/wp\/v2\/tags?post=51799"}],"curies":[{"name":"wp","href":"https:\/\/api.w.org\/{rel}","templated":true}]}}