{"id":51690,"date":"2026-03-04T21:09:41","date_gmt":"2026-03-05T03:09:41","guid":{"rendered":"https:\/\/contextoanalisisperiodistico.com\/index.php\/2026\/03\/04\/gran-inauguracion-del-tianguis-violeta-espacio-de-emprendimiento-para-las-mujeres\/"},"modified":"2026-03-04T21:09:41","modified_gmt":"2026-03-05T03:09:41","slug":"gran-inauguracion-del-tianguis-violeta-espacio-de-emprendimiento-para-las-mujeres","status":"publish","type":"post","link":"https:\/\/contextoanalisisperiodistico.com\/index.php\/2026\/03\/04\/gran-inauguracion-del-tianguis-violeta-espacio-de-emprendimiento-para-las-mujeres\/","title":{"rendered":"Gran Inauguraci\u00f3n del Tianguis Violeta, espacio de emprendimiento para las mujeres"},"content":{"rendered":"<div id=\"fb-root\"><\/div>\n\n<p>El Instituto Municipal de la Mujer, en coordinaci\u00f3n con la Secretar\u00eda de Prosperidad Econ\u00f3mica Vecinal, invita a la inauguraci\u00f3n del Tianguis Violeta, que ser\u00e1 encabezada por el Presidente Municipal de Oaxaca de Ju\u00e1rez Ray Chagoya.<\/p>\n\n\n\n<p>*5 de marzo<br>*\u23f0 11:00 horas<br>*Paseo Ju\u00e1rez El Llano<\/p>\n\n\n\n<p>El Tianguis Violeta es un espacio que impulsa el talento y los emprendimientos de mujeres de nuestra capital.<\/p>\n\n\n\n<p><\/p>\n","protected":false},"excerpt":{"rendered":"<p>El Instituto Municipal de la Mujer, en coordinaci\u00f3n con la Secretar\u00eda de Prosperidad Econ\u00f3mica Vecinal,&#8230;<\/p>\n","protected":false},"author":4,"featured_media":51689,"comment_status":"","ping_status":"open","sticky":false,"template":"","format":"standard","meta":{"footnotes":""},"categories":[3],"tags":[316,353,359,302],"jetpack_sharing_enabled":true,"featured_image_urls":{"full":["https:\/\/contextoanalisisperiodistico.com\/wp-content\/uploads\/2026\/03\/IMG_20260304_210155.jpg",720,812,false],"thumbnail":["https:\/\/contextoanalisisperiodistico.com\/wp-content\/uploads\/2026\/03\/IMG_20260304_210155-150x150.jpg",150,150,true],"medium":["https:\/\/contextoanalisisperiodistico.com\/wp-content\/uploads\/2026\/03\/IMG_20260304_210155-266x300.jpg",266,300,true],"medium_large":["https:\/\/contextoanalisisperiodistico.com\/wp-content\/uploads\/2026\/03\/IMG_20260304_210155.jpg",640,722,false],"large":["https:\/\/contextoanalisisperiodistico.com\/wp-content\/uploads\/2026\/03\/IMG_20260304_210155.jpg",640,722,false],"1536x1536":["https:\/\/contextoanalisisperiodistico.com\/wp-content\/uploads\/2026\/03\/IMG_20260304_210155.jpg",720,812,false],"2048x2048":["https:\/\/contextoanalisisperiodistico.com\/wp-content\/uploads\/2026\/03\/IMG_20260304_210155.jpg",720,812,false],"covernews-slider-full":["https:\/\/contextoanalisisperiodistico.com\/wp-content\/uploads\/2026\/03\/IMG_20260304_210155-720x715.jpg",720,715,true],"covernews-slider-center":["https:\/\/contextoanalisisperiodistico.com\/wp-content\/uploads\/2026\/03\/IMG_20260304_210155-720x500.jpg",720,500,true],"covernews-featured":["https:\/\/contextoanalisisperiodistico.com\/wp-content\/uploads\/2026\/03\/IMG_20260304_210155.jpg",720,812,false],"covernews-medium":["https:\/\/contextoanalisisperiodistico.com\/wp-content\/uploads\/2026\/03\/IMG_20260304_210155-540x340.jpg",540,340,true],"covernews-medium-square":["https:\/\/contextoanalisisperiodistico.com\/wp-content\/uploads\/2026\/03\/IMG_20260304_210155-400x250.jpg",400,250,true]},"author_info":{"display_name":"Mario Gir\u00f3n","author_link":"https:\/\/contextoanalisisperiodistico.com\/index.php\/author\/director\/"},"category_info":"<a href=\"https:\/\/contextoanalisisperiodistico.com\/index.php\/category\/ciudad\/\" rel=\"category tag\">Ciudad<\/a>","tag_info":"Ciudad","comment_count":"0","jetpack_featured_media_url":"https:\/\/contextoanalisisperiodistico.com\/wp-content\/uploads\/2026\/03\/IMG_20260304_210155.jpg","_links":{"self":[{"href":"https:\/\/contextoanalisisperiodistico.com\/index.php\/wp-json\/wp\/v2\/posts\/51690"}],"collection":[{"href":"https:\/\/contextoanalisisperiodistico.com\/index.php\/wp-json\/wp\/v2\/posts"}],"about":[{"href":"https:\/\/contextoanalisisperiodistico.com\/index.php\/wp-json\/wp\/v2\/types\/post"}],"author":[{"embeddable":true,"href":"https:\/\/contextoanalisisperiodistico.com\/index.php\/wp-json\/wp\/v2\/users\/4"}],"replies":[{"embeddable":true,"href":"https:\/\/contextoanalisisperiodistico.com\/index.php\/wp-json\/wp\/v2\/comments?post=51690"}],"version-history":[{"count":0,"href":"https:\/\/contextoanalisisperiodistico.com\/index.php\/wp-json\/wp\/v2\/posts\/51690\/revisions"}],"wp:featuredmedia":[{"embeddable":true,"href":"https:\/\/contextoanalisisperiodistico.com\/index.php\/wp-json\/wp\/v2\/media\/51689"}],"wp:attachment":[{"href":"https:\/\/contextoanalisisperiodistico.com\/index.php\/wp-json\/wp\/v2\/media?parent=51690"}],"wp:term":[{"taxonomy":"category","embeddable":true,"href":"https:\/\/contextoanalisisperiodistico.com\/index.php\/wp-json\/wp\/v2\/categories?post=51690"},{"taxonomy":"post_tag","embeddable":true,"href":"https:\/\/contextoanalisisperiodistico.com\/index.php\/wp-json\/wp\/v2\/tags?post=51690"}],"curies":[{"name":"wp","href":"https:\/\/api.w.org\/{rel}","templated":true}]}}