{"id":51575,"date":"2026-03-02T14:41:45","date_gmt":"2026-03-02T20:41:45","guid":{"rendered":"https:\/\/contextoanalisisperiodistico.com\/index.php\/2026\/03\/02\/impacto-jara-obra-publica-record-en-la-zona-metropolitana-agua-mas-vivienda-y-seguridad\/"},"modified":"2026-03-02T14:41:45","modified_gmt":"2026-03-02T20:41:45","slug":"impacto-jara-obra-publica-record-en-la-zona-metropolitana-agua-mas-vivienda-y-seguridad","status":"publish","type":"post","link":"https:\/\/contextoanalisisperiodistico.com\/index.php\/2026\/03\/02\/impacto-jara-obra-publica-record-en-la-zona-metropolitana-agua-mas-vivienda-y-seguridad\/","title":{"rendered":"Impacto Jara: obra p\u00fablica r\u00e9cord en la Zona Metropolitana. Agua, m\u00e1s vivienda y seguridad"},"content":{"rendered":"<div id=\"fb-root\"><\/div>\n\n<p>\u2022 El Mandatario estatal destac\u00f3 que su administraci\u00f3n realiza acciones que permitan, como nunca antes, mejorar la calidad de vida de las y los oaxaque\u00f1os<\/p>\n\n\n\n<p>Oaxaca de Ju\u00e1rez, Oax. 2 de marzo de 2026.- El Gobernador Salom\u00f3n Jara Cruz brinda bienestar a las familias oaxaque\u00f1as; a trav\u00e9s de viviendas, seguridad, transporte p\u00fablico digno y seguro, abastecimiento de agua potable y el impulso de la infraestructura de la Zona Metropolitana de Oaxaca.<\/p>\n\n\n\n<p>El Mandatario estatal expuso las principales acciones que se han entregado en los \u00faltimos d\u00edas, como las primeras 32 casas del Programa Nacional de Vivienda para el Bienestar, en San Jacinto Amilpas, en un predio donado por el Gobierno del Estado y que arranc\u00f3 obras de urbanizaci\u00f3n para mejorar servicios b\u00e1sicos a favor de m\u00e1s de 16 mil habitantes.<\/p>\n\n\n\n<p>Tambi\u00e9n, la rehabilitaci\u00f3n con concreto hidr\u00e1ulico de 5 kil\u00f3metros al antiguo camino a Monte Alb\u00e1n, con una inversi\u00f3n de 43.77 millones de pesos a favor de m\u00e1s de 340 mil habitantes, cuyos trabajos se enlazan con los realizados en la calzada Valerio Trujano con pavimentaci\u00f3n, drenaje, agua e iluminaci\u00f3n, para fortalecer la ruta que va del Centro de la ciudad a la zona arqueol\u00f3gica de manera \u00e1gil y segura.<\/p>\n\n\n\n<p>Como parte del programa Oaxaca Segura, se inaugur\u00f3 la primera etapa del mejoramiento de 242 calles de Senderos Seguros, as\u00ed como la construcci\u00f3n de techados en canchas de usos m\u00faltiples en la Zona Metropolitana, como parte del rescate de espacios para reducir los lugares de riesgos.<\/p>\n\n\n\n<p>Jara Cruz destac\u00f3 que el Transporte Colectivo Metropolitano Binni Bus brindar\u00e1 servicio gratuito a las personas con discapacidad y su acompa\u00f1ante, como parte de una atenci\u00f3n respetuosa, digna e incluyente que brinda su administraci\u00f3n.<\/p>\n\n\n\n<p>Se agregan las nuevas: RC-13 \u201cYuku Tay\u201d, que enlaza al Hospital Presidente Ju\u00e1rez del Instituto de Seguridad y Servicios Sociales de los Trabajadores del Estado (ISSSTE) con el Centro de Rehabilitaci\u00f3n e Inclusi\u00f3n Infantil Telet\u00f3n (CRIT), a favor de 4 mil 300 personas usuarias.<\/p>\n\n\n\n<p>As\u00ed como RA-13 \u201cWaxin\u201d, que enlaza la terminal Yuroo Parque del Amor \u201cLadxid\u00f3\u201d con la agencia de polic\u00eda San Luis Beltr\u00e1n de Oaxaca de Ju\u00e1rez. Su recorrido cuenta con 55 paradas autorizadas, de las cuales 27 son de ida y 28 de regreso. Durante febrero de 2026 este sistema oper\u00f3 con 22 rutas en funcionamiento, con una movilidad de un mill\u00f3n 194 mil 482 personas usuarias.<code> Agua y saneamiento para una mejor calidad de vida<\/code><\/p>\n\n\n\n<p>Se anunci\u00f3 que a trav\u00e9s de la Comisi\u00f3n Estatal del Agua para el Bienestar (Ceabien) se cuenta con un pozo para la dotaci\u00f3n del l\u00edquido en las nuevas viviendas de San Jacinto Amilpas. Actualmente existen ocho pozos nuevos para fortalecer la red en la Zona Metropolitana de Oaxaca.<\/p>\n\n\n\n<p>Se rehabilita el sistema de drenaje sanitario en Reyes Etla, a favor de 2 mil 367 habitantes, con una inversi\u00f3n de m\u00e1s de 5 millones 868 mil pesos, para el cuidado de la salud de la ciudadan\u00eda.<\/p>\n\n\n\n<p>Adem\u00e1s, a trav\u00e9s del programa \u201cAgua para Todas y Todos, se entregaron este fin de semana 2 mil 400 tinacos en diversas agencias y colonias de la Zona Metropolitana de Oaxaca, a favor del mismo n\u00famero de familias.<\/p>\n\n\n\n<p>-0-<\/p>\n\n\n\n<figure class=\"wp-block-image size-large\"><img fetchpriority=\"high\" decoding=\"async\" width=\"1024\" height=\"683\" src=\"https:\/\/contextoanalisisperiodistico.com\/wp-content\/uploads\/2026\/03\/img-20260302-wa00626521129883235897249-1024x683.jpg\" alt=\"\" class=\"wp-image-51571\" srcset=\"https:\/\/contextoanalisisperiodistico.com\/wp-content\/uploads\/2026\/03\/img-20260302-wa00626521129883235897249-1024x683.jpg 1024w, https:\/\/contextoanalisisperiodistico.com\/wp-content\/uploads\/2026\/03\/img-20260302-wa00626521129883235897249-300x200.jpg 300w, https:\/\/contextoanalisisperiodistico.com\/wp-content\/uploads\/2026\/03\/img-20260302-wa00626521129883235897249-768x512.jpg 768w, https:\/\/contextoanalisisperiodistico.com\/wp-content\/uploads\/2026\/03\/img-20260302-wa00626521129883235897249.jpg 1280w\" sizes=\"(max-width: 1024px) 100vw, 1024px\" \/><\/figure>\n\n\n\n<figure class=\"wp-block-image\"><img decoding=\"async\" width=\"1024\" height=\"576\" src=\"https:\/\/contextoanalisisperiodistico.com\/wp-content\/uploads\/2026\/03\/img-20260302-wa00613560253880221598754-1024x576.jpg\" alt=\"\" class=\"wp-image-51570\" srcset=\"https:\/\/contextoanalisisperiodistico.com\/wp-content\/uploads\/2026\/03\/img-20260302-wa00613560253880221598754-1024x576.jpg 1024w, https:\/\/contextoanalisisperiodistico.com\/wp-content\/uploads\/2026\/03\/img-20260302-wa00613560253880221598754-300x169.jpg 300w, https:\/\/contextoanalisisperiodistico.com\/wp-content\/uploads\/2026\/03\/img-20260302-wa00613560253880221598754-768x432.jpg 768w, https:\/\/contextoanalisisperiodistico.com\/wp-content\/uploads\/2026\/03\/img-20260302-wa00613560253880221598754-1536x864.jpg 1536w, https:\/\/contextoanalisisperiodistico.com\/wp-content\/uploads\/2026\/03\/img-20260302-wa00613560253880221598754.jpg 1600w\" sizes=\"(max-width: 1024px) 100vw, 1024px\" \/><\/figure>\n\n\n\n<figure class=\"wp-block-image\"><img decoding=\"async\" width=\"1024\" height=\"682\" src=\"https:\/\/contextoanalisisperiodistico.com\/wp-content\/uploads\/2026\/03\/img-20260302-wa00635886776579522675292-1024x682.jpg\" alt=\"\" class=\"wp-image-51574\" srcset=\"https:\/\/contextoanalisisperiodistico.com\/wp-content\/uploads\/2026\/03\/img-20260302-wa00635886776579522675292-1024x682.jpg 1024w, https:\/\/contextoanalisisperiodistico.com\/wp-content\/uploads\/2026\/03\/img-20260302-wa00635886776579522675292-300x200.jpg 300w, https:\/\/contextoanalisisperiodistico.com\/wp-content\/uploads\/2026\/03\/img-20260302-wa00635886776579522675292-768x512.jpg 768w, https:\/\/contextoanalisisperiodistico.com\/wp-content\/uploads\/2026\/03\/img-20260302-wa00635886776579522675292-1536x1023.jpg 1536w, https:\/\/contextoanalisisperiodistico.com\/wp-content\/uploads\/2026\/03\/img-20260302-wa00635886776579522675292.jpg 1600w\" sizes=\"(max-width: 1024px) 100vw, 1024px\" \/><\/figure>\n\n\n\n<figure class=\"wp-block-image\"><img loading=\"lazy\" decoding=\"async\" width=\"1024\" height=\"683\" src=\"https:\/\/contextoanalisisperiodistico.com\/wp-content\/uploads\/2026\/03\/img-20260302-wa00642895542103945564528-1024x683.jpg\" alt=\"\" class=\"wp-image-51573\" srcset=\"https:\/\/contextoanalisisperiodistico.com\/wp-content\/uploads\/2026\/03\/img-20260302-wa00642895542103945564528-1024x683.jpg 1024w, https:\/\/contextoanalisisperiodistico.com\/wp-content\/uploads\/2026\/03\/img-20260302-wa00642895542103945564528-300x200.jpg 300w, https:\/\/contextoanalisisperiodistico.com\/wp-content\/uploads\/2026\/03\/img-20260302-wa00642895542103945564528-768x512.jpg 768w, https:\/\/contextoanalisisperiodistico.com\/wp-content\/uploads\/2026\/03\/img-20260302-wa00642895542103945564528.jpg 1280w\" sizes=\"(max-width: 1024px) 100vw, 1024px\" \/><\/figure>\n\n\n\n<figure class=\"wp-block-image\"><img loading=\"lazy\" decoding=\"async\" width=\"1024\" height=\"768\" src=\"https:\/\/contextoanalisisperiodistico.com\/wp-content\/uploads\/2026\/03\/img-20260302-wa00607481281391679692902-1024x768.jpg\" alt=\"\" class=\"wp-image-51572\" srcset=\"https:\/\/contextoanalisisperiodistico.com\/wp-content\/uploads\/2026\/03\/img-20260302-wa00607481281391679692902-1024x768.jpg 1024w, https:\/\/contextoanalisisperiodistico.com\/wp-content\/uploads\/2026\/03\/img-20260302-wa00607481281391679692902-300x225.jpg 300w, https:\/\/contextoanalisisperiodistico.com\/wp-content\/uploads\/2026\/03\/img-20260302-wa00607481281391679692902-768x576.jpg 768w, https:\/\/contextoanalisisperiodistico.com\/wp-content\/uploads\/2026\/03\/img-20260302-wa00607481281391679692902.jpg 1280w\" sizes=\"(max-width: 1024px) 100vw, 1024px\" \/><\/figure>\n","protected":false},"excerpt":{"rendered":"<p>\u2022 El Mandatario estatal destac\u00f3 que su administraci\u00f3n realiza acciones que permitan, como nunca antes,&#8230;<\/p>\n","protected":false},"author":4,"featured_media":51569,"comment_status":"","ping_status":"open","sticky":false,"template":"","format":"standard","meta":{"footnotes":""},"categories":[9],"tags":[316,238,134],"jetpack_sharing_enabled":true,"featured_image_urls":{"full":["https:\/\/contextoanalisisperiodistico.com\/wp-content\/uploads\/2026\/03\/IMG-20260302-WA0059.jpg",1600,1070,false],"thumbnail":["https:\/\/contextoanalisisperiodistico.com\/wp-content\/uploads\/2026\/03\/IMG-20260302-WA0059-150x150.jpg",150,150,true],"medium":["https:\/\/contextoanalisisperiodistico.com\/wp-content\/uploads\/2026\/03\/IMG-20260302-WA0059-300x201.jpg",300,201,true],"medium_large":["https:\/\/contextoanalisisperiodistico.com\/wp-content\/uploads\/2026\/03\/IMG-20260302-WA0059-768x514.jpg",640,428,true],"large":["https:\/\/contextoanalisisperiodistico.com\/wp-content\/uploads\/2026\/03\/IMG-20260302-WA0059-1024x685.jpg",640,428,true],"1536x1536":["https:\/\/contextoanalisisperiodistico.com\/wp-content\/uploads\/2026\/03\/IMG-20260302-WA0059-1536x1027.jpg",1536,1027,true],"2048x2048":["https:\/\/contextoanalisisperiodistico.com\/wp-content\/uploads\/2026\/03\/IMG-20260302-WA0059.jpg",1600,1070,false],"covernews-slider-full":["https:\/\/contextoanalisisperiodistico.com\/wp-content\/uploads\/2026\/03\/IMG-20260302-WA0059-1115x715.jpg",1115,715,true],"covernews-slider-center":["https:\/\/contextoanalisisperiodistico.com\/wp-content\/uploads\/2026\/03\/IMG-20260302-WA0059-800x500.jpg",800,500,true],"covernews-featured":["https:\/\/contextoanalisisperiodistico.com\/wp-content\/uploads\/2026\/03\/IMG-20260302-WA0059-1024x685.jpg",1024,685,true],"covernews-medium":["https:\/\/contextoanalisisperiodistico.com\/wp-content\/uploads\/2026\/03\/IMG-20260302-WA0059-540x340.jpg",540,340,true],"covernews-medium-square":["https:\/\/contextoanalisisperiodistico.com\/wp-content\/uploads\/2026\/03\/IMG-20260302-WA0059-400x250.jpg",400,250,true]},"author_info":{"display_name":"Mario Gir\u00f3n","author_link":"https:\/\/contextoanalisisperiodistico.com\/index.php\/author\/director\/"},"category_info":"<a href=\"https:\/\/contextoanalisisperiodistico.com\/index.php\/category\/politica\/\" rel=\"category tag\">Pol\u00edtica<\/a>","tag_info":"Pol\u00edtica","comment_count":"0","jetpack_featured_media_url":"https:\/\/contextoanalisisperiodistico.com\/wp-content\/uploads\/2026\/03\/IMG-20260302-WA0059.jpg","_links":{"self":[{"href":"https:\/\/contextoanalisisperiodistico.com\/index.php\/wp-json\/wp\/v2\/posts\/51575"}],"collection":[{"href":"https:\/\/contextoanalisisperiodistico.com\/index.php\/wp-json\/wp\/v2\/posts"}],"about":[{"href":"https:\/\/contextoanalisisperiodistico.com\/index.php\/wp-json\/wp\/v2\/types\/post"}],"author":[{"embeddable":true,"href":"https:\/\/contextoanalisisperiodistico.com\/index.php\/wp-json\/wp\/v2\/users\/4"}],"replies":[{"embeddable":true,"href":"https:\/\/contextoanalisisperiodistico.com\/index.php\/wp-json\/wp\/v2\/comments?post=51575"}],"version-history":[{"count":0,"href":"https:\/\/contextoanalisisperiodistico.com\/index.php\/wp-json\/wp\/v2\/posts\/51575\/revisions"}],"wp:featuredmedia":[{"embeddable":true,"href":"https:\/\/contextoanalisisperiodistico.com\/index.php\/wp-json\/wp\/v2\/media\/51569"}],"wp:attachment":[{"href":"https:\/\/contextoanalisisperiodistico.com\/index.php\/wp-json\/wp\/v2\/media?parent=51575"}],"wp:term":[{"taxonomy":"category","embeddable":true,"href":"https:\/\/contextoanalisisperiodistico.com\/index.php\/wp-json\/wp\/v2\/categories?post=51575"},{"taxonomy":"post_tag","embeddable":true,"href":"https:\/\/contextoanalisisperiodistico.com\/index.php\/wp-json\/wp\/v2\/tags?post=51575"}],"curies":[{"name":"wp","href":"https:\/\/api.w.org\/{rel}","templated":true}]}}