{"id":51441,"date":"2026-02-26T20:52:29","date_gmt":"2026-02-27T02:52:29","guid":{"rendered":"https:\/\/contextoanalisisperiodistico.com\/index.php\/2026\/02\/26\/coordinacion-de-altura-municipio-y-conade-impulsan-el-talento-joven-en-la-capital\/"},"modified":"2026-02-26T20:53:02","modified_gmt":"2026-02-27T02:53:02","slug":"coordinacion-de-altura-municipio-y-conade-impulsan-el-talento-joven-en-la-capital","status":"publish","type":"post","link":"https:\/\/contextoanalisisperiodistico.com\/index.php\/2026\/02\/26\/coordinacion-de-altura-municipio-y-conade-impulsan-el-talento-joven-en-la-capital\/","title":{"rendered":"Coordinaci\u00f3n de altura: Municipio y CONADE impulsan el talento joven en la capital"},"content":{"rendered":"<div id=\"fb-root\"><\/div>\n\n<p>El Presidente Municipal Ray Chagoya, se reuni\u00f3 con Rommel Pacheco, tiular de la Comisi\u00f3n Nacional de Cultura F\u00edsica y Deporte (CONADE) para gestionar m\u00e1s oportunidades para los j\u00f3venes deportistas de Oaxaca de Ju\u00e1rez.<\/p>\n\n\n\n<p>Nuestro compromiso es abrir puertas, sumar esfuerzos y respaldar a quienes representan el presente y el futuro de nuestra tierra.<\/p>\n\n\n\n<p>Seguimos trabajando para que m\u00e1s j\u00f3venes tengan acceso a espacios, apoyos y mejores condiciones para desarrollarse.<\/p>\n\n\n\n<figure class=\"wp-block-video\"><video controls src=\"https:\/\/contextoanalisisperiodistico.com\/wp-content\/uploads\/2026\/02\/VID-20260226-WA0099.mp4\"><\/video><\/figure>\n","protected":false},"excerpt":{"rendered":"<p>El Presidente Municipal Ray Chagoya, se reuni\u00f3 con Rommel Pacheco, tiular de la Comisi\u00f3n Nacional&#8230;<\/p>\n","protected":false},"author":4,"featured_media":51439,"comment_status":"closed","ping_status":"open","sticky":false,"template":"","format":"standard","meta":{"footnotes":""},"categories":[9],"tags":[390,316,353,389,380],"jetpack_sharing_enabled":true,"featured_image_urls":{"full":["https:\/\/contextoanalisisperiodistico.com\/wp-content\/uploads\/2026\/02\/IMG_20260226_203611-1.jpg",720,1236,false],"thumbnail":["https:\/\/contextoanalisisperiodistico.com\/wp-content\/uploads\/2026\/02\/IMG_20260226_203611-1-150x150.jpg",150,150,true],"medium":["https:\/\/contextoanalisisperiodistico.com\/wp-content\/uploads\/2026\/02\/IMG_20260226_203611-1-175x300.jpg",175,300,true],"medium_large":["https:\/\/contextoanalisisperiodistico.com\/wp-content\/uploads\/2026\/02\/IMG_20260226_203611-1.jpg",640,1099,false],"large":["https:\/\/contextoanalisisperiodistico.com\/wp-content\/uploads\/2026\/02\/IMG_20260226_203611-1-597x1024.jpg",597,1024,true],"1536x1536":["https:\/\/contextoanalisisperiodistico.com\/wp-content\/uploads\/2026\/02\/IMG_20260226_203611-1.jpg",720,1236,false],"2048x2048":["https:\/\/contextoanalisisperiodistico.com\/wp-content\/uploads\/2026\/02\/IMG_20260226_203611-1.jpg",720,1236,false],"covernews-slider-full":["https:\/\/contextoanalisisperiodistico.com\/wp-content\/uploads\/2026\/02\/IMG_20260226_203611-1-720x715.jpg",720,715,true],"covernews-slider-center":["https:\/\/contextoanalisisperiodistico.com\/wp-content\/uploads\/2026\/02\/IMG_20260226_203611-1-720x500.jpg",720,500,true],"covernews-featured":["https:\/\/contextoanalisisperiodistico.com\/wp-content\/uploads\/2026\/02\/IMG_20260226_203611-1.jpg",720,1236,false],"covernews-medium":["https:\/\/contextoanalisisperiodistico.com\/wp-content\/uploads\/2026\/02\/IMG_20260226_203611-1-540x340.jpg",540,340,true],"covernews-medium-square":["https:\/\/contextoanalisisperiodistico.com\/wp-content\/uploads\/2026\/02\/IMG_20260226_203611-1-400x250.jpg",400,250,true]},"author_info":{"display_name":"Mario Gir\u00f3n","author_link":"https:\/\/contextoanalisisperiodistico.com\/index.php\/author\/director\/"},"category_info":"<a href=\"https:\/\/contextoanalisisperiodistico.com\/index.php\/category\/politica\/\" rel=\"category tag\">Pol\u00edtica<\/a>","tag_info":"Pol\u00edtica","comment_count":"0","jetpack_featured_media_url":"https:\/\/contextoanalisisperiodistico.com\/wp-content\/uploads\/2026\/02\/IMG_20260226_203611-1.jpg","_links":{"self":[{"href":"https:\/\/contextoanalisisperiodistico.com\/index.php\/wp-json\/wp\/v2\/posts\/51441"}],"collection":[{"href":"https:\/\/contextoanalisisperiodistico.com\/index.php\/wp-json\/wp\/v2\/posts"}],"about":[{"href":"https:\/\/contextoanalisisperiodistico.com\/index.php\/wp-json\/wp\/v2\/types\/post"}],"author":[{"embeddable":true,"href":"https:\/\/contextoanalisisperiodistico.com\/index.php\/wp-json\/wp\/v2\/users\/4"}],"replies":[{"embeddable":true,"href":"https:\/\/contextoanalisisperiodistico.com\/index.php\/wp-json\/wp\/v2\/comments?post=51441"}],"version-history":[{"count":1,"href":"https:\/\/contextoanalisisperiodistico.com\/index.php\/wp-json\/wp\/v2\/posts\/51441\/revisions"}],"predecessor-version":[{"id":51442,"href":"https:\/\/contextoanalisisperiodistico.com\/index.php\/wp-json\/wp\/v2\/posts\/51441\/revisions\/51442"}],"wp:featuredmedia":[{"embeddable":true,"href":"https:\/\/contextoanalisisperiodistico.com\/index.php\/wp-json\/wp\/v2\/media\/51439"}],"wp:attachment":[{"href":"https:\/\/contextoanalisisperiodistico.com\/index.php\/wp-json\/wp\/v2\/media?parent=51441"}],"wp:term":[{"taxonomy":"category","embeddable":true,"href":"https:\/\/contextoanalisisperiodistico.com\/index.php\/wp-json\/wp\/v2\/categories?post=51441"},{"taxonomy":"post_tag","embeddable":true,"href":"https:\/\/contextoanalisisperiodistico.com\/index.php\/wp-json\/wp\/v2\/tags?post=51441"}],"curies":[{"name":"wp","href":"https:\/\/api.w.org\/{rel}","templated":true}]}}