{"id":5142,"date":"2022-10-24T23:01:53","date_gmt":"2022-10-25T04:01:53","guid":{"rendered":"http:\/\/contextoanalisisperiodistico.com.mx\/2022\/10\/24\/generar-el-caos-en-la-sociedadcapitalina-objetivo-de-falsa-informacion\/"},"modified":"2022-10-24T23:01:53","modified_gmt":"2022-10-25T04:01:53","slug":"generar-el-caos-en-la-sociedadcapitalina-objetivo-de-falsa-informacion","status":"publish","type":"post","link":"https:\/\/contextoanalisisperiodistico.com\/index.php\/2022\/10\/24\/generar-el-caos-en-la-sociedadcapitalina-objetivo-de-falsa-informacion\/","title":{"rendered":"Generar el caos en la sociedad capitalina, objetivo de falsa informaci\u00f3n"},"content":{"rendered":"<div id=\"fb-root\"><\/div>\n\n<p><br \/>El presidente municipal de San Andr\u00e9s Zautla, Juan \u00c1ngel L\u00e1zaro Montes, aclara que es falso que en su municipio se vaya a tener un nuevo terreno para depositar los Residuos S\u00f3lidos Urbanos del municipio de Oaxaca de Ju\u00e1rez.<\/p>\n\n\n\n<figure class=\"wp-block-video\"><video controls src=\"https:\/\/contextoinformacionyanalisisperiodistico.files.wordpress.com\/2022\/10\/vid-20221024-wa0142.mp4\"><\/video><\/figure>\n","protected":false},"excerpt":{"rendered":"<p>El presidente municipal de San Andr\u00e9s Zautla, Juan \u00c1ngel L\u00e1zaro Montes, aclara que es falso&#8230;<\/p>\n","protected":false},"author":2,"featured_media":5140,"comment_status":"open","ping_status":"open","sticky":false,"template":"","format":"standard","meta":{"footnotes":""},"categories":[7],"tags":[],"jetpack_sharing_enabled":true,"featured_image_urls":{"full":"","thumbnail":"","medium":"","medium_large":"","large":"","1536x1536":"","2048x2048":"","covernews-slider-full":"","covernews-slider-center":"","covernews-featured":"","covernews-medium":"","covernews-medium-square":""},"author_info":{"display_name":"Miguel","author_link":"https:\/\/contextoanalisisperiodistico.com\/index.php\/author\/editor\/"},"category_info":"<a href=\"https:\/\/contextoanalisisperiodistico.com\/index.php\/category\/municipios\/\" rel=\"category tag\">Municipios<\/a>","tag_info":"Municipios","comment_count":"0","jetpack_featured_media_url":"","_links":{"self":[{"href":"https:\/\/contextoanalisisperiodistico.com\/index.php\/wp-json\/wp\/v2\/posts\/5142"}],"collection":[{"href":"https:\/\/contextoanalisisperiodistico.com\/index.php\/wp-json\/wp\/v2\/posts"}],"about":[{"href":"https:\/\/contextoanalisisperiodistico.com\/index.php\/wp-json\/wp\/v2\/types\/post"}],"author":[{"embeddable":true,"href":"https:\/\/contextoanalisisperiodistico.com\/index.php\/wp-json\/wp\/v2\/users\/2"}],"replies":[{"embeddable":true,"href":"https:\/\/contextoanalisisperiodistico.com\/index.php\/wp-json\/wp\/v2\/comments?post=5142"}],"version-history":[{"count":0,"href":"https:\/\/contextoanalisisperiodistico.com\/index.php\/wp-json\/wp\/v2\/posts\/5142\/revisions"}],"wp:featuredmedia":[{"embeddable":true,"href":"https:\/\/contextoanalisisperiodistico.com\/index.php\/wp-json\/"}],"wp:attachment":[{"href":"https:\/\/contextoanalisisperiodistico.com\/index.php\/wp-json\/wp\/v2\/media?parent=5142"}],"wp:term":[{"taxonomy":"category","embeddable":true,"href":"https:\/\/contextoanalisisperiodistico.com\/index.php\/wp-json\/wp\/v2\/categories?post=5142"},{"taxonomy":"post_tag","embeddable":true,"href":"https:\/\/contextoanalisisperiodistico.com\/index.php\/wp-json\/wp\/v2\/tags?post=5142"}],"curies":[{"name":"wp","href":"https:\/\/api.w.org\/{rel}","templated":true}]}}