{"id":5138,"date":"2022-10-24T22:26:52","date_gmt":"2022-10-25T03:26:52","guid":{"rendered":"http:\/\/contextoanalisisperiodistico.com.mx\/2022\/10\/24\/perla-woorlich-se-registra-comocandidata-a-la-dirigencia-del-pan\/"},"modified":"2022-10-24T22:26:52","modified_gmt":"2022-10-25T03:26:52","slug":"perla-woorlich-se-registra-comocandidata-a-la-dirigencia-del-pan","status":"publish","type":"post","link":"https:\/\/contextoanalisisperiodistico.com\/index.php\/2022\/10\/24\/perla-woorlich-se-registra-comocandidata-a-la-dirigencia-del-pan\/","title":{"rendered":"Perla Woorlich se registra como candidata a la dirigencia del PAN"},"content":{"rendered":"<div id=\"fb-root\"><\/div>\n\n<p>(*)\u00bbUnificarlo, para el renacimiento del panismo en Oaxaca, el reto\u00bb, destaca la ex diputada blanquiazul<\/p>\n\n\n\n<p>Entre porras y m\u00fasica de banda, Perla Woorlich fue registrada como candidata a la dirigencia estatal del Comit\u00e9 Directivo Estatal del PAN.<\/p>\n\n\n\n<p>Con m\u00e1s de 30 a\u00f1os de experiencia pol\u00edtica y como defensora de los derechos de la mujer, la abogada, expres\u00f3 que su liderazgo busca representar dignamente a la militancia y a la ciudadan\u00eda de la entidad.<\/p>\n\n\n\n<p>En su discurso, la ex diputada panista se pronunci\u00f3 por sumar todas las voces al interior del albiazul para lograr el fortalecimiento de este instituto pol\u00edtico \u201cque merezca el respeto de todos, incluyendo al pr\u00f3ximo gobierno\u201d.<\/p>\n\n\n\n<p>Destac\u00f3 que una de sus prioridades es lograr unificar a su partido, a fin de caminar en un solo frente \u201cincluyendo a todas las mujeres, que me conocen y saben que mi aprecio y dedicaci\u00f3n ha sido a favor de que tengan m\u00e1s espacios y se respeten sus derechos\u201d.<\/p>\n\n\n\n<p>Dijo sentirse halagada porque esta invitaci\u00f3n fue respaldada por la juventud, las mujeres y los hombres de todo el estado, con ganas de trabajar como es el caso de Leonardo D\u00edaz quien ha ganado por su esfuerzo y trabajo diario\u201d.<\/p>\n\n\n\n<p>Sostuvo que sumar\u00e1 a todos los actores pol\u00edticos panistas, que han militado y siguen militando, para que se sumen a este proyecto.<\/p>\n\n\n\n<figure class=\"wp-block-video\"><\/figure>\n\n\n\n<figure class=\"wp-block-video\"><video controls src=\"https:\/\/contextoinformacionyanalisisperiodistico.files.wordpress.com\/2022\/10\/vid-20221024-wa0094.mp4\"><\/video><\/figure>\n\n\n\n<figure class=\"wp-block-video\"><video controls src=\"https:\/\/contextoinformacionyanalisisperiodistico.files.wordpress.com\/2022\/10\/vid-20221024-wa0109.mp4\"><\/video><\/figure>\n\n\n\n<figure class=\"wp-block-video\"><video controls src=\"https:\/\/contextoinformacionyanalisisperiodistico.files.wordpress.com\/2022\/10\/vid-20221024-wa0110.mp4\"><\/video><\/figure>\n","protected":false},"excerpt":{"rendered":"<p>(*)\u00bbUnificarlo, para el renacimiento del panismo en Oaxaca, el reto\u00bb, destaca la ex diputada blanquiazul&#8230;<\/p>\n","protected":false},"author":2,"featured_media":5134,"comment_status":"open","ping_status":"open","sticky":false,"template":"","format":"standard","meta":{"footnotes":""},"categories":[9],"tags":[],"jetpack_sharing_enabled":true,"featured_image_urls":{"full":"","thumbnail":"","medium":"","medium_large":"","large":"","1536x1536":"","2048x2048":"","covernews-slider-full":"","covernews-slider-center":"","covernews-featured":"","covernews-medium":"","covernews-medium-square":""},"author_info":{"display_name":"Miguel","author_link":"https:\/\/contextoanalisisperiodistico.com\/index.php\/author\/editor\/"},"category_info":"<a href=\"https:\/\/contextoanalisisperiodistico.com\/index.php\/category\/politica\/\" rel=\"category tag\">Pol\u00edtica<\/a>","tag_info":"Pol\u00edtica","comment_count":"0","jetpack_featured_media_url":"","_links":{"self":[{"href":"https:\/\/contextoanalisisperiodistico.com\/index.php\/wp-json\/wp\/v2\/posts\/5138"}],"collection":[{"href":"https:\/\/contextoanalisisperiodistico.com\/index.php\/wp-json\/wp\/v2\/posts"}],"about":[{"href":"https:\/\/contextoanalisisperiodistico.com\/index.php\/wp-json\/wp\/v2\/types\/post"}],"author":[{"embeddable":true,"href":"https:\/\/contextoanalisisperiodistico.com\/index.php\/wp-json\/wp\/v2\/users\/2"}],"replies":[{"embeddable":true,"href":"https:\/\/contextoanalisisperiodistico.com\/index.php\/wp-json\/wp\/v2\/comments?post=5138"}],"version-history":[{"count":0,"href":"https:\/\/contextoanalisisperiodistico.com\/index.php\/wp-json\/wp\/v2\/posts\/5138\/revisions"}],"wp:featuredmedia":[{"embeddable":true,"href":"https:\/\/contextoanalisisperiodistico.com\/index.php\/wp-json\/"}],"wp:attachment":[{"href":"https:\/\/contextoanalisisperiodistico.com\/index.php\/wp-json\/wp\/v2\/media?parent=5138"}],"wp:term":[{"taxonomy":"category","embeddable":true,"href":"https:\/\/contextoanalisisperiodistico.com\/index.php\/wp-json\/wp\/v2\/categories?post=5138"},{"taxonomy":"post_tag","embeddable":true,"href":"https:\/\/contextoanalisisperiodistico.com\/index.php\/wp-json\/wp\/v2\/tags?post=5138"}],"curies":[{"name":"wp","href":"https:\/\/api.w.org\/{rel}","templated":true}]}}