{"id":5126,"date":"2022-10-24T15:08:32","date_gmt":"2022-10-24T20:08:32","guid":{"rendered":"http:\/\/contextoanalisisperiodistico.com.mx\/2022\/10\/24\/referente-capitalino-de-morenanoe-jara-cruz\/"},"modified":"2023-03-06T23:32:05","modified_gmt":"2023-03-07T05:32:05","slug":"referente-capitalino-de-morenanoe-jara-cruz","status":"publish","type":"post","link":"https:\/\/contextoanalisisperiodistico.com\/index.php\/2022\/10\/24\/referente-capitalino-de-morenanoe-jara-cruz\/","title":{"rendered":"Referente capitalino de Morena, No\u00e9 Jara Cruz:"},"content":{"rendered":"<div id=\"fb-root\"><\/div>\n\n<p>\u00abPunto final a hist\u00f3rico<br>rezago urbano en colonias<br>de la agencia Pueblo Nuevo\u00bb<\/p>\n\n\n\n<p>\u00abInicio la semana trabajando en coordinaci\u00f3n con nuestra gente. Esta ma\u00f1ana junto con el Ing. Pablo D\u00edaz, y vecin@s de las Colonias Los Angeles y Constituyentes dimos el banderazo de inicio del rastreo de la Av. Nuevo M\u00e9xico y calle San \u00c1ngel\u00bb.<\/p>\n\n\n\n<figure class=\"wp-block-video\"><video controls src=\"https:\/\/contextoinformacionyanalisisperiodistico.files.wordpress.com\/2022\/10\/312986650_815255763232306_4549779786133000016_n.mp4\"><\/video><\/figure>\n\n\n\n<p>#UnidadyMovilizaci\u00f3n<br>#OaxacadeJu\u00e1rez<br>#Distrito08<\/p>\n","protected":false},"excerpt":{"rendered":"<p>\u00abPunto final a hist\u00f3ricorezago urbano en coloniasde la agencia Pueblo Nuevo\u00bb \u00abInicio la semana trabajando&#8230;<\/p>\n","protected":false},"author":2,"featured_media":0,"comment_status":"open","ping_status":"open","sticky":false,"template":"","format":"standard","meta":{"footnotes":""},"categories":[9],"tags":[],"jetpack_sharing_enabled":true,"featured_image_urls":{"full":"","thumbnail":"","medium":"","medium_large":"","large":"","1536x1536":"","2048x2048":"","covernews-slider-full":"","covernews-slider-center":"","covernews-featured":"","covernews-medium":"","covernews-medium-square":""},"author_info":{"display_name":"Miguel","author_link":"https:\/\/contextoanalisisperiodistico.com\/index.php\/author\/editor\/"},"category_info":"<a href=\"https:\/\/contextoanalisisperiodistico.com\/index.php\/category\/politica\/\" rel=\"category tag\">Pol\u00edtica<\/a>","tag_info":"Pol\u00edtica","comment_count":"0","jetpack_featured_media_url":"","_links":{"self":[{"href":"https:\/\/contextoanalisisperiodistico.com\/index.php\/wp-json\/wp\/v2\/posts\/5126"}],"collection":[{"href":"https:\/\/contextoanalisisperiodistico.com\/index.php\/wp-json\/wp\/v2\/posts"}],"about":[{"href":"https:\/\/contextoanalisisperiodistico.com\/index.php\/wp-json\/wp\/v2\/types\/post"}],"author":[{"embeddable":true,"href":"https:\/\/contextoanalisisperiodistico.com\/index.php\/wp-json\/wp\/v2\/users\/2"}],"replies":[{"embeddable":true,"href":"https:\/\/contextoanalisisperiodistico.com\/index.php\/wp-json\/wp\/v2\/comments?post=5126"}],"version-history":[{"count":1,"href":"https:\/\/contextoanalisisperiodistico.com\/index.php\/wp-json\/wp\/v2\/posts\/5126\/revisions"}],"predecessor-version":[{"id":8913,"href":"https:\/\/contextoanalisisperiodistico.com\/index.php\/wp-json\/wp\/v2\/posts\/5126\/revisions\/8913"}],"wp:attachment":[{"href":"https:\/\/contextoanalisisperiodistico.com\/index.php\/wp-json\/wp\/v2\/media?parent=5126"}],"wp:term":[{"taxonomy":"category","embeddable":true,"href":"https:\/\/contextoanalisisperiodistico.com\/index.php\/wp-json\/wp\/v2\/categories?post=5126"},{"taxonomy":"post_tag","embeddable":true,"href":"https:\/\/contextoanalisisperiodistico.com\/index.php\/wp-json\/wp\/v2\/tags?post=5126"}],"curies":[{"name":"wp","href":"https:\/\/api.w.org\/{rel}","templated":true}]}}