{"id":5123,"date":"2022-10-24T14:28:25","date_gmt":"2022-10-24T19:28:25","guid":{"rendered":"http:\/\/contextoanalisisperiodistico.com.mx\/2022\/10\/24\/unidad-indispensableen-el-trabajo-a-favor-deoaxaca-salomon-jara-cruz\/"},"modified":"2022-10-24T14:28:25","modified_gmt":"2022-10-24T19:28:25","slug":"unidad-indispensableen-el-trabajo-a-favor-deoaxaca-salomon-jara-cruz","status":"publish","type":"post","link":"https:\/\/contextoanalisisperiodistico.com\/index.php\/2022\/10\/24\/unidad-indispensableen-el-trabajo-a-favor-deoaxaca-salomon-jara-cruz\/","title":{"rendered":"Unidad, indispensable en el trabajo a favor de Oaxaca: Salom\u00f3n Jara Cruz"},"content":{"rendered":"<div id=\"fb-root\"><\/div>\n\n<p>La unidad debe ser la base para poder trabajar a favor de las y los oaxaque\u00f1os, se\u00f1al\u00f3 el gobernador electo de Oaxaca, Salom\u00f3n Jara Cruz, durante su encuentro con legisladoras y legisladores.<\/p>\n\n\n\n<p>C\u00f3mo parte de un trabajo coordinado y organizado, este fin de semana Salom\u00f3n Jara Cruz sostuvo una reuni\u00f3n con las y los 28 diputados locales de los partidos de la coalici\u00f3n \u00abJuntos Hacemos Historia en Oaxaca\u00bb.<\/p>\n\n\n\n<p>El gobernador electo resalt\u00f3 la importancia de trabajar en unidad, con la finalidad de obtener resultados en beneficio de las y los oaxaque\u00f1os.<\/p>\n\n\n\n<p>\u00abHicimos un compromiso por la unidad, porque s\u00f3lo as\u00ed vamos a enfrentar el gran reto de transformar Oaxaca. Estoy muy satisfecho con el resultado de esta reuni\u00f3n, mi reconocimiento a todas y todos los compa\u00f1eros\u00bb se\u00f1al\u00f3 Jara Cruz.<\/p>\n\n\n\n<p>Destac\u00f3 que Oaxaca necesita bases s\u00f3lidas, trabajo coordinado y servidores p\u00fablicos que tengan el inter\u00e9s de sacar adelante al Estado, algo que solo se logra con unidad y sin desviarse del objetivo.<\/p>\n\n\n\n<p>Adem\u00e1s afirm\u00f3 que continuar\u00e1n los&nbsp; encuentros entre el Legislativo y el pr\u00f3ximo gobierno, para continuar por la ruta hacia la transformaci\u00f3n de Oaxaca.<\/p>\n\n\n\n<figure class=\"wp-block-image size-large\"><img decoding=\"async\" src=\"https:\/\/contextoinformacionyanalisisperiodistico.files.wordpress.com\/2022\/10\/foto17178217159659536307..jpg?w=1024\" alt=\"\" class=\"wp-image-5122\" \/><\/figure>\n\n\n\n<figure class=\"wp-block-image\"><img decoding=\"async\" src=\"https:\/\/contextoinformacionyanalisisperiodistico.files.wordpress.com\/2022\/10\/foto38622364266639926543..jpg?w=1024\" alt=\"\" class=\"wp-image-5120\" \/><\/figure>\n\n\n\n<figure class=\"wp-block-image\"><img decoding=\"async\" src=\"https:\/\/contextoinformacionyanalisisperiodistico.files.wordpress.com\/2022\/10\/foto45999676804076353558..jpg?w=1024\" alt=\"\" class=\"wp-image-5121\" \/><\/figure>\n","protected":false},"excerpt":{"rendered":"<p>La unidad debe ser la base para poder trabajar a favor de las y los&#8230;<\/p>\n","protected":false},"author":2,"featured_media":5119,"comment_status":"open","ping_status":"open","sticky":false,"template":"","format":"standard","meta":{"footnotes":""},"categories":[9],"tags":[],"jetpack_sharing_enabled":true,"featured_image_urls":{"full":"","thumbnail":"","medium":"","medium_large":"","large":"","1536x1536":"","2048x2048":"","covernews-slider-full":"","covernews-slider-center":"","covernews-featured":"","covernews-medium":"","covernews-medium-square":""},"author_info":{"display_name":"Miguel","author_link":"https:\/\/contextoanalisisperiodistico.com\/index.php\/author\/editor\/"},"category_info":"<a href=\"https:\/\/contextoanalisisperiodistico.com\/index.php\/category\/politica\/\" rel=\"category tag\">Pol\u00edtica<\/a>","tag_info":"Pol\u00edtica","comment_count":"0","jetpack_featured_media_url":"","_links":{"self":[{"href":"https:\/\/contextoanalisisperiodistico.com\/index.php\/wp-json\/wp\/v2\/posts\/5123"}],"collection":[{"href":"https:\/\/contextoanalisisperiodistico.com\/index.php\/wp-json\/wp\/v2\/posts"}],"about":[{"href":"https:\/\/contextoanalisisperiodistico.com\/index.php\/wp-json\/wp\/v2\/types\/post"}],"author":[{"embeddable":true,"href":"https:\/\/contextoanalisisperiodistico.com\/index.php\/wp-json\/wp\/v2\/users\/2"}],"replies":[{"embeddable":true,"href":"https:\/\/contextoanalisisperiodistico.com\/index.php\/wp-json\/wp\/v2\/comments?post=5123"}],"version-history":[{"count":0,"href":"https:\/\/contextoanalisisperiodistico.com\/index.php\/wp-json\/wp\/v2\/posts\/5123\/revisions"}],"wp:featuredmedia":[{"embeddable":true,"href":"https:\/\/contextoanalisisperiodistico.com\/index.php\/wp-json\/"}],"wp:attachment":[{"href":"https:\/\/contextoanalisisperiodistico.com\/index.php\/wp-json\/wp\/v2\/media?parent=5123"}],"wp:term":[{"taxonomy":"category","embeddable":true,"href":"https:\/\/contextoanalisisperiodistico.com\/index.php\/wp-json\/wp\/v2\/categories?post=5123"},{"taxonomy":"post_tag","embeddable":true,"href":"https:\/\/contextoanalisisperiodistico.com\/index.php\/wp-json\/wp\/v2\/tags?post=5123"}],"curies":[{"name":"wp","href":"https:\/\/api.w.org\/{rel}","templated":true}]}}