{"id":50992,"date":"2026-02-17T19:47:00","date_gmt":"2026-02-18T01:47:00","guid":{"rendered":"https:\/\/contextoanalisisperiodistico.com\/index.php\/2026\/02\/17\/impulsa-congreso-del-estado-la-economia-local-con-expoventa-de-artesanias-y-emprendimiento-oaxaqueno\/"},"modified":"2026-02-17T19:50:12","modified_gmt":"2026-02-18T01:50:12","slug":"impulsa-congreso-del-estado-la-economia-local-con-expoventa-de-artesanias-y-emprendimiento-oaxaqueno","status":"publish","type":"post","link":"https:\/\/contextoanalisisperiodistico.com\/index.php\/2026\/02\/17\/impulsa-congreso-del-estado-la-economia-local-con-expoventa-de-artesanias-y-emprendimiento-oaxaqueno\/","title":{"rendered":"Impulsa Congreso del Estado la econom\u00eda local con expoventa de artesan\u00edas y emprendimiento oaxaque\u00f1o"},"content":{"rendered":"<div id=\"fb-root\"><\/div>\n\n<ul class=\"wp-block-list\">\n<li>Participaron 45 emprendedoras y emprendedores de diversas regiones del estado<\/li>\n<\/ul>\n\n\n\n<p><em>San Raymundo Jalpan, Oax., a 17 de febrero de 2026.-<\/em>&nbsp;Con el prop\u00f3sito de fortalecer la econom\u00eda local, incentivar el consumo de productos hechos en Oaxaca y generar espacios dignos para la comercializaci\u00f3n de bienes elaborados por mujeres y hombres emprendedores, se llev\u00f3 a cabo la \u201cExpoventa de artesan\u00edas y emprendimientos oaxaque\u00f1os\u201d, en la explanada de las instalaciones del Congreso del Estado.<\/p>\n\n\n\n<p>En esta edici\u00f3n se ofertaron productos de valor cultural y artesanal, entre ellos ropa t\u00edpica, huipiles y textiles mixes, as\u00ed como piezas provenientes de Huautla de Jim\u00e9nez, Mitla, el Istmo de Tehuantepec y San Antonino Castillo Velasco; adem\u00e1s de joyer\u00eda de papel, joyer\u00eda artesanal, plantas y cosm\u00e9tica natural, as\u00ed como huipiles estilizados que combinan tradici\u00f3n y dise\u00f1o contempor\u00e1neo.<\/p>\n\n\n\n<p>La exhibici\u00f3n tambi\u00e9n incluy\u00f3 una amplia muestra gastron\u00f3mica con aguas frescas, nieves artesanales, tejate, caf\u00e9 de la sierra, tlayudas, memelas, taquitos y postres tradicionales, consolidando un espacio que integra identidad cultural, tradici\u00f3n culinaria y emprendimiento local.<\/p>\n\n\n\n<p>Esta actividad fue impulsada por la diputada Elvia Gabriela P\u00e9rez L\u00f3pez, integrante del Grupo Parlamentario del Partido Verde Ecologista de M\u00e9xico (PVEM), con el apoyo del Poder Legislativo y en colaboraci\u00f3n con el colectivo Yoo Ku\u2019a; cont\u00f3 con 45 emprendedoras y emprendedores de distintas regiones de la entidad.<\/p>\n\n\n\n<p>Con estas acciones, el Congreso fortalece el consumo local y brinda espacios dignos de comercializaci\u00f3n, adem\u00e1s de difundir el trabajo que d\u00eda a d\u00eda se realiza como parte de las actividades coadyuvando en la econom\u00eda de los pueblos originarios del estado.<\/p>\n\n\n\n<figure class=\"wp-block-image size-large\"><img fetchpriority=\"high\" decoding=\"async\" width=\"681\" height=\"699\" src=\"https:\/\/contextoanalisisperiodistico.com\/wp-content\/uploads\/2026\/02\/screenshot_2026-02-17-19-46-39-63_a23b203fd3aafc6dcb84e438dda678b66854534392728975949.jpg\" alt=\"\" class=\"wp-image-50991\" srcset=\"https:\/\/contextoanalisisperiodistico.com\/wp-content\/uploads\/2026\/02\/screenshot_2026-02-17-19-46-39-63_a23b203fd3aafc6dcb84e438dda678b66854534392728975949.jpg 681w, https:\/\/contextoanalisisperiodistico.com\/wp-content\/uploads\/2026\/02\/screenshot_2026-02-17-19-46-39-63_a23b203fd3aafc6dcb84e438dda678b66854534392728975949-292x300.jpg 292w\" sizes=\"(max-width: 681px) 100vw, 681px\" \/><\/figure>\n","protected":false},"excerpt":{"rendered":"<p>San Raymundo Jalpan, Oax., a 17 de febrero de 2026.-&nbsp;Con el prop\u00f3sito de fortalecer la&#8230;<\/p>\n","protected":false},"author":4,"featured_media":50990,"comment_status":"closed","ping_status":"open","sticky":false,"template":"","format":"standard","meta":{"footnotes":""},"categories":[6],"tags":[210,377,214],"jetpack_sharing_enabled":true,"featured_image_urls":{"full":["https:\/\/contextoanalisisperiodistico.com\/wp-content\/uploads\/2026\/02\/Screenshot_2026-02-17-19-43-03-35_a23b203fd3aafc6dcb84e438dda678b6.jpg",685,453,false],"thumbnail":["https:\/\/contextoanalisisperiodistico.com\/wp-content\/uploads\/2026\/02\/Screenshot_2026-02-17-19-43-03-35_a23b203fd3aafc6dcb84e438dda678b6-150x150.jpg",150,150,true],"medium":["https:\/\/contextoanalisisperiodistico.com\/wp-content\/uploads\/2026\/02\/Screenshot_2026-02-17-19-43-03-35_a23b203fd3aafc6dcb84e438dda678b6-300x198.jpg",300,198,true],"medium_large":["https:\/\/contextoanalisisperiodistico.com\/wp-content\/uploads\/2026\/02\/Screenshot_2026-02-17-19-43-03-35_a23b203fd3aafc6dcb84e438dda678b6.jpg",640,423,false],"large":["https:\/\/contextoanalisisperiodistico.com\/wp-content\/uploads\/2026\/02\/Screenshot_2026-02-17-19-43-03-35_a23b203fd3aafc6dcb84e438dda678b6.jpg",640,423,false],"1536x1536":["https:\/\/contextoanalisisperiodistico.com\/wp-content\/uploads\/2026\/02\/Screenshot_2026-02-17-19-43-03-35_a23b203fd3aafc6dcb84e438dda678b6.jpg",685,453,false],"2048x2048":["https:\/\/contextoanalisisperiodistico.com\/wp-content\/uploads\/2026\/02\/Screenshot_2026-02-17-19-43-03-35_a23b203fd3aafc6dcb84e438dda678b6.jpg",685,453,false],"covernews-slider-full":["https:\/\/contextoanalisisperiodistico.com\/wp-content\/uploads\/2026\/02\/Screenshot_2026-02-17-19-43-03-35_a23b203fd3aafc6dcb84e438dda678b6.jpg",685,453,false],"covernews-slider-center":["https:\/\/contextoanalisisperiodistico.com\/wp-content\/uploads\/2026\/02\/Screenshot_2026-02-17-19-43-03-35_a23b203fd3aafc6dcb84e438dda678b6.jpg",685,453,false],"covernews-featured":["https:\/\/contextoanalisisperiodistico.com\/wp-content\/uploads\/2026\/02\/Screenshot_2026-02-17-19-43-03-35_a23b203fd3aafc6dcb84e438dda678b6.jpg",685,453,false],"covernews-medium":["https:\/\/contextoanalisisperiodistico.com\/wp-content\/uploads\/2026\/02\/Screenshot_2026-02-17-19-43-03-35_a23b203fd3aafc6dcb84e438dda678b6-540x340.jpg",540,340,true],"covernews-medium-square":["https:\/\/contextoanalisisperiodistico.com\/wp-content\/uploads\/2026\/02\/Screenshot_2026-02-17-19-43-03-35_a23b203fd3aafc6dcb84e438dda678b6-400x250.jpg",400,250,true]},"author_info":{"display_name":"Mario Gir\u00f3n","author_link":"https:\/\/contextoanalisisperiodistico.com\/index.php\/author\/director\/"},"category_info":"<a href=\"https:\/\/contextoanalisisperiodistico.com\/index.php\/category\/legislatura\/\" rel=\"category tag\">Legislatura<\/a>","tag_info":"Legislatura","comment_count":"0","jetpack_featured_media_url":"https:\/\/contextoanalisisperiodistico.com\/wp-content\/uploads\/2026\/02\/Screenshot_2026-02-17-19-43-03-35_a23b203fd3aafc6dcb84e438dda678b6.jpg","_links":{"self":[{"href":"https:\/\/contextoanalisisperiodistico.com\/index.php\/wp-json\/wp\/v2\/posts\/50992"}],"collection":[{"href":"https:\/\/contextoanalisisperiodistico.com\/index.php\/wp-json\/wp\/v2\/posts"}],"about":[{"href":"https:\/\/contextoanalisisperiodistico.com\/index.php\/wp-json\/wp\/v2\/types\/post"}],"author":[{"embeddable":true,"href":"https:\/\/contextoanalisisperiodistico.com\/index.php\/wp-json\/wp\/v2\/users\/4"}],"replies":[{"embeddable":true,"href":"https:\/\/contextoanalisisperiodistico.com\/index.php\/wp-json\/wp\/v2\/comments?post=50992"}],"version-history":[{"count":1,"href":"https:\/\/contextoanalisisperiodistico.com\/index.php\/wp-json\/wp\/v2\/posts\/50992\/revisions"}],"predecessor-version":[{"id":50993,"href":"https:\/\/contextoanalisisperiodistico.com\/index.php\/wp-json\/wp\/v2\/posts\/50992\/revisions\/50993"}],"wp:featuredmedia":[{"embeddable":true,"href":"https:\/\/contextoanalisisperiodistico.com\/index.php\/wp-json\/wp\/v2\/media\/50990"}],"wp:attachment":[{"href":"https:\/\/contextoanalisisperiodistico.com\/index.php\/wp-json\/wp\/v2\/media?parent=50992"}],"wp:term":[{"taxonomy":"category","embeddable":true,"href":"https:\/\/contextoanalisisperiodistico.com\/index.php\/wp-json\/wp\/v2\/categories?post=50992"},{"taxonomy":"post_tag","embeddable":true,"href":"https:\/\/contextoanalisisperiodistico.com\/index.php\/wp-json\/wp\/v2\/tags?post=50992"}],"curies":[{"name":"wp","href":"https:\/\/api.w.org\/{rel}","templated":true}]}}