{"id":50984,"date":"2026-02-17T15:39:07","date_gmt":"2026-02-17T21:39:07","guid":{"rendered":"https:\/\/contextoanalisisperiodistico.com\/index.php\/2026\/02\/17\/cabildo-fortalece-el-orden-del-centro-historico-y-avanza-en-una-politica-fiscal-de-inclusion\/"},"modified":"2026-02-17T15:39:07","modified_gmt":"2026-02-17T21:39:07","slug":"cabildo-fortalece-el-orden-del-centro-historico-y-avanza-en-una-politica-fiscal-de-inclusion","status":"publish","type":"post","link":"https:\/\/contextoanalisisperiodistico.com\/index.php\/2026\/02\/17\/cabildo-fortalece-el-orden-del-centro-historico-y-avanza-en-una-politica-fiscal-de-inclusion\/","title":{"rendered":"Cabildo fortalece el orden del Centro Hist\u00f3rico y avanza en una pol\u00edtica fiscal de inclusi\u00f3n"},"content":{"rendered":"<div id=\"fb-root\"><\/div>\n\n<ul class=\"wp-block-list\">\n<li>Aprueban una reforma a la Ley de Ingresos 2026, para reducir estrat\u00e9gicamente algunos impuestos<\/li>\n\n\n\n<li>Se analiza propuesta para regular promotores tur\u00edsticos y la circulaci\u00f3n de pipas de agua y veh\u00edculos de gran tama\u00f1o.<\/li>\n<\/ul>\n\n\n\n<figure class=\"wp-block-image size-large\"><img fetchpriority=\"high\" decoding=\"async\" width=\"853\" height=\"569\" src=\"https:\/\/contextoanalisisperiodistico.com\/wp-content\/uploads\/2026\/02\/img-20260217-wa00842715599075468511648.jpg\" alt=\"\" class=\"wp-image-50982\" srcset=\"https:\/\/contextoanalisisperiodistico.com\/wp-content\/uploads\/2026\/02\/img-20260217-wa00842715599075468511648.jpg 853w, https:\/\/contextoanalisisperiodistico.com\/wp-content\/uploads\/2026\/02\/img-20260217-wa00842715599075468511648-300x200.jpg 300w, https:\/\/contextoanalisisperiodistico.com\/wp-content\/uploads\/2026\/02\/img-20260217-wa00842715599075468511648-768x512.jpg 768w\" sizes=\"(max-width: 853px) 100vw, 853px\" \/><\/figure>\n\n\n\n<figure class=\"wp-block-image\"><img decoding=\"async\" width=\"300\" height=\"200\" src=\"https:\/\/contextoanalisisperiodistico.com\/wp-content\/uploads\/2026\/02\/img-20260217-wa00862828141166884039043-300x200.jpg\" alt=\"\" class=\"wp-image-50983\" srcset=\"https:\/\/contextoanalisisperiodistico.com\/wp-content\/uploads\/2026\/02\/img-20260217-wa00862828141166884039043-300x200.jpg 300w, https:\/\/contextoanalisisperiodistico.com\/wp-content\/uploads\/2026\/02\/img-20260217-wa00862828141166884039043-768x512.jpg 768w, https:\/\/contextoanalisisperiodistico.com\/wp-content\/uploads\/2026\/02\/img-20260217-wa00862828141166884039043.jpg 853w\" sizes=\"(max-width: 300px) 100vw, 300px\" \/><\/figure>\n\n\n\n<figure class=\"wp-block-image\"><img decoding=\"async\" width=\"1024\" height=\"708\" src=\"https:\/\/contextoanalisisperiodistico.com\/wp-content\/uploads\/2026\/02\/img-20260217-wa00877752405624234920476-1024x708.jpg\" alt=\"\" class=\"wp-image-50981\" srcset=\"https:\/\/contextoanalisisperiodistico.com\/wp-content\/uploads\/2026\/02\/img-20260217-wa00877752405624234920476-1024x708.jpg 1024w, https:\/\/contextoanalisisperiodistico.com\/wp-content\/uploads\/2026\/02\/img-20260217-wa00877752405624234920476-300x208.jpg 300w, https:\/\/contextoanalisisperiodistico.com\/wp-content\/uploads\/2026\/02\/img-20260217-wa00877752405624234920476-768x531.jpg 768w, https:\/\/contextoanalisisperiodistico.com\/wp-content\/uploads\/2026\/02\/img-20260217-wa00877752405624234920476.jpg 1440w\" sizes=\"(max-width: 1024px) 100vw, 1024px\" \/><\/figure>\n\n\n\n<p>Oaxaca de Ju\u00e1rez, Oax., 17 de febrero de 2026.\u2013 En sesi\u00f3n de Cabildo, el Ayuntamiento de Oaxaca de Ju\u00e1rez abord\u00f3 temas prioritarios para el orden urbano y el fortalecimiento de la hacienda municipal, consolidando acciones en materia de movilidad, regulaci\u00f3n tur\u00edstica y pol\u00edtica fiscal con enfoque social.<\/p>\n\n\n\n<p>Durante la sesi\u00f3n se present\u00f3 y analiz\u00f3 una propuesta para regular la actividad de promotores tur\u00edsticos, as\u00ed como para establecer lineamientos espec\u00edficos respecto a la circulaci\u00f3n de pipas de agua y otros veh\u00edculos de gran tama\u00f1o en el Centro Hist\u00f3rico, con el objetivo de preservar la movilidad peatonal, garantizar la seguridad vial y proteger el patrimonio cultural de la capital.<\/p>\n\n\n\n<p>Se destac\u00f3 que el crecimiento de la actividad tur\u00edstica y de servicios debe desarrollarse bajo reglas claras que permitan armonizar la din\u00e1mica econ\u00f3mica con el respeto al espacio p\u00fablico, evitando obstrucciones en vialidades estrechas, afectaciones al tr\u00e1nsito peatonal y riesgos derivados de la operaci\u00f3n de unidades pesadas en zonas de alta concentraci\u00f3n ciudadana.<\/p>\n\n\n\n<p>Asimismo, en sesi\u00f3n extraordinaria se abord\u00f3 lo relativo a la reforma a la Ley de Ingresos 2026, donde se aprob\u00f3 reducir estrat\u00e9gicamente algunos impuestos para ampliar la base contributiva, sin afectar la hacienda municipal, fortaleci\u00e9ndola para que m\u00e1s personas contribuyan en condiciones justas.<\/p>\n\n\n\n<p>La reforma a la Ley de Ingresos 2026, garantiza bases m\u00e1s justas y equitativas en el pago de contribuciones, misma que fue aprobada por unanimidad y turnado al Honorable Congreso del Estado para su an\u00e1lisis y aprobaci\u00f3n correspondiente.<\/p>\n\n\n\n<p>El Gobierno Municipal reafirma su compromiso con el orden urbano, la protecci\u00f3n del Centro Hist\u00f3rico y el fortalecimiento responsable de las finanzas p\u00fablicas, avanzando hacia una capital m\u00e1s organizada, segura y sostenible.<\/p>\n","protected":false},"excerpt":{"rendered":"<p>Oaxaca de Ju\u00e1rez, Oax., 17 de febrero de 2026.\u2013 En sesi\u00f3n de Cabildo, el Ayuntamiento&#8230;<\/p>\n","protected":false},"author":4,"featured_media":50980,"comment_status":"","ping_status":"open","sticky":false,"template":"","format":"standard","meta":{"footnotes":""},"categories":[9],"tags":[316,353,371,359,11,352],"jetpack_sharing_enabled":true,"featured_image_urls":{"full":["https:\/\/contextoanalisisperiodistico.com\/wp-content\/uploads\/2026\/02\/IMG-20260217-WA0085.jpg",853,569,false],"thumbnail":["https:\/\/contextoanalisisperiodistico.com\/wp-content\/uploads\/2026\/02\/IMG-20260217-WA0085-150x150.jpg",150,150,true],"medium":["https:\/\/contextoanalisisperiodistico.com\/wp-content\/uploads\/2026\/02\/IMG-20260217-WA0085-300x200.jpg",300,200,true],"medium_large":["https:\/\/contextoanalisisperiodistico.com\/wp-content\/uploads\/2026\/02\/IMG-20260217-WA0085-768x512.jpg",640,427,true],"large":["https:\/\/contextoanalisisperiodistico.com\/wp-content\/uploads\/2026\/02\/IMG-20260217-WA0085.jpg",640,427,false],"1536x1536":["https:\/\/contextoanalisisperiodistico.com\/wp-content\/uploads\/2026\/02\/IMG-20260217-WA0085.jpg",853,569,false],"2048x2048":["https:\/\/contextoanalisisperiodistico.com\/wp-content\/uploads\/2026\/02\/IMG-20260217-WA0085.jpg",853,569,false],"covernews-slider-full":["https:\/\/contextoanalisisperiodistico.com\/wp-content\/uploads\/2026\/02\/IMG-20260217-WA0085.jpg",853,569,false],"covernews-slider-center":["https:\/\/contextoanalisisperiodistico.com\/wp-content\/uploads\/2026\/02\/IMG-20260217-WA0085-800x500.jpg",800,500,true],"covernews-featured":["https:\/\/contextoanalisisperiodistico.com\/wp-content\/uploads\/2026\/02\/IMG-20260217-WA0085.jpg",853,569,false],"covernews-medium":["https:\/\/contextoanalisisperiodistico.com\/wp-content\/uploads\/2026\/02\/IMG-20260217-WA0085-540x340.jpg",540,340,true],"covernews-medium-square":["https:\/\/contextoanalisisperiodistico.com\/wp-content\/uploads\/2026\/02\/IMG-20260217-WA0085-400x250.jpg",400,250,true]},"author_info":{"display_name":"Mario Gir\u00f3n","author_link":"https:\/\/contextoanalisisperiodistico.com\/index.php\/author\/director\/"},"category_info":"<a href=\"https:\/\/contextoanalisisperiodistico.com\/index.php\/category\/politica\/\" rel=\"category tag\">Pol\u00edtica<\/a>","tag_info":"Pol\u00edtica","comment_count":"0","jetpack_featured_media_url":"https:\/\/contextoanalisisperiodistico.com\/wp-content\/uploads\/2026\/02\/IMG-20260217-WA0085.jpg","_links":{"self":[{"href":"https:\/\/contextoanalisisperiodistico.com\/index.php\/wp-json\/wp\/v2\/posts\/50984"}],"collection":[{"href":"https:\/\/contextoanalisisperiodistico.com\/index.php\/wp-json\/wp\/v2\/posts"}],"about":[{"href":"https:\/\/contextoanalisisperiodistico.com\/index.php\/wp-json\/wp\/v2\/types\/post"}],"author":[{"embeddable":true,"href":"https:\/\/contextoanalisisperiodistico.com\/index.php\/wp-json\/wp\/v2\/users\/4"}],"replies":[{"embeddable":true,"href":"https:\/\/contextoanalisisperiodistico.com\/index.php\/wp-json\/wp\/v2\/comments?post=50984"}],"version-history":[{"count":0,"href":"https:\/\/contextoanalisisperiodistico.com\/index.php\/wp-json\/wp\/v2\/posts\/50984\/revisions"}],"wp:featuredmedia":[{"embeddable":true,"href":"https:\/\/contextoanalisisperiodistico.com\/index.php\/wp-json\/wp\/v2\/media\/50980"}],"wp:attachment":[{"href":"https:\/\/contextoanalisisperiodistico.com\/index.php\/wp-json\/wp\/v2\/media?parent=50984"}],"wp:term":[{"taxonomy":"category","embeddable":true,"href":"https:\/\/contextoanalisisperiodistico.com\/index.php\/wp-json\/wp\/v2\/categories?post=50984"},{"taxonomy":"post_tag","embeddable":true,"href":"https:\/\/contextoanalisisperiodistico.com\/index.php\/wp-json\/wp\/v2\/tags?post=50984"}],"curies":[{"name":"wp","href":"https:\/\/api.w.org\/{rel}","templated":true}]}}