{"id":50976,"date":"2026-02-17T11:16:44","date_gmt":"2026-02-17T17:16:44","guid":{"rendered":"https:\/\/contextoanalisisperiodistico.com\/index.php\/2026\/02\/17\/intensifica-sso-acciones-contra-sarampion-y-gusano-barrenador-en-el-istmo\/"},"modified":"2026-02-17T11:16:44","modified_gmt":"2026-02-17T17:16:44","slug":"intensifica-sso-acciones-contra-sarampion-y-gusano-barrenador-en-el-istmo","status":"publish","type":"post","link":"https:\/\/contextoanalisisperiodistico.com\/index.php\/2026\/02\/17\/intensifica-sso-acciones-contra-sarampion-y-gusano-barrenador-en-el-istmo\/","title":{"rendered":"Intensifica SSO acciones contra sarampi\u00f3n y gusano barrenador en el Istmo"},"content":{"rendered":"<div id=\"fb-root\"><\/div>\n\n<p>\u2022 Se acord\u00f3 reforzar coberturas de vacunaci\u00f3n con el biol\u00f3gico Triple Viral SRP y aplicaci\u00f3n de una dosis de SR a personas de 10 a 49 a\u00f1os de edad no vacunadas<\/p>\n\n\n\n<figure class=\"wp-block-image size-large\"><img fetchpriority=\"high\" decoding=\"async\" width=\"1024\" height=\"576\" src=\"https:\/\/contextoanalisisperiodistico.com\/wp-content\/uploads\/2026\/02\/img-20260217-wa00522921511192154775801-1024x576.jpg\" alt=\"\" class=\"wp-image-50975\" srcset=\"https:\/\/contextoanalisisperiodistico.com\/wp-content\/uploads\/2026\/02\/img-20260217-wa00522921511192154775801-1024x576.jpg 1024w, https:\/\/contextoanalisisperiodistico.com\/wp-content\/uploads\/2026\/02\/img-20260217-wa00522921511192154775801-300x169.jpg 300w, https:\/\/contextoanalisisperiodistico.com\/wp-content\/uploads\/2026\/02\/img-20260217-wa00522921511192154775801-768x432.jpg 768w, https:\/\/contextoanalisisperiodistico.com\/wp-content\/uploads\/2026\/02\/img-20260217-wa00522921511192154775801.jpg 1280w\" sizes=\"(max-width: 1024px) 100vw, 1024px\" \/><\/figure>\n\n\n\n<p>Juchit\u00e1n de Zaragoza, Oax. 17 de febrero de 2026.- La Jurisdicci\u00f3n Sanitaria 2 Istmo de los Servicios de Salud de Oaxaca (SSO) convoc\u00f3 a 46 municipios para reforzar las estrategias de prevenci\u00f3n y control del sarampi\u00f3n, as\u00ed como del gusano barrenador.<\/p>\n\n\n\n<p>Durante la sesi\u00f3n de la Red de Municipios por la Salud, realizada en la Casa de la Cultura de Juchit\u00e1n de Zaragoza, el jefe del sector en la zona, Hebert Vidal S\u00e1nchez inform\u00f3 que, con base en el programa federal de Acci\u00f3n Entornos y Comunidades Saludables, se analiz\u00f3 el panorama epidemiol\u00f3gico actual y se definieron medidas preventivas coordinadas.<\/p>\n\n\n\n<p>Precis\u00f3 que en esta regi\u00f3n no se han registrado casos confirmados de sarampi\u00f3n en lo que va del a\u00f1o; sin embargo, ante la alerta epidemiol\u00f3gica emitida por la Organizaci\u00f3n Panamericana de la Salud (OPS), por casos en el continente, pa\u00eds y estado; se acord\u00f3 reforzar coberturas de vacunaci\u00f3n con el biol\u00f3gico Triple Viral Sarampi\u00f3n, Rub\u00e9ola y Parotiditis (SRP) en menores de edad y completar esquemas pendientes.<\/p>\n\n\n\n<p>Adem\u00e1s de la aplicaci\u00f3n de una dosis contra sarampi\u00f3n y rub\u00e9ola (SR) a personas de 10 a 49 a\u00f1os de edad no vacunadas.<\/p>\n\n\n\n<p>Asimismo, esta dependencia estatal robustecer\u00e1 la vigilancia epidemiol\u00f3gica en todas las unidades m\u00e9dicas de la regi\u00f3n, la b\u00fasqueda intencionada de casos y notificaci\u00f3n inmediata, adem\u00e1s, mantendr\u00e1 acciones permanentes de promoci\u00f3n; con la participaci\u00f3n de autoridades municipales y Comit\u00e9s Locales de Salud.<\/p>\n\n\n\n<p>Respecto al gusano barrenador, se acord\u00f3 priorizar la detecci\u00f3n oportuna en animales y personas, tambi\u00e9n, la notificaci\u00f3n inmediata a las instancias correspondientes a trav\u00e9s del n\u00famero telef\u00f3nico 800 751 2100.<\/p>\n\n\n\n<p>SSO exhorta a la poblaci\u00f3n a revisar su esquema de vacunaci\u00f3n, acudir a su unidad m\u00e9dica ante s\u00edntomas y reportar cualquier caso relacionado con gusano barrenador.<\/p>\n\n\n\n<p>-0-<\/p>\n","protected":false},"excerpt":{"rendered":"<p>\u2022 Se acord\u00f3 reforzar coberturas de vacunaci\u00f3n con el biol\u00f3gico Triple Viral SRP y aplicaci\u00f3n&#8230;<\/p>\n","protected":false},"author":4,"featured_media":50974,"comment_status":"","ping_status":"open","sticky":false,"template":"","format":"standard","meta":{"footnotes":""},"categories":[92],"tags":[316],"jetpack_sharing_enabled":true,"featured_image_urls":{"full":["https:\/\/contextoanalisisperiodistico.com\/wp-content\/uploads\/2026\/02\/IMG-20260217-WA0053.jpg",1280,720,false],"thumbnail":["https:\/\/contextoanalisisperiodistico.com\/wp-content\/uploads\/2026\/02\/IMG-20260217-WA0053-150x150.jpg",150,150,true],"medium":["https:\/\/contextoanalisisperiodistico.com\/wp-content\/uploads\/2026\/02\/IMG-20260217-WA0053-300x169.jpg",300,169,true],"medium_large":["https:\/\/contextoanalisisperiodistico.com\/wp-content\/uploads\/2026\/02\/IMG-20260217-WA0053-768x432.jpg",640,360,true],"large":["https:\/\/contextoanalisisperiodistico.com\/wp-content\/uploads\/2026\/02\/IMG-20260217-WA0053-1024x576.jpg",640,360,true],"1536x1536":["https:\/\/contextoanalisisperiodistico.com\/wp-content\/uploads\/2026\/02\/IMG-20260217-WA0053.jpg",1280,720,false],"2048x2048":["https:\/\/contextoanalisisperiodistico.com\/wp-content\/uploads\/2026\/02\/IMG-20260217-WA0053.jpg",1280,720,false],"covernews-slider-full":["https:\/\/contextoanalisisperiodistico.com\/wp-content\/uploads\/2026\/02\/IMG-20260217-WA0053-1115x715.jpg",1115,715,true],"covernews-slider-center":["https:\/\/contextoanalisisperiodistico.com\/wp-content\/uploads\/2026\/02\/IMG-20260217-WA0053-800x500.jpg",800,500,true],"covernews-featured":["https:\/\/contextoanalisisperiodistico.com\/wp-content\/uploads\/2026\/02\/IMG-20260217-WA0053-1024x576.jpg",1024,576,true],"covernews-medium":["https:\/\/contextoanalisisperiodistico.com\/wp-content\/uploads\/2026\/02\/IMG-20260217-WA0053-540x340.jpg",540,340,true],"covernews-medium-square":["https:\/\/contextoanalisisperiodistico.com\/wp-content\/uploads\/2026\/02\/IMG-20260217-WA0053-400x250.jpg",400,250,true]},"author_info":{"display_name":"Mario Gir\u00f3n","author_link":"https:\/\/contextoanalisisperiodistico.com\/index.php\/author\/director\/"},"category_info":"<a href=\"https:\/\/contextoanalisisperiodistico.com\/index.php\/category\/salud\/\" rel=\"category tag\">Salud<\/a>","tag_info":"Salud","comment_count":"0","jetpack_featured_media_url":"https:\/\/contextoanalisisperiodistico.com\/wp-content\/uploads\/2026\/02\/IMG-20260217-WA0053.jpg","_links":{"self":[{"href":"https:\/\/contextoanalisisperiodistico.com\/index.php\/wp-json\/wp\/v2\/posts\/50976"}],"collection":[{"href":"https:\/\/contextoanalisisperiodistico.com\/index.php\/wp-json\/wp\/v2\/posts"}],"about":[{"href":"https:\/\/contextoanalisisperiodistico.com\/index.php\/wp-json\/wp\/v2\/types\/post"}],"author":[{"embeddable":true,"href":"https:\/\/contextoanalisisperiodistico.com\/index.php\/wp-json\/wp\/v2\/users\/4"}],"replies":[{"embeddable":true,"href":"https:\/\/contextoanalisisperiodistico.com\/index.php\/wp-json\/wp\/v2\/comments?post=50976"}],"version-history":[{"count":0,"href":"https:\/\/contextoanalisisperiodistico.com\/index.php\/wp-json\/wp\/v2\/posts\/50976\/revisions"}],"wp:featuredmedia":[{"embeddable":true,"href":"https:\/\/contextoanalisisperiodistico.com\/index.php\/wp-json\/wp\/v2\/media\/50974"}],"wp:attachment":[{"href":"https:\/\/contextoanalisisperiodistico.com\/index.php\/wp-json\/wp\/v2\/media?parent=50976"}],"wp:term":[{"taxonomy":"category","embeddable":true,"href":"https:\/\/contextoanalisisperiodistico.com\/index.php\/wp-json\/wp\/v2\/categories?post=50976"},{"taxonomy":"post_tag","embeddable":true,"href":"https:\/\/contextoanalisisperiodistico.com\/index.php\/wp-json\/wp\/v2\/tags?post=50976"}],"curies":[{"name":"wp","href":"https:\/\/api.w.org\/{rel}","templated":true}]}}