{"id":50973,"date":"2026-02-17T10:43:56","date_gmt":"2026-02-17T16:43:56","guid":{"rendered":"https:\/\/contextoanalisisperiodistico.com\/index.php\/2026\/02\/17\/oaxaca-no-participara-en-el-simulacro-nacional-del-18-de-febrero-proteccion-civil\/"},"modified":"2026-02-17T10:43:56","modified_gmt":"2026-02-17T16:43:56","slug":"oaxaca-no-participara-en-el-simulacro-nacional-del-18-de-febrero-proteccion-civil","status":"publish","type":"post","link":"https:\/\/contextoanalisisperiodistico.com\/index.php\/2026\/02\/17\/oaxaca-no-participara-en-el-simulacro-nacional-del-18-de-febrero-proteccion-civil\/","title":{"rendered":"Oaxaca no participar\u00e1 en el Simulacro Nacional del 18 de febrero: Protecci\u00f3n Civil"},"content":{"rendered":"<div id=\"fb-root\"><\/div>\n\n<p>La Coordinaci\u00f3n Estatal de Protecci\u00f3n Civil y Gesti\u00f3n de Riesgos (CEPCyGR) informa a la ciudadan\u00eda que el estado de Oaxaca no participar\u00e1 en el Simulacro Nacional 2026, programado para este 18 de febrero a las 11:00 horas.<\/p>\n\n\n\n<p>Este ejercicio se realizar\u00e1 exclusivamente en la Ciudad de M\u00e9xico y el Estado de M\u00e9xico, por lo que en el territorio oaxaque\u00f1o no se activar\u00e1n las alertas s\u00edsmicas ni se desarrollar\u00e1 ning\u00fan simulacro oficial en la fecha y horario se\u00f1alados.<\/p>\n\n\n\n<p>La dependencia exhorta a la poblaci\u00f3n a mantenerse informada a trav\u00e9s de los canales oficiales y a evitar la difusi\u00f3n de informaci\u00f3n imprecisa que pueda generar confusi\u00f3n entre la ciudadan\u00eda.<\/p>\n\n\n\n<p>-0-<\/p>\n","protected":false},"excerpt":{"rendered":"<p>La Coordinaci\u00f3n Estatal de Protecci\u00f3n Civil y Gesti\u00f3n de Riesgos (CEPCyGR) informa a la ciudadan\u00eda&#8230;<\/p>\n","protected":false},"author":4,"featured_media":50972,"comment_status":"","ping_status":"open","sticky":false,"template":"","format":"standard","meta":{"footnotes":""},"categories":[3],"tags":[316],"jetpack_sharing_enabled":true,"featured_image_urls":{"full":["https:\/\/contextoanalisisperiodistico.com\/wp-content\/uploads\/2026\/02\/IMG-20260102-WA0030-1.jpg",961,962,false],"thumbnail":["https:\/\/contextoanalisisperiodistico.com\/wp-content\/uploads\/2026\/02\/IMG-20260102-WA0030-1-150x150.jpg",150,150,true],"medium":["https:\/\/contextoanalisisperiodistico.com\/wp-content\/uploads\/2026\/02\/IMG-20260102-WA0030-1-300x300.jpg",300,300,true],"medium_large":["https:\/\/contextoanalisisperiodistico.com\/wp-content\/uploads\/2026\/02\/IMG-20260102-WA0030-1-768x769.jpg",640,641,true],"large":["https:\/\/contextoanalisisperiodistico.com\/wp-content\/uploads\/2026\/02\/IMG-20260102-WA0030-1.jpg",640,641,false],"1536x1536":["https:\/\/contextoanalisisperiodistico.com\/wp-content\/uploads\/2026\/02\/IMG-20260102-WA0030-1.jpg",961,962,false],"2048x2048":["https:\/\/contextoanalisisperiodistico.com\/wp-content\/uploads\/2026\/02\/IMG-20260102-WA0030-1.jpg",961,962,false],"covernews-slider-full":["https:\/\/contextoanalisisperiodistico.com\/wp-content\/uploads\/2026\/02\/IMG-20260102-WA0030-1-961x715.jpg",961,715,true],"covernews-slider-center":["https:\/\/contextoanalisisperiodistico.com\/wp-content\/uploads\/2026\/02\/IMG-20260102-WA0030-1-800x500.jpg",800,500,true],"covernews-featured":["https:\/\/contextoanalisisperiodistico.com\/wp-content\/uploads\/2026\/02\/IMG-20260102-WA0030-1.jpg",961,962,false],"covernews-medium":["https:\/\/contextoanalisisperiodistico.com\/wp-content\/uploads\/2026\/02\/IMG-20260102-WA0030-1-540x340.jpg",540,340,true],"covernews-medium-square":["https:\/\/contextoanalisisperiodistico.com\/wp-content\/uploads\/2026\/02\/IMG-20260102-WA0030-1-400x250.jpg",400,250,true]},"author_info":{"display_name":"Mario Gir\u00f3n","author_link":"https:\/\/contextoanalisisperiodistico.com\/index.php\/author\/director\/"},"category_info":"<a href=\"https:\/\/contextoanalisisperiodistico.com\/index.php\/category\/ciudad\/\" rel=\"category tag\">Ciudad<\/a>","tag_info":"Ciudad","comment_count":"0","jetpack_featured_media_url":"https:\/\/contextoanalisisperiodistico.com\/wp-content\/uploads\/2026\/02\/IMG-20260102-WA0030-1.jpg","_links":{"self":[{"href":"https:\/\/contextoanalisisperiodistico.com\/index.php\/wp-json\/wp\/v2\/posts\/50973"}],"collection":[{"href":"https:\/\/contextoanalisisperiodistico.com\/index.php\/wp-json\/wp\/v2\/posts"}],"about":[{"href":"https:\/\/contextoanalisisperiodistico.com\/index.php\/wp-json\/wp\/v2\/types\/post"}],"author":[{"embeddable":true,"href":"https:\/\/contextoanalisisperiodistico.com\/index.php\/wp-json\/wp\/v2\/users\/4"}],"replies":[{"embeddable":true,"href":"https:\/\/contextoanalisisperiodistico.com\/index.php\/wp-json\/wp\/v2\/comments?post=50973"}],"version-history":[{"count":0,"href":"https:\/\/contextoanalisisperiodistico.com\/index.php\/wp-json\/wp\/v2\/posts\/50973\/revisions"}],"wp:featuredmedia":[{"embeddable":true,"href":"https:\/\/contextoanalisisperiodistico.com\/index.php\/wp-json\/wp\/v2\/media\/50972"}],"wp:attachment":[{"href":"https:\/\/contextoanalisisperiodistico.com\/index.php\/wp-json\/wp\/v2\/media?parent=50973"}],"wp:term":[{"taxonomy":"category","embeddable":true,"href":"https:\/\/contextoanalisisperiodistico.com\/index.php\/wp-json\/wp\/v2\/categories?post=50973"},{"taxonomy":"post_tag","embeddable":true,"href":"https:\/\/contextoanalisisperiodistico.com\/index.php\/wp-json\/wp\/v2\/tags?post=50973"}],"curies":[{"name":"wp","href":"https:\/\/api.w.org\/{rel}","templated":true}]}}