{"id":5071,"date":"2022-10-20T18:03:12","date_gmt":"2022-10-20T23:03:12","guid":{"rendered":"http:\/\/contextoanalisisperiodistico.com.mx\/2022\/10\/20\/es-justa-una-lucha-depensionados-por-mejorforma-de-vida-fmn\/"},"modified":"2022-10-20T18:03:12","modified_gmt":"2022-10-20T23:03:12","slug":"es-justa-una-lucha-depensionados-por-mejorforma-de-vida-fmn","status":"publish","type":"post","link":"https:\/\/contextoanalisisperiodistico.com\/index.php\/2022\/10\/20\/es-justa-una-lucha-depensionados-por-mejorforma-de-vida-fmn\/","title":{"rendered":"Es justa una lucha de pensionados por mejor forma de vida: FMN"},"content":{"rendered":"<div id=\"fb-root\"><\/div>\n\n<p>El edil capitalino, Francisco Mart\u00ednez Neri, se reuni\u00f3 con jubilados y pensionados, para escuchar sus planteamientos, los cuales se concretan en aumento a sus percepciones, as\u00ed como entregar los finiquitos correspondientes.<\/p>\n\n\n\n<figure class=\"wp-block-image size-large\"><img decoding=\"async\" src=\"https:\/\/contextoinformacionyanalisisperiodistico.files.wordpress.com\/2022\/10\/img-20221020-wa01368125528710838104319.jpg?w=682\" alt=\"\" class=\"wp-image-5068\" \/><\/figure>\n\n\n\n<figure class=\"wp-block-image\"><img decoding=\"async\" src=\"https:\/\/contextoinformacionyanalisisperiodistico.files.wordpress.com\/2022\/10\/img-20221020-wa01355372398977810817122.jpg?w=1024\" alt=\"\" class=\"wp-image-5070\" \/><\/figure>\n\n\n\n<figure class=\"wp-block-image\"><img decoding=\"async\" src=\"https:\/\/contextoinformacionyanalisisperiodistico.files.wordpress.com\/2022\/10\/img-20221020-wa01332560068801798831218.jpg?w=1024\" alt=\"\" class=\"wp-image-5069\" \/><\/figure>\n\n\n\n<p>Ante esto, el edil capitalino les plante\u00f3 que, para otorgar un incremento a sus percepciones, deben sujetarse a un marco normativo; pero que, adem\u00e1s, el recurso que se tenia en administraciones pasadas con el tema de jubilados y pensionados, \u201clo desfondaron, dej\u00e1ndonos un d\u00e9ficit de 38 millones. Ahora nosotros tenemos la obligaci\u00f3n moral de responder y no nos vamos a esconder\u00bb, les dijo el primer concejal.<\/p>\n\n\n\n<p>Respecto a los finiquitos, contin\u00fao diciendo, \u00abacordamos con la junta de pensiones empezar a otorgarlos en raz\u00f3n de nuestras posibilidades. Y as\u00ed lo hemos hecho\u00bb, estableci\u00f3. Por otro lado, abund\u00f3&nbsp; que ya se capitaliz\u00f3 el fondo para los pr\u00e9stamos. Ahora se tiene 4 millones, los cuales est\u00e1n sirviendo para apoyar a las y los trabajadores.<\/p>\n\n\n\n<p>En su participaci\u00f3n las y los pensionados manifestaron&nbsp; que en administraciones anteriores agarraron el dinero de las pensiones para otros fines. Sabemos que usted no es as\u00ed, manifestaron, por eso le pedimos nos comprenda y ayude a resolver nuestra demanda.<\/p>\n\n\n\n<p>En voz de otro jubilado se dijo \u00abqueremos que ya no se negocie con los dirigentes de los sindicatos nuestros asuntos. Solicitamos que se haga con nosotros. Sabemos que usted es una persona recta, por eso le solicitamos eso\u201d,&nbsp; expres\u00f3.<\/p>\n\n\n\n<p>Finalmente, y comprendiendo que el municipio no tiene el recurso financiero, acordaron ir de manera conjunta a solicitarlo al Congreso del Estado e,inclusive a la Ciudad de&nbsp; M\u00e9xico, si fuera necesario.<\/p>\n\n\n\n<p>Por \u00faltimo, el presidente municipal les dijo que buscar\u00e1 la manera de que participen en las mesas en las que se discutan asuntos que tienen que ver con ellas y ellos.<\/p>\n","protected":false},"excerpt":{"rendered":"<p>El edil capitalino, Francisco Mart\u00ednez Neri, se reuni\u00f3 con jubilados y pensionados, para escuchar sus&#8230;<\/p>\n","protected":false},"author":2,"featured_media":5067,"comment_status":"open","ping_status":"open","sticky":false,"template":"","format":"standard","meta":{"footnotes":""},"categories":[7],"tags":[],"jetpack_sharing_enabled":true,"featured_image_urls":{"full":"","thumbnail":"","medium":"","medium_large":"","large":"","1536x1536":"","2048x2048":"","covernews-slider-full":"","covernews-slider-center":"","covernews-featured":"","covernews-medium":"","covernews-medium-square":""},"author_info":{"display_name":"Miguel","author_link":"https:\/\/contextoanalisisperiodistico.com\/index.php\/author\/editor\/"},"category_info":"<a href=\"https:\/\/contextoanalisisperiodistico.com\/index.php\/category\/municipios\/\" rel=\"category tag\">Municipios<\/a>","tag_info":"Municipios","comment_count":"0","jetpack_featured_media_url":"","_links":{"self":[{"href":"https:\/\/contextoanalisisperiodistico.com\/index.php\/wp-json\/wp\/v2\/posts\/5071"}],"collection":[{"href":"https:\/\/contextoanalisisperiodistico.com\/index.php\/wp-json\/wp\/v2\/posts"}],"about":[{"href":"https:\/\/contextoanalisisperiodistico.com\/index.php\/wp-json\/wp\/v2\/types\/post"}],"author":[{"embeddable":true,"href":"https:\/\/contextoanalisisperiodistico.com\/index.php\/wp-json\/wp\/v2\/users\/2"}],"replies":[{"embeddable":true,"href":"https:\/\/contextoanalisisperiodistico.com\/index.php\/wp-json\/wp\/v2\/comments?post=5071"}],"version-history":[{"count":0,"href":"https:\/\/contextoanalisisperiodistico.com\/index.php\/wp-json\/wp\/v2\/posts\/5071\/revisions"}],"wp:featuredmedia":[{"embeddable":true,"href":"https:\/\/contextoanalisisperiodistico.com\/index.php\/wp-json\/"}],"wp:attachment":[{"href":"https:\/\/contextoanalisisperiodistico.com\/index.php\/wp-json\/wp\/v2\/media?parent=5071"}],"wp:term":[{"taxonomy":"category","embeddable":true,"href":"https:\/\/contextoanalisisperiodistico.com\/index.php\/wp-json\/wp\/v2\/categories?post=5071"},{"taxonomy":"post_tag","embeddable":true,"href":"https:\/\/contextoanalisisperiodistico.com\/index.php\/wp-json\/wp\/v2\/tags?post=5071"}],"curies":[{"name":"wp","href":"https:\/\/api.w.org\/{rel}","templated":true}]}}