{"id":50452,"date":"2026-01-29T16:11:18","date_gmt":"2026-01-29T22:11:18","guid":{"rendered":"https:\/\/contextoanalisisperiodistico.com\/?p=50452"},"modified":"2026-01-29T16:11:55","modified_gmt":"2026-01-29T22:11:55","slug":"visitan-salomon-jara-y-claudia-curiel-tumba-10-de-huitzo-hallazgo-clave-del-legado-zapoteca","status":"publish","type":"post","link":"https:\/\/contextoanalisisperiodistico.com\/index.php\/2026\/01\/29\/visitan-salomon-jara-y-claudia-curiel-tumba-10-de-huitzo-hallazgo-clave-del-legado-zapoteca\/","title":{"rendered":"Visitan Salom\u00f3n Jara y Claudia Curiel Tumba 10 de Huitzo, hallazgo clave del legado zapoteca"},"content":{"rendered":"<div id=\"fb-root\"><\/div>\n\n<p>\u2022 Se subraya el compromiso de los tres \u00f3rdenes de gobierno con la investigaci\u00f3n, conservaci\u00f3n y protecci\u00f3n del patrimonio cultural del estado y del pa\u00eds<\/p>\n\n\n\n<figure class=\"wp-block-image size-large\"><img fetchpriority=\"high\" decoding=\"async\" width=\"1024\" height=\"682\" src=\"https:\/\/contextoanalisisperiodistico.com\/wp-content\/uploads\/2026\/01\/img-20260129-wa00744004709644035795466-1024x682.jpg\" alt=\"\" class=\"wp-image-50448\" srcset=\"https:\/\/contextoanalisisperiodistico.com\/wp-content\/uploads\/2026\/01\/img-20260129-wa00744004709644035795466-1024x682.jpg 1024w, https:\/\/contextoanalisisperiodistico.com\/wp-content\/uploads\/2026\/01\/img-20260129-wa00744004709644035795466-300x200.jpg 300w, https:\/\/contextoanalisisperiodistico.com\/wp-content\/uploads\/2026\/01\/img-20260129-wa00744004709644035795466-768x512.jpg 768w, https:\/\/contextoanalisisperiodistico.com\/wp-content\/uploads\/2026\/01\/img-20260129-wa00744004709644035795466-1536x1023.jpg 1536w, https:\/\/contextoanalisisperiodistico.com\/wp-content\/uploads\/2026\/01\/img-20260129-wa00744004709644035795466.jpg 1600w\" sizes=\"(max-width: 1024px) 100vw, 1024px\" \/><\/figure>\n\n\n\n<figure class=\"wp-block-image\"><img decoding=\"async\" width=\"300\" height=\"200\" src=\"https:\/\/contextoanalisisperiodistico.com\/wp-content\/uploads\/2026\/01\/img-20260129-wa00735095928295407666239-300x200.jpg\" alt=\"\" class=\"wp-image-50449\" srcset=\"https:\/\/contextoanalisisperiodistico.com\/wp-content\/uploads\/2026\/01\/img-20260129-wa00735095928295407666239-300x200.jpg 300w, https:\/\/contextoanalisisperiodistico.com\/wp-content\/uploads\/2026\/01\/img-20260129-wa00735095928295407666239-768x512.jpg 768w, https:\/\/contextoanalisisperiodistico.com\/wp-content\/uploads\/2026\/01\/img-20260129-wa00735095928295407666239.jpg 900w\" sizes=\"(max-width: 300px) 100vw, 300px\" \/><\/figure>\n\n\n\n<figure class=\"wp-block-image\"><img decoding=\"async\" width=\"1024\" height=\"683\" src=\"https:\/\/contextoanalisisperiodistico.com\/wp-content\/uploads\/2026\/01\/img-20260129-wa00757197438696519132273-1024x683.jpg\" alt=\"\" class=\"wp-image-50445\" srcset=\"https:\/\/contextoanalisisperiodistico.com\/wp-content\/uploads\/2026\/01\/img-20260129-wa00757197438696519132273-1024x683.jpg 1024w, https:\/\/contextoanalisisperiodistico.com\/wp-content\/uploads\/2026\/01\/img-20260129-wa00757197438696519132273-300x200.jpg 300w, https:\/\/contextoanalisisperiodistico.com\/wp-content\/uploads\/2026\/01\/img-20260129-wa00757197438696519132273-768x512.jpg 768w, https:\/\/contextoanalisisperiodistico.com\/wp-content\/uploads\/2026\/01\/img-20260129-wa00757197438696519132273.jpg 1280w\" sizes=\"(max-width: 1024px) 100vw, 1024px\" \/><\/figure>\n\n\n\n<figure class=\"wp-block-image\"><img loading=\"lazy\" decoding=\"async\" width=\"300\" height=\"200\" src=\"https:\/\/contextoanalisisperiodistico.com\/wp-content\/uploads\/2026\/01\/img-20260129-wa00778802613550766498467-300x200.jpg\" alt=\"\" class=\"wp-image-50447\" srcset=\"https:\/\/contextoanalisisperiodistico.com\/wp-content\/uploads\/2026\/01\/img-20260129-wa00778802613550766498467-300x200.jpg 300w, https:\/\/contextoanalisisperiodistico.com\/wp-content\/uploads\/2026\/01\/img-20260129-wa00778802613550766498467-768x511.jpg 768w, https:\/\/contextoanalisisperiodistico.com\/wp-content\/uploads\/2026\/01\/img-20260129-wa00778802613550766498467.jpg 900w\" sizes=\"(max-width: 300px) 100vw, 300px\" \/><\/figure>\n\n\n\n<figure class=\"wp-block-image\"><img loading=\"lazy\" decoding=\"async\" width=\"300\" height=\"200\" src=\"https:\/\/contextoanalisisperiodistico.com\/wp-content\/uploads\/2026\/01\/img-20260129-wa00798060078890738893679-300x200.jpg\" alt=\"\" class=\"wp-image-50446\" srcset=\"https:\/\/contextoanalisisperiodistico.com\/wp-content\/uploads\/2026\/01\/img-20260129-wa00798060078890738893679-300x200.jpg 300w, https:\/\/contextoanalisisperiodistico.com\/wp-content\/uploads\/2026\/01\/img-20260129-wa00798060078890738893679-768x511.jpg 768w, https:\/\/contextoanalisisperiodistico.com\/wp-content\/uploads\/2026\/01\/img-20260129-wa00798060078890738893679.jpg 900w\" sizes=\"(max-width: 300px) 100vw, 300px\" \/><\/figure>\n\n\n\n<figure class=\"wp-block-image\"><img loading=\"lazy\" decoding=\"async\" width=\"300\" height=\"200\" src=\"https:\/\/contextoanalisisperiodistico.com\/wp-content\/uploads\/2026\/01\/img-20260129-wa00782938044724045749449-300x200.jpg\" alt=\"\" class=\"wp-image-50451\" srcset=\"https:\/\/contextoanalisisperiodistico.com\/wp-content\/uploads\/2026\/01\/img-20260129-wa00782938044724045749449-300x200.jpg 300w, https:\/\/contextoanalisisperiodistico.com\/wp-content\/uploads\/2026\/01\/img-20260129-wa00782938044724045749449-768x511.jpg 768w, https:\/\/contextoanalisisperiodistico.com\/wp-content\/uploads\/2026\/01\/img-20260129-wa00782938044724045749449.jpg 900w\" sizes=\"(max-width: 300px) 100vw, 300px\" \/><\/figure>\n\n\n\n<figure class=\"wp-block-image\"><img loading=\"lazy\" decoding=\"async\" width=\"683\" height=\"1024\" src=\"https:\/\/contextoanalisisperiodistico.com\/wp-content\/uploads\/2026\/01\/img-20260129-wa00761818307123252670747-683x1024.jpg\" alt=\"\" class=\"wp-image-50450\" srcset=\"https:\/\/contextoanalisisperiodistico.com\/wp-content\/uploads\/2026\/01\/img-20260129-wa00761818307123252670747-683x1024.jpg 683w, https:\/\/contextoanalisisperiodistico.com\/wp-content\/uploads\/2026\/01\/img-20260129-wa00761818307123252670747-200x300.jpg 200w, https:\/\/contextoanalisisperiodistico.com\/wp-content\/uploads\/2026\/01\/img-20260129-wa00761818307123252670747-768x1151.jpg 768w, https:\/\/contextoanalisisperiodistico.com\/wp-content\/uploads\/2026\/01\/img-20260129-wa00761818307123252670747.jpg 854w\" sizes=\"(max-width: 683px) 100vw, 683px\" \/><\/figure>\n\n\n\n<p>Oaxaca de Ju\u00e1rez, Oax. 29 de enero de 2026.- El Gobernador Salom\u00f3n Jara Cruz y la titular de la Secretar\u00eda de Cultura del Gobierno de M\u00e9xico, Claudia Curiel de Icaza visitaron el reci\u00e9n descubierto sitio arqueol\u00f3gico en la que se localiza la Tumba 10, en el Cerro de la Cantera, municipio de San Pablo Huitzo.<\/p>\n\n\n\n<p>Con esta acci\u00f3n, se subraya el compromiso de los tres \u00f3rdenes de gobierno con la investigaci\u00f3n, conservaci\u00f3n y protecci\u00f3n del patrimonio cultural del estado y del pa\u00eds.<\/p>\n\n\n\n<p>El Mandatario estatal y la funcionaria federal recorrieron las excavaciones y conocieron las labores de restauraci\u00f3n que se realizan en este asentamiento zapoteca, que data del a\u00f1o 600 d.C., y es considerado uno de los hallazgos arqueol\u00f3gicos m\u00e1s relevantes de la \u00faltima d\u00e9cada en el pa\u00eds, por su valor para el conocimiento y la preservaci\u00f3n del legado hist\u00f3rico.<\/p>\n\n\n\n<p>\u201cLuego del anuncio realizado por la Presidenta Claudia Sheinbaum, se comprueba una vez m\u00e1s las maravillas \u00fanicas que posee la entidad, en este caso de la Tumba 10\u201d, se\u00f1al\u00f3 Jara Cruz.<\/p>\n\n\n\n<p>En su oportunidad, la titular de la Secretar\u00eda de Cultura de M\u00e9xico reconoci\u00f3 la labor de las y los habitantes de la comunidad, primeros guardianes de este patrimonio hist\u00f3rico, en colaboraci\u00f3n con los gobiernos Federal, Estatal y municipal para su preservaci\u00f3n.<\/p>\n\n\n\n<p>Anunci\u00f3 que se prev\u00e9 la apertura de este espacio al p\u00fablico a finales de este a\u00f1o, ya que actualmente se realizan trabajos de estabilizaci\u00f3n y preparaci\u00f3n en el lugar para que pueda ser visitado.<\/p>\n\n\n\n<p>Tambi\u00e9n asistieron el director general del Instituto Nacional de Antropolog\u00eda e Historia (INAH), Joel Omar V\u00e1zquez; el titular de la Secretar\u00eda de las Culturas y Artes de Oaxaca (Seculta), Flavio Sosa Villavicencio; la directora del Instituto del Patrimonio Cultural del Estado de Oaxaca (Inpac), Sildia Mecott G\u00f3mez.<\/p>\n\n\n\n<p>Durante la visita, personas arque\u00f3logas y restauradoras del INAH expusieron los detalles de este hallazgo y se\u00f1alaron que este recinto funerario posee una gran importancia arquitect\u00f3nica por los s\u00edmbolos y significados que representa, los cuales aportan informaci\u00f3n clave sobre la cosmovisi\u00f3n y organizaci\u00f3n social de los pueblos zapotecos.<\/p>\n\n\n\n<p>Este descubrimiento refuerza la relevancia de Oaxaca como una de las regiones fundamentales para el desarrollo de las civilizaciones mesoamericanas.<\/p>\n\n\n\n<p>-0-<\/p>\n","protected":false},"excerpt":{"rendered":"<p>\u2022 Se subraya el compromiso de los tres \u00f3rdenes de gobierno con la investigaci\u00f3n, conservaci\u00f3n&#8230;<\/p>\n","protected":false},"author":4,"featured_media":50444,"comment_status":"closed","ping_status":"open","sticky":false,"template":"","format":"standard","meta":{"footnotes":""},"categories":[9],"tags":[335],"jetpack_sharing_enabled":true,"featured_image_urls":{"full":["https:\/\/contextoanalisisperiodistico.com\/wp-content\/uploads\/2026\/01\/IMG-20260129-WA0072.jpg",1600,1066,false],"thumbnail":["https:\/\/contextoanalisisperiodistico.com\/wp-content\/uploads\/2026\/01\/IMG-20260129-WA0072-150x150.jpg",150,150,true],"medium":["https:\/\/contextoanalisisperiodistico.com\/wp-content\/uploads\/2026\/01\/IMG-20260129-WA0072-300x200.jpg",300,200,true],"medium_large":["https:\/\/contextoanalisisperiodistico.com\/wp-content\/uploads\/2026\/01\/IMG-20260129-WA0072-768x512.jpg",640,427,true],"large":["https:\/\/contextoanalisisperiodistico.com\/wp-content\/uploads\/2026\/01\/IMG-20260129-WA0072-1024x682.jpg",640,426,true],"1536x1536":["https:\/\/contextoanalisisperiodistico.com\/wp-content\/uploads\/2026\/01\/IMG-20260129-WA0072-1536x1023.jpg",1536,1023,true],"2048x2048":["https:\/\/contextoanalisisperiodistico.com\/wp-content\/uploads\/2026\/01\/IMG-20260129-WA0072.jpg",1600,1066,false],"covernews-slider-full":["https:\/\/contextoanalisisperiodistico.com\/wp-content\/uploads\/2026\/01\/IMG-20260129-WA0072-1115x715.jpg",1115,715,true],"covernews-slider-center":["https:\/\/contextoanalisisperiodistico.com\/wp-content\/uploads\/2026\/01\/IMG-20260129-WA0072-800x500.jpg",800,500,true],"covernews-featured":["https:\/\/contextoanalisisperiodistico.com\/wp-content\/uploads\/2026\/01\/IMG-20260129-WA0072-1024x682.jpg",1024,682,true],"covernews-medium":["https:\/\/contextoanalisisperiodistico.com\/wp-content\/uploads\/2026\/01\/IMG-20260129-WA0072-540x340.jpg",540,340,true],"covernews-medium-square":["https:\/\/contextoanalisisperiodistico.com\/wp-content\/uploads\/2026\/01\/IMG-20260129-WA0072-400x250.jpg",400,250,true]},"author_info":{"display_name":"Mario Gir\u00f3n","author_link":"https:\/\/contextoanalisisperiodistico.com\/index.php\/author\/director\/"},"category_info":"<a href=\"https:\/\/contextoanalisisperiodistico.com\/index.php\/category\/politica\/\" rel=\"category tag\">Pol\u00edtica<\/a>","tag_info":"Pol\u00edtica","comment_count":"0","jetpack_featured_media_url":"https:\/\/contextoanalisisperiodistico.com\/wp-content\/uploads\/2026\/01\/IMG-20260129-WA0072.jpg","_links":{"self":[{"href":"https:\/\/contextoanalisisperiodistico.com\/index.php\/wp-json\/wp\/v2\/posts\/50452"}],"collection":[{"href":"https:\/\/contextoanalisisperiodistico.com\/index.php\/wp-json\/wp\/v2\/posts"}],"about":[{"href":"https:\/\/contextoanalisisperiodistico.com\/index.php\/wp-json\/wp\/v2\/types\/post"}],"author":[{"embeddable":true,"href":"https:\/\/contextoanalisisperiodistico.com\/index.php\/wp-json\/wp\/v2\/users\/4"}],"replies":[{"embeddable":true,"href":"https:\/\/contextoanalisisperiodistico.com\/index.php\/wp-json\/wp\/v2\/comments?post=50452"}],"version-history":[{"count":1,"href":"https:\/\/contextoanalisisperiodistico.com\/index.php\/wp-json\/wp\/v2\/posts\/50452\/revisions"}],"predecessor-version":[{"id":50453,"href":"https:\/\/contextoanalisisperiodistico.com\/index.php\/wp-json\/wp\/v2\/posts\/50452\/revisions\/50453"}],"wp:featuredmedia":[{"embeddable":true,"href":"https:\/\/contextoanalisisperiodistico.com\/index.php\/wp-json\/wp\/v2\/media\/50444"}],"wp:attachment":[{"href":"https:\/\/contextoanalisisperiodistico.com\/index.php\/wp-json\/wp\/v2\/media?parent=50452"}],"wp:term":[{"taxonomy":"category","embeddable":true,"href":"https:\/\/contextoanalisisperiodistico.com\/index.php\/wp-json\/wp\/v2\/categories?post=50452"},{"taxonomy":"post_tag","embeddable":true,"href":"https:\/\/contextoanalisisperiodistico.com\/index.php\/wp-json\/wp\/v2\/tags?post=50452"}],"curies":[{"name":"wp","href":"https:\/\/api.w.org\/{rel}","templated":true}]}}