{"id":50436,"date":"2026-01-29T14:28:16","date_gmt":"2026-01-29T20:28:16","guid":{"rendered":"https:\/\/contextoanalisisperiodistico.com\/?p=50436"},"modified":"2026-01-29T14:28:22","modified_gmt":"2026-01-29T20:28:22","slug":"oaxaca-de-juarez-da-un-paso-historico-en-la-proteccion-de-su-patrimonio-natural","status":"publish","type":"post","link":"https:\/\/contextoanalisisperiodistico.com\/index.php\/2026\/01\/29\/oaxaca-de-juarez-da-un-paso-historico-en-la-proteccion-de-su-patrimonio-natural\/","title":{"rendered":"Oaxaca de Ju\u00e1rez da un paso hist\u00f3rico en la protecci\u00f3n de su patrimonio natural"},"content":{"rendered":"<div id=\"fb-root\"><\/div>\n\n<ul class=\"wp-block-list\">\n<li>Con la instalaci\u00f3n del Comit\u00e9 T\u00e9cnico de Atenci\u00f3n a los \u00c1rboles Urbanos y Notables, el municipio fortalece la toma de decisiones ambientales con respaldo cient\u00edfico y especializado<\/li>\n<\/ul>\n\n\n\n<figure class=\"wp-block-video\"><video controls src=\"https:\/\/contextoanalisisperiodistico.com\/wp-content\/uploads\/2026\/01\/VID-20260129-WA0067.mp4\"><\/video><\/figure>\n\n\n\n<p>Oaxaca de Ju\u00e1rez, Oax., 29 de enero de 2026.\u2013 En un hecho relevante para la protecci\u00f3n ambiental y el cuidado del patrimonio natural de la ciudad, el presidente municipal Ray Chagoya particip\u00f3 en la instalaci\u00f3n y toma de protesta del Comit\u00e9 T\u00e9cnico de Atenci\u00f3n a los \u00c1rboles Urbanos y Notables del Municipio de Oaxaca de Ju\u00e1rez, un \u00f3rgano especializado que marcar\u00e1 un antes y un despu\u00e9s en la forma en que se toman decisiones sobre el arbolado urbano y los \u00e1rboles emblem\u00e1ticos de la capital.<\/p>\n\n\n\n<p>Durante el acto realizado en la antigua estaci\u00f3n del ferrocarril y con la presencia de Karime Unda Harp, secretaria de Medio Ambiente, Biodiversidad, Energ\u00edas y Sostenibilidad (SEMAEDESO) y la diputada Lizbeth Cocha Ojeda, presidenta de la Comisi\u00f3n de Medio Ambiente, Biodiversidad, Energ\u00edas, Sostenibilidad y Cambio Clim\u00e1tico del Congreso del Estado, el edil destac\u00f3 que la conformaci\u00f3n de este Comit\u00e9 representa un paso firme hacia una gesti\u00f3n ambiental responsable, basada en conocimiento cient\u00edfico, experiencia t\u00e9cnica y coordinaci\u00f3n interinstitucional, con el objetivo de proteger \u00e1rboles emblem\u00e1ticos que forman parte de la identidad, la historia y el bienestar de la ciudad.<\/p>\n\n\n\n<p>El Comit\u00e9 est\u00e1 integrado por especialistas en arbolado urbano, instituciones acad\u00e9micas, dependencias estatales y municipales, as\u00ed como representantes de distintos sectores, lo que permitir\u00e1 que cada intervenci\u00f3n sobre los \u00e1rboles urbanos y notables cuente con an\u00e1lisis profesional, criterios de sustentabilidad y visi\u00f3n de largo plazo.<\/p>\n\n\n\n<p>En su mensaje, el presidente municipal subray\u00f3 que Oaxaca de Ju\u00e1rez es una ciudad que avanza hacia un modelo de ciudad limpia y segura, donde el cuidado del patrimonio natural es una responsabilidad compartida y un eje fundamental para mejorar la calidad de vida de las vecinas y los vecinos.<\/p>\n\n\n\n<p>Con la instalaci\u00f3n de este Comit\u00e9, el Gobierno Municipal refrenda su compromiso con la protecci\u00f3n ambiental, la transparencia en la toma de decisiones y la construcci\u00f3n de pol\u00edticas p\u00fablicas que armonicen el desarrollo urbano con el respeto a la naturaleza.<\/p>\n\n\n\n<p><\/p>\n\n\n\n<p><\/p>\n\n\n\n<figure class=\"wp-block-image size-large\"><img fetchpriority=\"high\" decoding=\"async\" width=\"1024\" height=\"685\" src=\"https:\/\/contextoanalisisperiodistico.com\/wp-content\/uploads\/2026\/01\/img-20260129-wa0060903310965111843048-1024x685.jpg\" alt=\"\" class=\"wp-image-50441\" srcset=\"https:\/\/contextoanalisisperiodistico.com\/wp-content\/uploads\/2026\/01\/img-20260129-wa0060903310965111843048-1024x685.jpg 1024w, https:\/\/contextoanalisisperiodistico.com\/wp-content\/uploads\/2026\/01\/img-20260129-wa0060903310965111843048-300x201.jpg 300w, https:\/\/contextoanalisisperiodistico.com\/wp-content\/uploads\/2026\/01\/img-20260129-wa0060903310965111843048-768x514.jpg 768w, https:\/\/contextoanalisisperiodistico.com\/wp-content\/uploads\/2026\/01\/img-20260129-wa0060903310965111843048-1536x1027.jpg 1536w, https:\/\/contextoanalisisperiodistico.com\/wp-content\/uploads\/2026\/01\/img-20260129-wa0060903310965111843048.jpg 1600w\" sizes=\"(max-width: 1024px) 100vw, 1024px\" \/><\/figure>\n\n\n\n<figure class=\"wp-block-image\"><img decoding=\"async\" width=\"1024\" height=\"685\" src=\"https:\/\/contextoanalisisperiodistico.com\/wp-content\/uploads\/2026\/01\/img-20260129-wa00585201080930880770528-1024x685.jpg\" alt=\"\" class=\"wp-image-50440\" srcset=\"https:\/\/contextoanalisisperiodistico.com\/wp-content\/uploads\/2026\/01\/img-20260129-wa00585201080930880770528-1024x685.jpg 1024w, https:\/\/contextoanalisisperiodistico.com\/wp-content\/uploads\/2026\/01\/img-20260129-wa00585201080930880770528-300x201.jpg 300w, https:\/\/contextoanalisisperiodistico.com\/wp-content\/uploads\/2026\/01\/img-20260129-wa00585201080930880770528-768x514.jpg 768w, https:\/\/contextoanalisisperiodistico.com\/wp-content\/uploads\/2026\/01\/img-20260129-wa00585201080930880770528-1536x1027.jpg 1536w, https:\/\/contextoanalisisperiodistico.com\/wp-content\/uploads\/2026\/01\/img-20260129-wa00585201080930880770528.jpg 1600w\" sizes=\"(max-width: 1024px) 100vw, 1024px\" \/><\/figure>\n\n\n\n<figure class=\"wp-block-image\"><img decoding=\"async\" width=\"1024\" height=\"685\" src=\"https:\/\/contextoanalisisperiodistico.com\/wp-content\/uploads\/2026\/01\/img-20260129-wa00631699559278433946440-1024x685.jpg\" alt=\"\" class=\"wp-image-50439\" srcset=\"https:\/\/contextoanalisisperiodistico.com\/wp-content\/uploads\/2026\/01\/img-20260129-wa00631699559278433946440-1024x685.jpg 1024w, https:\/\/contextoanalisisperiodistico.com\/wp-content\/uploads\/2026\/01\/img-20260129-wa00631699559278433946440-300x201.jpg 300w, https:\/\/contextoanalisisperiodistico.com\/wp-content\/uploads\/2026\/01\/img-20260129-wa00631699559278433946440-768x514.jpg 768w, https:\/\/contextoanalisisperiodistico.com\/wp-content\/uploads\/2026\/01\/img-20260129-wa00631699559278433946440-1536x1027.jpg 1536w, https:\/\/contextoanalisisperiodistico.com\/wp-content\/uploads\/2026\/01\/img-20260129-wa00631699559278433946440.jpg 1600w\" sizes=\"(max-width: 1024px) 100vw, 1024px\" \/><\/figure>\n\n\n\n<figure class=\"wp-block-image\"><img loading=\"lazy\" decoding=\"async\" width=\"1024\" height=\"684\" src=\"https:\/\/contextoanalisisperiodistico.com\/wp-content\/uploads\/2026\/01\/img-20260129-wa00626962529554163656217-1024x684.jpg\" alt=\"\" class=\"wp-image-50442\" srcset=\"https:\/\/contextoanalisisperiodistico.com\/wp-content\/uploads\/2026\/01\/img-20260129-wa00626962529554163656217-1024x684.jpg 1024w, https:\/\/contextoanalisisperiodistico.com\/wp-content\/uploads\/2026\/01\/img-20260129-wa00626962529554163656217-300x200.jpg 300w, https:\/\/contextoanalisisperiodistico.com\/wp-content\/uploads\/2026\/01\/img-20260129-wa00626962529554163656217-768x513.jpg 768w, https:\/\/contextoanalisisperiodistico.com\/wp-content\/uploads\/2026\/01\/img-20260129-wa00626962529554163656217.jpg 1532w\" sizes=\"(max-width: 1024px) 100vw, 1024px\" \/><\/figure>\n\n\n\n<figure class=\"wp-block-image\"><img loading=\"lazy\" decoding=\"async\" width=\"1024\" height=\"685\" src=\"https:\/\/contextoanalisisperiodistico.com\/wp-content\/uploads\/2026\/01\/img-20260129-wa00611298240884500964818-1024x685.jpg\" alt=\"\" class=\"wp-image-50438\" srcset=\"https:\/\/contextoanalisisperiodistico.com\/wp-content\/uploads\/2026\/01\/img-20260129-wa00611298240884500964818-1024x685.jpg 1024w, https:\/\/contextoanalisisperiodistico.com\/wp-content\/uploads\/2026\/01\/img-20260129-wa00611298240884500964818-300x201.jpg 300w, https:\/\/contextoanalisisperiodistico.com\/wp-content\/uploads\/2026\/01\/img-20260129-wa00611298240884500964818-768x514.jpg 768w, https:\/\/contextoanalisisperiodistico.com\/wp-content\/uploads\/2026\/01\/img-20260129-wa00611298240884500964818-1536x1027.jpg 1536w, https:\/\/contextoanalisisperiodistico.com\/wp-content\/uploads\/2026\/01\/img-20260129-wa00611298240884500964818.jpg 1600w\" sizes=\"(max-width: 1024px) 100vw, 1024px\" \/><\/figure>\n","protected":false},"excerpt":{"rendered":"<p>Oaxaca de Ju\u00e1rez, Oax., 29 de enero de 2026.\u2013 En un hecho relevante para la&#8230;<\/p>\n","protected":false},"author":4,"featured_media":50434,"comment_status":"closed","ping_status":"open","sticky":false,"template":"","format":"standard","meta":{"footnotes":""},"categories":[9],"tags":[316,353,188,352,178],"jetpack_sharing_enabled":true,"featured_image_urls":{"full":["https:\/\/contextoanalisisperiodistico.com\/wp-content\/uploads\/2026\/01\/IMG-20260129-WA0059.jpg",1600,1070,false],"thumbnail":["https:\/\/contextoanalisisperiodistico.com\/wp-content\/uploads\/2026\/01\/IMG-20260129-WA0059-150x150.jpg",150,150,true],"medium":["https:\/\/contextoanalisisperiodistico.com\/wp-content\/uploads\/2026\/01\/IMG-20260129-WA0059-300x201.jpg",300,201,true],"medium_large":["https:\/\/contextoanalisisperiodistico.com\/wp-content\/uploads\/2026\/01\/IMG-20260129-WA0059-768x514.jpg",640,428,true],"large":["https:\/\/contextoanalisisperiodistico.com\/wp-content\/uploads\/2026\/01\/IMG-20260129-WA0059-1024x685.jpg",640,428,true],"1536x1536":["https:\/\/contextoanalisisperiodistico.com\/wp-content\/uploads\/2026\/01\/IMG-20260129-WA0059-1536x1027.jpg",1536,1027,true],"2048x2048":["https:\/\/contextoanalisisperiodistico.com\/wp-content\/uploads\/2026\/01\/IMG-20260129-WA0059.jpg",1600,1070,false],"covernews-slider-full":["https:\/\/contextoanalisisperiodistico.com\/wp-content\/uploads\/2026\/01\/IMG-20260129-WA0059-1115x715.jpg",1115,715,true],"covernews-slider-center":["https:\/\/contextoanalisisperiodistico.com\/wp-content\/uploads\/2026\/01\/IMG-20260129-WA0059-800x500.jpg",800,500,true],"covernews-featured":["https:\/\/contextoanalisisperiodistico.com\/wp-content\/uploads\/2026\/01\/IMG-20260129-WA0059-1024x685.jpg",1024,685,true],"covernews-medium":["https:\/\/contextoanalisisperiodistico.com\/wp-content\/uploads\/2026\/01\/IMG-20260129-WA0059-540x340.jpg",540,340,true],"covernews-medium-square":["https:\/\/contextoanalisisperiodistico.com\/wp-content\/uploads\/2026\/01\/IMG-20260129-WA0059-400x250.jpg",400,250,true]},"author_info":{"display_name":"Mario Gir\u00f3n","author_link":"https:\/\/contextoanalisisperiodistico.com\/index.php\/author\/director\/"},"category_info":"<a href=\"https:\/\/contextoanalisisperiodistico.com\/index.php\/category\/politica\/\" rel=\"category tag\">Pol\u00edtica<\/a>","tag_info":"Pol\u00edtica","comment_count":"0","jetpack_featured_media_url":"https:\/\/contextoanalisisperiodistico.com\/wp-content\/uploads\/2026\/01\/IMG-20260129-WA0059.jpg","_links":{"self":[{"href":"https:\/\/contextoanalisisperiodistico.com\/index.php\/wp-json\/wp\/v2\/posts\/50436"}],"collection":[{"href":"https:\/\/contextoanalisisperiodistico.com\/index.php\/wp-json\/wp\/v2\/posts"}],"about":[{"href":"https:\/\/contextoanalisisperiodistico.com\/index.php\/wp-json\/wp\/v2\/types\/post"}],"author":[{"embeddable":true,"href":"https:\/\/contextoanalisisperiodistico.com\/index.php\/wp-json\/wp\/v2\/users\/4"}],"replies":[{"embeddable":true,"href":"https:\/\/contextoanalisisperiodistico.com\/index.php\/wp-json\/wp\/v2\/comments?post=50436"}],"version-history":[{"count":2,"href":"https:\/\/contextoanalisisperiodistico.com\/index.php\/wp-json\/wp\/v2\/posts\/50436\/revisions"}],"predecessor-version":[{"id":50443,"href":"https:\/\/contextoanalisisperiodistico.com\/index.php\/wp-json\/wp\/v2\/posts\/50436\/revisions\/50443"}],"wp:featuredmedia":[{"embeddable":true,"href":"https:\/\/contextoanalisisperiodistico.com\/index.php\/wp-json\/wp\/v2\/media\/50434"}],"wp:attachment":[{"href":"https:\/\/contextoanalisisperiodistico.com\/index.php\/wp-json\/wp\/v2\/media?parent=50436"}],"wp:term":[{"taxonomy":"category","embeddable":true,"href":"https:\/\/contextoanalisisperiodistico.com\/index.php\/wp-json\/wp\/v2\/categories?post=50436"},{"taxonomy":"post_tag","embeddable":true,"href":"https:\/\/contextoanalisisperiodistico.com\/index.php\/wp-json\/wp\/v2\/tags?post=50436"}],"curies":[{"name":"wp","href":"https:\/\/api.w.org\/{rel}","templated":true}]}}