{"id":50429,"date":"2026-01-29T01:05:04","date_gmt":"2026-01-29T07:05:04","guid":{"rendered":"https:\/\/contextoanalisisperiodistico.com\/?p=50429"},"modified":"2026-01-29T01:05:47","modified_gmt":"2026-01-29T07:05:47","slug":"exige-gobierno-de-oaxaca-retiro-inmediato-de-propaganda-de-espectaculo-ecuestre-que-transgrede-la-guelaguetza","status":"publish","type":"post","link":"https:\/\/contextoanalisisperiodistico.com\/index.php\/2026\/01\/29\/exige-gobierno-de-oaxaca-retiro-inmediato-de-propaganda-de-espectaculo-ecuestre-que-transgrede-la-guelaguetza\/","title":{"rendered":"Exige Gobierno de Oaxaca retiro inmediato de propaganda de espect\u00e1culo ecuestre que transgrede la Guelaguetza"},"content":{"rendered":"<div id=\"fb-root\"><\/div>\n\n<ul class=\"wp-block-list\">\n<li>A trav\u00e9s de la Secretar\u00eda de las Culturas y Artes se reserva el derecho de iniciar acciones legales para la defensa, protecci\u00f3n y salvaguarda de este patrimonio cultural<\/li>\n<\/ul>\n\n\n\n<p>Oaxaca de Ju\u00e1rez, Oax. 28 de enero de 2026. El Gobierno de Oaxaca a trav\u00e9s de la Secretar\u00eda de las Culturas y Artes exige a las y los responsables del espect\u00e1culo denominado \u201cLa Guelaguetza ecuestre, tradici\u00f3n en movimiento\u201d, el retiro inmediato y total de toda propaganda, publicidad y material promocional \u2014f\u00edsico o digital\u2014 que haga uso o referencia indebida a esta expresi\u00f3n cultural protegida.<\/p>\n\n\n\n<p>Detalla que la Guelaguetza no es una marca ni un espect\u00e1culo de libre uso comercial, ya que de conformidad con el Art\u00edculo 2 de la Ley de Protecci\u00f3n, Acceso y Difusi\u00f3n para la Festividad de la Guelaguetza del Estado de Oaxaca, esta constituye un patrimonio cultural material e inmaterial de los pueblos y comunidades ind\u00edgenas y afromexicanas, y se encuentra sujeta a un r\u00e9gimen especial de protecci\u00f3n jur\u00eddica.<\/p>\n\n\n\n<p>En consecuencia, el uso del nombre, s\u00edmbolos, elementos o referencias a esta festividad con fines comerciales, de manera descontextualizada y sin la participaci\u00f3n ni el consentimiento de los pueblos que la han sostenido hist\u00f3ricamente, constituye un acto de apropiaci\u00f3n cultural y una probable vulneraci\u00f3n al marco constitucional y legal vigente.<\/p>\n\n\n\n<p>Por lo anterior, esta dependencia estatal se reserva expresamente el derecho de iniciar las acciones jur\u00eddicas y administrativas que resulten procedentes, conforme a la Constituci\u00f3n y a la normatividad aplicable; para la defensa, protecci\u00f3n y salvaguarda del patrimonio cultural de los pueblos de Oaxaca, sin necesidad de previo aviso adicional.<\/p>\n\n\n\n<p>Esta actuaci\u00f3n, aclara, est\u00e1 fundamentada en los art\u00edculos 1, 2 y 4 de la Constituci\u00f3n Pol\u00edtica de los Estados Unidos Mexicanos, que reconocen y protegen los derechos culturales colectivos, y obligan al Estado a prevenir, detener y sancionar el uso no consentido de las expresiones culturales de los pueblos originarios.<\/p>\n\n\n\n<p>Para el Gobierno de Oaxaca la cultura de los pueblos no es mercanc\u00eda, por lo que su uso indebido no ser\u00e1 tolerado.<\/p>\n\n\n\n<p>-0-<\/p>\n","protected":false},"excerpt":{"rendered":"<p>Oaxaca de Ju\u00e1rez, Oax. 28 de enero de 2026. El Gobierno de Oaxaca a trav\u00e9s&#8230;<\/p>\n","protected":false},"author":4,"featured_media":50428,"comment_status":"closed","ping_status":"open","sticky":false,"template":"","format":"standard","meta":{"footnotes":""},"categories":[4],"tags":[316],"jetpack_sharing_enabled":true,"featured_image_urls":{"full":["https:\/\/contextoanalisisperiodistico.com\/wp-content\/uploads\/2026\/01\/IMG-20260128-WA0109.jpg",960,960,false],"thumbnail":["https:\/\/contextoanalisisperiodistico.com\/wp-content\/uploads\/2026\/01\/IMG-20260128-WA0109-150x150.jpg",150,150,true],"medium":["https:\/\/contextoanalisisperiodistico.com\/wp-content\/uploads\/2026\/01\/IMG-20260128-WA0109-300x300.jpg",300,300,true],"medium_large":["https:\/\/contextoanalisisperiodistico.com\/wp-content\/uploads\/2026\/01\/IMG-20260128-WA0109-768x768.jpg",640,640,true],"large":["https:\/\/contextoanalisisperiodistico.com\/wp-content\/uploads\/2026\/01\/IMG-20260128-WA0109.jpg",640,640,false],"1536x1536":["https:\/\/contextoanalisisperiodistico.com\/wp-content\/uploads\/2026\/01\/IMG-20260128-WA0109.jpg",960,960,false],"2048x2048":["https:\/\/contextoanalisisperiodistico.com\/wp-content\/uploads\/2026\/01\/IMG-20260128-WA0109.jpg",960,960,false],"covernews-slider-full":["https:\/\/contextoanalisisperiodistico.com\/wp-content\/uploads\/2026\/01\/IMG-20260128-WA0109-960x715.jpg",960,715,true],"covernews-slider-center":["https:\/\/contextoanalisisperiodistico.com\/wp-content\/uploads\/2026\/01\/IMG-20260128-WA0109-800x500.jpg",800,500,true],"covernews-featured":["https:\/\/contextoanalisisperiodistico.com\/wp-content\/uploads\/2026\/01\/IMG-20260128-WA0109.jpg",960,960,false],"covernews-medium":["https:\/\/contextoanalisisperiodistico.com\/wp-content\/uploads\/2026\/01\/IMG-20260128-WA0109-540x340.jpg",540,340,true],"covernews-medium-square":["https:\/\/contextoanalisisperiodistico.com\/wp-content\/uploads\/2026\/01\/IMG-20260128-WA0109-400x250.jpg",400,250,true]},"author_info":{"display_name":"Mario Gir\u00f3n","author_link":"https:\/\/contextoanalisisperiodistico.com\/index.php\/author\/director\/"},"category_info":"<a href=\"https:\/\/contextoanalisisperiodistico.com\/index.php\/category\/cultura\/\" rel=\"category tag\">Cultura<\/a>","tag_info":"Cultura","comment_count":"0","jetpack_featured_media_url":"https:\/\/contextoanalisisperiodistico.com\/wp-content\/uploads\/2026\/01\/IMG-20260128-WA0109.jpg","_links":{"self":[{"href":"https:\/\/contextoanalisisperiodistico.com\/index.php\/wp-json\/wp\/v2\/posts\/50429"}],"collection":[{"href":"https:\/\/contextoanalisisperiodistico.com\/index.php\/wp-json\/wp\/v2\/posts"}],"about":[{"href":"https:\/\/contextoanalisisperiodistico.com\/index.php\/wp-json\/wp\/v2\/types\/post"}],"author":[{"embeddable":true,"href":"https:\/\/contextoanalisisperiodistico.com\/index.php\/wp-json\/wp\/v2\/users\/4"}],"replies":[{"embeddable":true,"href":"https:\/\/contextoanalisisperiodistico.com\/index.php\/wp-json\/wp\/v2\/comments?post=50429"}],"version-history":[{"count":1,"href":"https:\/\/contextoanalisisperiodistico.com\/index.php\/wp-json\/wp\/v2\/posts\/50429\/revisions"}],"predecessor-version":[{"id":50430,"href":"https:\/\/contextoanalisisperiodistico.com\/index.php\/wp-json\/wp\/v2\/posts\/50429\/revisions\/50430"}],"wp:featuredmedia":[{"embeddable":true,"href":"https:\/\/contextoanalisisperiodistico.com\/index.php\/wp-json\/wp\/v2\/media\/50428"}],"wp:attachment":[{"href":"https:\/\/contextoanalisisperiodistico.com\/index.php\/wp-json\/wp\/v2\/media?parent=50429"}],"wp:term":[{"taxonomy":"category","embeddable":true,"href":"https:\/\/contextoanalisisperiodistico.com\/index.php\/wp-json\/wp\/v2\/categories?post=50429"},{"taxonomy":"post_tag","embeddable":true,"href":"https:\/\/contextoanalisisperiodistico.com\/index.php\/wp-json\/wp\/v2\/tags?post=50429"}],"curies":[{"name":"wp","href":"https:\/\/api.w.org\/{rel}","templated":true}]}}