{"id":50221,"date":"2026-01-22T19:34:17","date_gmt":"2026-01-23T01:34:17","guid":{"rendered":"https:\/\/contextoanalisisperiodistico.com\/?p=50221"},"modified":"2026-01-22T19:34:56","modified_gmt":"2026-01-23T01:34:56","slug":"coordinan-oaxaca-y-guerrero-acciones-para-prevenir-e-interrumpir-cadenas-de-transmision-de-sarampion","status":"publish","type":"post","link":"https:\/\/contextoanalisisperiodistico.com\/index.php\/2026\/01\/22\/coordinan-oaxaca-y-guerrero-acciones-para-prevenir-e-interrumpir-cadenas-de-transmision-de-sarampion\/","title":{"rendered":"Coordinan Oaxaca y Guerrero acciones para prevenir e interrumpir cadenas de transmisi\u00f3n de sarampi\u00f3n"},"content":{"rendered":"<div id=\"fb-root\"><\/div>\n\n<p>\u2022 SSO inform\u00f3 que se intensificaron actividades de vigilancia epidemiol\u00f3gica, visitas casa por casa y aplicaci\u00f3n de biol\u00f3gicos en Coicoy\u00e1n de las Flores y Santiago Juxtlahuaca<\/p>\n\n\n\n<p>Oaxaca de Ju\u00e1rez, Oax., 22 de enero de 2026.- Como parte del seguimiento a la estrategia de control y prevenci\u00f3n del sarampi\u00f3n, se llev\u00f3 a cabo una reuni\u00f3n de trabajo interinstitucional entre los Equipos de Respuesta R\u00e1pida (ERRA) de Oaxaca y Guerrero; para fortalecer las acciones preventivas, interrumpir cadenas de transmisi\u00f3n y reforzar los cercos vacunales en zonas prioritarias.<\/p>\n\n\n\n<p>Durante el encuentro, Servicios de Salud de Oaxaca (SSO) inform\u00f3 que, a trav\u00e9s de la Direcci\u00f3n de Prevenci\u00f3n y Promoci\u00f3n de la Salud y la Unidad de Inteligencia para Emergencias en Salud (UIES), se intensificaron las actividades de vigilancia epidemiol\u00f3gica, visitas casa por casa y aplicaci\u00f3n de biol\u00f3gicos en los municipios Coicoy\u00e1n de las Flores y Santiago Juxtlahuaca.<\/p>\n\n\n\n<p>Como parte de los acuerdos alcanzados, se estableci\u00f3 mejorar la vigilancia activa, garantizar una respuesta inmediata ante casos probables, asegurar diagn\u00f3sticos oportunos mediante laboratorio y ampliar la cobertura de vacunaci\u00f3n para consolidar la protecci\u00f3n de la poblaci\u00f3n.<\/p>\n\n\n\n<p>La dependencia detall\u00f3 que, al corte de la semana epidemiol\u00f3gica n\u00famero 3, se confirmaron dos casos de sarampi\u00f3n en adolescentes de 15 y 16 a\u00f1os, ambos sin antecedente vacunal. Las dos personas recibieron atenci\u00f3n m\u00e9dica de manera ambulatoria y fueron dadas de alta m\u00e9dica. Con estos registros, suman cinco casos confirmados en la entidad durante 2026.<\/p>\n\n\n\n<p>Del 29 de septiembre del 2025 al 16 de enero de 2026, se aplicaron de manera gratuita 62 mil 864 dosis de vacuna triple viral Sarampi\u00f3n, Rub\u00e9ola y Parotiditis (SRP); as\u00ed como 19 mil 133 dosis de doble viral Sarampi\u00f3n y Rub\u00e9ola (SR). En total, se han otorgado 81 mil 997 biol\u00f3gicos de las 130 mil dosis disponibles.<\/p>\n\n\n\n<p>Se exhorta a la poblaci\u00f3n acudir a las unidades m\u00e9dicas y completar sus esquemas de vacunaci\u00f3n, toda vez que la prevenci\u00f3n es una responsabilidad compartida y la herramienta m\u00e1s eficaz para evitar brotes y proteger la salud colectiva.<\/p>\n\n\n\n<p>-0-<\/p>\n","protected":false},"excerpt":{"rendered":"<p>\u2022 SSO inform\u00f3 que se intensificaron actividades de vigilancia epidemiol\u00f3gica, visitas casa por casa y&#8230;<\/p>\n","protected":false},"author":4,"featured_media":50220,"comment_status":"closed","ping_status":"open","sticky":false,"template":"","format":"standard","meta":{"footnotes":""},"categories":[9],"tags":[316],"jetpack_sharing_enabled":true,"featured_image_urls":{"full":["https:\/\/contextoanalisisperiodistico.com\/wp-content\/uploads\/2026\/01\/IMG-20260122-WA0082.jpg",1280,744,false],"thumbnail":["https:\/\/contextoanalisisperiodistico.com\/wp-content\/uploads\/2026\/01\/IMG-20260122-WA0082-150x150.jpg",150,150,true],"medium":["https:\/\/contextoanalisisperiodistico.com\/wp-content\/uploads\/2026\/01\/IMG-20260122-WA0082-300x174.jpg",300,174,true],"medium_large":["https:\/\/contextoanalisisperiodistico.com\/wp-content\/uploads\/2026\/01\/IMG-20260122-WA0082-768x446.jpg",640,372,true],"large":["https:\/\/contextoanalisisperiodistico.com\/wp-content\/uploads\/2026\/01\/IMG-20260122-WA0082-1024x595.jpg",640,372,true],"1536x1536":["https:\/\/contextoanalisisperiodistico.com\/wp-content\/uploads\/2026\/01\/IMG-20260122-WA0082.jpg",1280,744,false],"2048x2048":["https:\/\/contextoanalisisperiodistico.com\/wp-content\/uploads\/2026\/01\/IMG-20260122-WA0082.jpg",1280,744,false],"covernews-slider-full":["https:\/\/contextoanalisisperiodistico.com\/wp-content\/uploads\/2026\/01\/IMG-20260122-WA0082-1115x715.jpg",1115,715,true],"covernews-slider-center":["https:\/\/contextoanalisisperiodistico.com\/wp-content\/uploads\/2026\/01\/IMG-20260122-WA0082-800x500.jpg",800,500,true],"covernews-featured":["https:\/\/contextoanalisisperiodistico.com\/wp-content\/uploads\/2026\/01\/IMG-20260122-WA0082-1024x595.jpg",1024,595,true],"covernews-medium":["https:\/\/contextoanalisisperiodistico.com\/wp-content\/uploads\/2026\/01\/IMG-20260122-WA0082-540x340.jpg",540,340,true],"covernews-medium-square":["https:\/\/contextoanalisisperiodistico.com\/wp-content\/uploads\/2026\/01\/IMG-20260122-WA0082-400x250.jpg",400,250,true]},"author_info":{"display_name":"Mario Gir\u00f3n","author_link":"https:\/\/contextoanalisisperiodistico.com\/index.php\/author\/director\/"},"category_info":"<a href=\"https:\/\/contextoanalisisperiodistico.com\/index.php\/category\/politica\/\" rel=\"category tag\">Pol\u00edtica<\/a>","tag_info":"Pol\u00edtica","comment_count":"0","jetpack_featured_media_url":"https:\/\/contextoanalisisperiodistico.com\/wp-content\/uploads\/2026\/01\/IMG-20260122-WA0082.jpg","_links":{"self":[{"href":"https:\/\/contextoanalisisperiodistico.com\/index.php\/wp-json\/wp\/v2\/posts\/50221"}],"collection":[{"href":"https:\/\/contextoanalisisperiodistico.com\/index.php\/wp-json\/wp\/v2\/posts"}],"about":[{"href":"https:\/\/contextoanalisisperiodistico.com\/index.php\/wp-json\/wp\/v2\/types\/post"}],"author":[{"embeddable":true,"href":"https:\/\/contextoanalisisperiodistico.com\/index.php\/wp-json\/wp\/v2\/users\/4"}],"replies":[{"embeddable":true,"href":"https:\/\/contextoanalisisperiodistico.com\/index.php\/wp-json\/wp\/v2\/comments?post=50221"}],"version-history":[{"count":1,"href":"https:\/\/contextoanalisisperiodistico.com\/index.php\/wp-json\/wp\/v2\/posts\/50221\/revisions"}],"predecessor-version":[{"id":50222,"href":"https:\/\/contextoanalisisperiodistico.com\/index.php\/wp-json\/wp\/v2\/posts\/50221\/revisions\/50222"}],"wp:featuredmedia":[{"embeddable":true,"href":"https:\/\/contextoanalisisperiodistico.com\/index.php\/wp-json\/wp\/v2\/media\/50220"}],"wp:attachment":[{"href":"https:\/\/contextoanalisisperiodistico.com\/index.php\/wp-json\/wp\/v2\/media?parent=50221"}],"wp:term":[{"taxonomy":"category","embeddable":true,"href":"https:\/\/contextoanalisisperiodistico.com\/index.php\/wp-json\/wp\/v2\/categories?post=50221"},{"taxonomy":"post_tag","embeddable":true,"href":"https:\/\/contextoanalisisperiodistico.com\/index.php\/wp-json\/wp\/v2\/tags?post=50221"}],"curies":[{"name":"wp","href":"https:\/\/api.w.org\/{rel}","templated":true}]}}