{"id":50212,"date":"2026-01-22T14:46:59","date_gmt":"2026-01-22T20:46:59","guid":{"rendered":"https:\/\/contextoanalisisperiodistico.com\/?p=50212"},"modified":"2026-01-22T14:47:31","modified_gmt":"2026-01-22T20:47:31","slug":"este-viernes-exhibira-el-mupo-imagenes-en-libertad-de-las-ppl-del-taller-grafica-siqueiros","status":"publish","type":"post","link":"https:\/\/contextoanalisisperiodistico.com\/index.php\/2026\/01\/22\/este-viernes-exhibira-el-mupo-imagenes-en-libertad-de-las-ppl-del-taller-grafica-siqueiros\/","title":{"rendered":"Este viernes exhibir\u00e1 el Mupo \u201cIm\u00e1genes en Libertad\u201d de las PPL del taller Gr\u00e1fica Siqueiros"},"content":{"rendered":"<div id=\"fb-root\"><\/div>\n\n<p>\u2022 La muestra estar\u00e1 integrada por 30 obras realizadas por personas internas del Centro Penitenciario de Villa de Etla<\/p>\n\n\n\n<p>Oaxaca de Ju\u00e1rez, Oax. 22 de enero de 2026.\u2013 El Museo de los Pintores Oaxaque\u00f1os (Mupo) exhibir\u00e1 a partir de las 16:00 horas de este viernes 23 de enero, la exposici\u00f3n colectiva \u201cIm\u00e1genes en Libertad\u201d, integrada por 30 obras realizadas por Personas Privadas de la Libertad (PPL).<\/p>\n\n\n\n<p>Las creaciones son el resultado del trabajo art\u00edstico desarrollado en el taller Gr\u00e1fica Siqueiros, ubicado en el Centro Penitenciario de Villa de Etla. Este espacio es una alternativa de expresi\u00f3n para brindar a las personas internas un oficio que favorezca sus condiciones de vida.<\/p>\n\n\n\n<p>En el Taller Siqueiros se ubica un texto elaborado por la soci\u00f3loga y artista \u00c1ngeles Clemente, quien documenta el origen de este espacio y destaca que, a trav\u00e9s del arte, las personas internas han encontrado una v\u00eda para expresar su identidad, narrar sus historias y transformar su entorno, as\u00ed como una forma de creatividad y di\u00e1logo con la sociedad.<\/p>\n\n\n\n<p>La exposici\u00f3n estar\u00e1 abierta al p\u00fablico, con acceso libre, en el Mupo, ubicado en avenida Independencia 607, Centro Hist\u00f3rico de la capital oaxaque\u00f1a.<\/p>\n\n\n\n<p>-0-<\/p>\n","protected":false},"excerpt":{"rendered":"<p>\u2022 La muestra estar\u00e1 integrada por 30 obras realizadas por personas internas del Centro Penitenciario&#8230;<\/p>\n","protected":false},"author":4,"featured_media":50211,"comment_status":"closed","ping_status":"open","sticky":false,"template":"","format":"standard","meta":{"footnotes":""},"categories":[4],"tags":[316],"jetpack_sharing_enabled":true,"featured_image_urls":{"full":["https:\/\/contextoanalisisperiodistico.com\/wp-content\/uploads\/2026\/01\/IMG-20260122-WA0070.jpg",1282,1600,false],"thumbnail":["https:\/\/contextoanalisisperiodistico.com\/wp-content\/uploads\/2026\/01\/IMG-20260122-WA0070-150x150.jpg",150,150,true],"medium":["https:\/\/contextoanalisisperiodistico.com\/wp-content\/uploads\/2026\/01\/IMG-20260122-WA0070-240x300.jpg",240,300,true],"medium_large":["https:\/\/contextoanalisisperiodistico.com\/wp-content\/uploads\/2026\/01\/IMG-20260122-WA0070-768x959.jpg",640,799,true],"large":["https:\/\/contextoanalisisperiodistico.com\/wp-content\/uploads\/2026\/01\/IMG-20260122-WA0070-820x1024.jpg",640,799,true],"1536x1536":["https:\/\/contextoanalisisperiodistico.com\/wp-content\/uploads\/2026\/01\/IMG-20260122-WA0070-1231x1536.jpg",1231,1536,true],"2048x2048":["https:\/\/contextoanalisisperiodistico.com\/wp-content\/uploads\/2026\/01\/IMG-20260122-WA0070.jpg",1282,1600,false],"covernews-slider-full":["https:\/\/contextoanalisisperiodistico.com\/wp-content\/uploads\/2026\/01\/IMG-20260122-WA0070-1115x715.jpg",1115,715,true],"covernews-slider-center":["https:\/\/contextoanalisisperiodistico.com\/wp-content\/uploads\/2026\/01\/IMG-20260122-WA0070-800x500.jpg",800,500,true],"covernews-featured":["https:\/\/contextoanalisisperiodistico.com\/wp-content\/uploads\/2026\/01\/IMG-20260122-WA0070-1024x1278.jpg",1024,1278,true],"covernews-medium":["https:\/\/contextoanalisisperiodistico.com\/wp-content\/uploads\/2026\/01\/IMG-20260122-WA0070-540x340.jpg",540,340,true],"covernews-medium-square":["https:\/\/contextoanalisisperiodistico.com\/wp-content\/uploads\/2026\/01\/IMG-20260122-WA0070-400x250.jpg",400,250,true]},"author_info":{"display_name":"Mario Gir\u00f3n","author_link":"https:\/\/contextoanalisisperiodistico.com\/index.php\/author\/director\/"},"category_info":"<a href=\"https:\/\/contextoanalisisperiodistico.com\/index.php\/category\/cultura\/\" rel=\"category tag\">Cultura<\/a>","tag_info":"Cultura","comment_count":"0","jetpack_featured_media_url":"https:\/\/contextoanalisisperiodistico.com\/wp-content\/uploads\/2026\/01\/IMG-20260122-WA0070.jpg","_links":{"self":[{"href":"https:\/\/contextoanalisisperiodistico.com\/index.php\/wp-json\/wp\/v2\/posts\/50212"}],"collection":[{"href":"https:\/\/contextoanalisisperiodistico.com\/index.php\/wp-json\/wp\/v2\/posts"}],"about":[{"href":"https:\/\/contextoanalisisperiodistico.com\/index.php\/wp-json\/wp\/v2\/types\/post"}],"author":[{"embeddable":true,"href":"https:\/\/contextoanalisisperiodistico.com\/index.php\/wp-json\/wp\/v2\/users\/4"}],"replies":[{"embeddable":true,"href":"https:\/\/contextoanalisisperiodistico.com\/index.php\/wp-json\/wp\/v2\/comments?post=50212"}],"version-history":[{"count":1,"href":"https:\/\/contextoanalisisperiodistico.com\/index.php\/wp-json\/wp\/v2\/posts\/50212\/revisions"}],"predecessor-version":[{"id":50213,"href":"https:\/\/contextoanalisisperiodistico.com\/index.php\/wp-json\/wp\/v2\/posts\/50212\/revisions\/50213"}],"wp:featuredmedia":[{"embeddable":true,"href":"https:\/\/contextoanalisisperiodistico.com\/index.php\/wp-json\/wp\/v2\/media\/50211"}],"wp:attachment":[{"href":"https:\/\/contextoanalisisperiodistico.com\/index.php\/wp-json\/wp\/v2\/media?parent=50212"}],"wp:term":[{"taxonomy":"category","embeddable":true,"href":"https:\/\/contextoanalisisperiodistico.com\/index.php\/wp-json\/wp\/v2\/categories?post=50212"},{"taxonomy":"post_tag","embeddable":true,"href":"https:\/\/contextoanalisisperiodistico.com\/index.php\/wp-json\/wp\/v2\/tags?post=50212"}],"curies":[{"name":"wp","href":"https:\/\/api.w.org\/{rel}","templated":true}]}}