{"id":50209,"date":"2026-01-22T14:44:41","date_gmt":"2026-01-22T20:44:41","guid":{"rendered":"https:\/\/contextoanalisisperiodistico.com\/?p=50209"},"modified":"2026-01-22T14:44:45","modified_gmt":"2026-01-22T20:44:45","slug":"deslumbra-oaxaca-con-muestra-de-la-guelaguetza-en-la-fitur-2026","status":"publish","type":"post","link":"https:\/\/contextoanalisisperiodistico.com\/index.php\/2026\/01\/22\/deslumbra-oaxaca-con-muestra-de-la-guelaguetza-en-la-fitur-2026\/","title":{"rendered":"Deslumbra Oaxaca con muestra de la Guelaguetza en la Fitur 2026"},"content":{"rendered":"<div id=\"fb-root\"><\/div>\n\n<p>\u2022 Se present\u00f3 la imagen oficial 2026 de esta celebraci\u00f3n \u201cSinfon\u00eda de Colores\u201d<\/p>\n\n\n\n<figure class=\"wp-block-image size-large\"><img fetchpriority=\"high\" decoding=\"async\" width=\"1024\" height=\"683\" src=\"https:\/\/contextoanalisisperiodistico.com\/wp-content\/uploads\/2026\/01\/img-20260122-wa00716456550474326619291-1024x683.jpg\" alt=\"\" class=\"wp-image-50207\" srcset=\"https:\/\/contextoanalisisperiodistico.com\/wp-content\/uploads\/2026\/01\/img-20260122-wa00716456550474326619291-1024x683.jpg 1024w, https:\/\/contextoanalisisperiodistico.com\/wp-content\/uploads\/2026\/01\/img-20260122-wa00716456550474326619291-300x200.jpg 300w, https:\/\/contextoanalisisperiodistico.com\/wp-content\/uploads\/2026\/01\/img-20260122-wa00716456550474326619291-768x512.jpg 768w, https:\/\/contextoanalisisperiodistico.com\/wp-content\/uploads\/2026\/01\/img-20260122-wa00716456550474326619291.jpg 1280w\" sizes=\"(max-width: 1024px) 100vw, 1024px\" \/><\/figure>\n\n\n\n<figure class=\"wp-block-image\"><img decoding=\"async\" width=\"1024\" height=\"683\" src=\"https:\/\/contextoanalisisperiodistico.com\/wp-content\/uploads\/2026\/01\/img-20260122-wa00731909314726421316975-1024x683.jpg\" alt=\"\" class=\"wp-image-50208\" srcset=\"https:\/\/contextoanalisisperiodistico.com\/wp-content\/uploads\/2026\/01\/img-20260122-wa00731909314726421316975-1024x683.jpg 1024w, https:\/\/contextoanalisisperiodistico.com\/wp-content\/uploads\/2026\/01\/img-20260122-wa00731909314726421316975-300x200.jpg 300w, https:\/\/contextoanalisisperiodistico.com\/wp-content\/uploads\/2026\/01\/img-20260122-wa00731909314726421316975-768x512.jpg 768w, https:\/\/contextoanalisisperiodistico.com\/wp-content\/uploads\/2026\/01\/img-20260122-wa00731909314726421316975.jpg 1280w\" sizes=\"(max-width: 1024px) 100vw, 1024px\" \/><\/figure>\n\n\n\n<p>Madrid, Espa\u00f1a, 22 de enero de 2026.- La cultura y tradiciones de los pueblos de Oaxaca cautivaron a las y los asistentes de la Feria Internacional de Turismo (Fitur) 2026 de Madrid, Espa\u00f1a, durante una muestra de la Guelaguetza.<\/p>\n\n\n\n<p>A trav\u00e9s de la m\u00fasica, danza y el colorido de los trajes regionales; el p\u00fablico tuvo un acercamiento al patrimonio cultural, la diversidad \u00e9tnica, la riqueza musical y danc\u00edstica del estado.<\/p>\n\n\n\n<p>En este marco, se present\u00f3 ante el p\u00fablico internacional la imagen oficial de la Guelaguetza 2026 \u201cSinfon\u00eda de Colores\u201d, obra del artista Noel G\u00f3mez Lorenzo, originario de San Juan Colorado.<\/p>\n\n\n\n<p>Las y los representantes de Asunci\u00f3n Ixtaltepec, Santiago Juxtlahuaca, San Pedro Pochutla, Teotitl\u00e1n del Valle, Huajuapan de Le\u00f3n, San Juan Bautista Tuxtepec y de las Chinas Oaxaque\u00f1as; bailaron con orgullo sus sones, jarabes y chilenas<\/p>\n\n\n\n<p>Esta muestra se llev\u00f3 a cabo en el Centro de Convenciones Norte de la Instituci\u00f3n Ferial de Madrid (Ifema), sede de la Fitur 2026; asimismo, se tienen previstas otras presentaciones: el viernes 23 de enero en Casa de Am\u00e9rica y el s\u00e1bado 24 en la Fundaci\u00f3n Casa de M\u00e9xico en Espa\u00f1a.<\/p>\n\n\n\n<p>-0-<\/p>\n\n\n\n<p><\/p>\n\n\n\n<p><\/p>\n","protected":false},"excerpt":{"rendered":"<p>\u2022 Se present\u00f3 la imagen oficial 2026 de esta celebraci\u00f3n \u201cSinfon\u00eda de Colores\u201d Madrid, Espa\u00f1a,&#8230;<\/p>\n","protected":false},"author":4,"featured_media":50206,"comment_status":"closed","ping_status":"open","sticky":false,"template":"","format":"standard","meta":{"footnotes":""},"categories":[9],"tags":[316],"jetpack_sharing_enabled":true,"featured_image_urls":{"full":["https:\/\/contextoanalisisperiodistico.com\/wp-content\/uploads\/2026\/01\/IMG-20260122-WA0072.jpg",1280,854,false],"thumbnail":["https:\/\/contextoanalisisperiodistico.com\/wp-content\/uploads\/2026\/01\/IMG-20260122-WA0072-150x150.jpg",150,150,true],"medium":["https:\/\/contextoanalisisperiodistico.com\/wp-content\/uploads\/2026\/01\/IMG-20260122-WA0072-300x200.jpg",300,200,true],"medium_large":["https:\/\/contextoanalisisperiodistico.com\/wp-content\/uploads\/2026\/01\/IMG-20260122-WA0072-768x512.jpg",640,427,true],"large":["https:\/\/contextoanalisisperiodistico.com\/wp-content\/uploads\/2026\/01\/IMG-20260122-WA0072-1024x683.jpg",640,427,true],"1536x1536":["https:\/\/contextoanalisisperiodistico.com\/wp-content\/uploads\/2026\/01\/IMG-20260122-WA0072.jpg",1280,854,false],"2048x2048":["https:\/\/contextoanalisisperiodistico.com\/wp-content\/uploads\/2026\/01\/IMG-20260122-WA0072.jpg",1280,854,false],"covernews-slider-full":["https:\/\/contextoanalisisperiodistico.com\/wp-content\/uploads\/2026\/01\/IMG-20260122-WA0072-1115x715.jpg",1115,715,true],"covernews-slider-center":["https:\/\/contextoanalisisperiodistico.com\/wp-content\/uploads\/2026\/01\/IMG-20260122-WA0072-800x500.jpg",800,500,true],"covernews-featured":["https:\/\/contextoanalisisperiodistico.com\/wp-content\/uploads\/2026\/01\/IMG-20260122-WA0072-1024x683.jpg",1024,683,true],"covernews-medium":["https:\/\/contextoanalisisperiodistico.com\/wp-content\/uploads\/2026\/01\/IMG-20260122-WA0072-540x340.jpg",540,340,true],"covernews-medium-square":["https:\/\/contextoanalisisperiodistico.com\/wp-content\/uploads\/2026\/01\/IMG-20260122-WA0072-400x250.jpg",400,250,true]},"author_info":{"display_name":"Mario Gir\u00f3n","author_link":"https:\/\/contextoanalisisperiodistico.com\/index.php\/author\/director\/"},"category_info":"<a href=\"https:\/\/contextoanalisisperiodistico.com\/index.php\/category\/politica\/\" rel=\"category tag\">Pol\u00edtica<\/a>","tag_info":"Pol\u00edtica","comment_count":"0","jetpack_featured_media_url":"https:\/\/contextoanalisisperiodistico.com\/wp-content\/uploads\/2026\/01\/IMG-20260122-WA0072.jpg","_links":{"self":[{"href":"https:\/\/contextoanalisisperiodistico.com\/index.php\/wp-json\/wp\/v2\/posts\/50209"}],"collection":[{"href":"https:\/\/contextoanalisisperiodistico.com\/index.php\/wp-json\/wp\/v2\/posts"}],"about":[{"href":"https:\/\/contextoanalisisperiodistico.com\/index.php\/wp-json\/wp\/v2\/types\/post"}],"author":[{"embeddable":true,"href":"https:\/\/contextoanalisisperiodistico.com\/index.php\/wp-json\/wp\/v2\/users\/4"}],"replies":[{"embeddable":true,"href":"https:\/\/contextoanalisisperiodistico.com\/index.php\/wp-json\/wp\/v2\/comments?post=50209"}],"version-history":[{"count":1,"href":"https:\/\/contextoanalisisperiodistico.com\/index.php\/wp-json\/wp\/v2\/posts\/50209\/revisions"}],"predecessor-version":[{"id":50210,"href":"https:\/\/contextoanalisisperiodistico.com\/index.php\/wp-json\/wp\/v2\/posts\/50209\/revisions\/50210"}],"wp:featuredmedia":[{"embeddable":true,"href":"https:\/\/contextoanalisisperiodistico.com\/index.php\/wp-json\/wp\/v2\/media\/50206"}],"wp:attachment":[{"href":"https:\/\/contextoanalisisperiodistico.com\/index.php\/wp-json\/wp\/v2\/media?parent=50209"}],"wp:term":[{"taxonomy":"category","embeddable":true,"href":"https:\/\/contextoanalisisperiodistico.com\/index.php\/wp-json\/wp\/v2\/categories?post=50209"},{"taxonomy":"post_tag","embeddable":true,"href":"https:\/\/contextoanalisisperiodistico.com\/index.php\/wp-json\/wp\/v2\/tags?post=50209"}],"curies":[{"name":"wp","href":"https:\/\/api.w.org\/{rel}","templated":true}]}}