{"id":50173,"date":"2026-01-21T18:03:16","date_gmt":"2026-01-22T00:03:16","guid":{"rendered":"https:\/\/contextoanalisisperiodistico.com\/?p=50173"},"modified":"2026-01-21T18:03:25","modified_gmt":"2026-01-22T00:03:25","slug":"garantiza-sso-abasto-de-biologico-contra-el-sarampion-en-las-seis-jurisdicciones-sanitarias-del-estado","status":"publish","type":"post","link":"https:\/\/contextoanalisisperiodistico.com\/index.php\/2026\/01\/21\/garantiza-sso-abasto-de-biologico-contra-el-sarampion-en-las-seis-jurisdicciones-sanitarias-del-estado\/","title":{"rendered":"Garantiza SSO abasto de biol\u00f3gico contra el sarampi\u00f3n en las seis jurisdicciones sanitarias del estado"},"content":{"rendered":"<div id=\"fb-root\"><\/div>\n\n<p>\u2022 \u2060La dependencia llama a la poblaci\u00f3n a verificar su esquema de vacunaci\u00f3n y acudir a su unidad de salud para recibir las dosis correspondientes<\/p>\n\n\n\n<figure class=\"wp-block-image size-large\"><img fetchpriority=\"high\" decoding=\"async\" width=\"300\" height=\"200\" src=\"https:\/\/contextoanalisisperiodistico.com\/wp-content\/uploads\/2026\/01\/img-20260121-wa00623705065887350804394-300x200.jpg\" alt=\"\" class=\"wp-image-50172\" srcset=\"https:\/\/contextoanalisisperiodistico.com\/wp-content\/uploads\/2026\/01\/img-20260121-wa00623705065887350804394-300x200.jpg 300w, https:\/\/contextoanalisisperiodistico.com\/wp-content\/uploads\/2026\/01\/img-20260121-wa00623705065887350804394-768x511.jpg 768w, https:\/\/contextoanalisisperiodistico.com\/wp-content\/uploads\/2026\/01\/img-20260121-wa00623705065887350804394.jpg 900w\" sizes=\"(max-width: 300px) 100vw, 300px\" \/><\/figure>\n\n\n\n<p>Oaxaca de Ju\u00e1rez, Oax. 21 de enero de 2026.- Servicios de Salud de Oaxaca (SSO) garantiza abasto suficiente de biol\u00f3gicos contra el sarampi\u00f3n en unidades m\u00e9dicas y hospitalarias de las seis jurisdicciones sanitarias del estado, donde la vacunaci\u00f3n se brinda de manera gratuita, segura y permanente.<\/p>\n\n\n\n<p>Aunque en Oaxaca no se registra un repunte de casos como en otras entidades del pa\u00eds, la dependencia exhorta a la poblaci\u00f3n a verificar su esquema de vacunaci\u00f3n y acudir a su centro de salud para recibir las dosis correspondientes, como medida clave de prevenci\u00f3n.<\/p>\n\n\n\n<p>La Vacuna Triple Viral (SRP) protege contra sarampi\u00f3n, rub\u00e9ola y parotiditis, y se aplica a los 12 y 18 meses de edad, con un refuerzo a los 6 a\u00f1os. A partir de los 10 a\u00f1os, quienes no cuenten con las dos dosis deben completar su esquema. En personas adultas, se aplica la vacuna Doble Viral (SR), que protege contra sarampi\u00f3n y rub\u00e9ola.<\/p>\n\n\n\n<p>SSO informa que al cierre del 2025 se confirmaron seis casos de sarampi\u00f3n, y en lo que va de 2026 se han registrado tres en la Jurisdicci\u00f3n Sanitaria 5 Mixteca, todos ya recuperados y dados de alta m\u00e9dica. Estos correspondieron a personas menores de edad sin antecedente vacunal.<\/p>\n\n\n\n<p>Ante ello, la instituci\u00f3n ha reforzado las acciones de vigilancia epidemiol\u00f3gica y promoci\u00f3n de la salud en las zonas donde se presentaron los casos, con el objetivo de asegurar la detecci\u00f3n y contenci\u00f3n oportuna de esta enfermedad prevenible mediante inmunizaci\u00f3n.<\/p>\n\n\n\n<p>-0-<\/p>\n","protected":false},"excerpt":{"rendered":"<p>\u2022 \u2060La dependencia llama a la poblaci\u00f3n a verificar su esquema de vacunaci\u00f3n y acudir&#8230;<\/p>\n","protected":false},"author":4,"featured_media":50171,"comment_status":"closed","ping_status":"open","sticky":false,"template":"","format":"standard","meta":{"footnotes":""},"categories":[92],"tags":[316],"jetpack_sharing_enabled":true,"featured_image_urls":{"full":["https:\/\/contextoanalisisperiodistico.com\/wp-content\/uploads\/2026\/01\/IMG-20260121-WA0061.jpg",900,599,false],"thumbnail":["https:\/\/contextoanalisisperiodistico.com\/wp-content\/uploads\/2026\/01\/IMG-20260121-WA0061-150x150.jpg",150,150,true],"medium":["https:\/\/contextoanalisisperiodistico.com\/wp-content\/uploads\/2026\/01\/IMG-20260121-WA0061-300x200.jpg",300,200,true],"medium_large":["https:\/\/contextoanalisisperiodistico.com\/wp-content\/uploads\/2026\/01\/IMG-20260121-WA0061-768x511.jpg",640,426,true],"large":["https:\/\/contextoanalisisperiodistico.com\/wp-content\/uploads\/2026\/01\/IMG-20260121-WA0061.jpg",640,426,false],"1536x1536":["https:\/\/contextoanalisisperiodistico.com\/wp-content\/uploads\/2026\/01\/IMG-20260121-WA0061.jpg",900,599,false],"2048x2048":["https:\/\/contextoanalisisperiodistico.com\/wp-content\/uploads\/2026\/01\/IMG-20260121-WA0061.jpg",900,599,false],"covernews-slider-full":["https:\/\/contextoanalisisperiodistico.com\/wp-content\/uploads\/2026\/01\/IMG-20260121-WA0061.jpg",900,599,false],"covernews-slider-center":["https:\/\/contextoanalisisperiodistico.com\/wp-content\/uploads\/2026\/01\/IMG-20260121-WA0061-800x500.jpg",800,500,true],"covernews-featured":["https:\/\/contextoanalisisperiodistico.com\/wp-content\/uploads\/2026\/01\/IMG-20260121-WA0061.jpg",900,599,false],"covernews-medium":["https:\/\/contextoanalisisperiodistico.com\/wp-content\/uploads\/2026\/01\/IMG-20260121-WA0061-540x340.jpg",540,340,true],"covernews-medium-square":["https:\/\/contextoanalisisperiodistico.com\/wp-content\/uploads\/2026\/01\/IMG-20260121-WA0061-400x250.jpg",400,250,true]},"author_info":{"display_name":"Mario Gir\u00f3n","author_link":"https:\/\/contextoanalisisperiodistico.com\/index.php\/author\/director\/"},"category_info":"<a href=\"https:\/\/contextoanalisisperiodistico.com\/index.php\/category\/salud\/\" rel=\"category tag\">Salud<\/a>","tag_info":"Salud","comment_count":"0","jetpack_featured_media_url":"https:\/\/contextoanalisisperiodistico.com\/wp-content\/uploads\/2026\/01\/IMG-20260121-WA0061.jpg","_links":{"self":[{"href":"https:\/\/contextoanalisisperiodistico.com\/index.php\/wp-json\/wp\/v2\/posts\/50173"}],"collection":[{"href":"https:\/\/contextoanalisisperiodistico.com\/index.php\/wp-json\/wp\/v2\/posts"}],"about":[{"href":"https:\/\/contextoanalisisperiodistico.com\/index.php\/wp-json\/wp\/v2\/types\/post"}],"author":[{"embeddable":true,"href":"https:\/\/contextoanalisisperiodistico.com\/index.php\/wp-json\/wp\/v2\/users\/4"}],"replies":[{"embeddable":true,"href":"https:\/\/contextoanalisisperiodistico.com\/index.php\/wp-json\/wp\/v2\/comments?post=50173"}],"version-history":[{"count":1,"href":"https:\/\/contextoanalisisperiodistico.com\/index.php\/wp-json\/wp\/v2\/posts\/50173\/revisions"}],"predecessor-version":[{"id":50174,"href":"https:\/\/contextoanalisisperiodistico.com\/index.php\/wp-json\/wp\/v2\/posts\/50173\/revisions\/50174"}],"wp:featuredmedia":[{"embeddable":true,"href":"https:\/\/contextoanalisisperiodistico.com\/index.php\/wp-json\/wp\/v2\/media\/50171"}],"wp:attachment":[{"href":"https:\/\/contextoanalisisperiodistico.com\/index.php\/wp-json\/wp\/v2\/media?parent=50173"}],"wp:term":[{"taxonomy":"category","embeddable":true,"href":"https:\/\/contextoanalisisperiodistico.com\/index.php\/wp-json\/wp\/v2\/categories?post=50173"},{"taxonomy":"post_tag","embeddable":true,"href":"https:\/\/contextoanalisisperiodistico.com\/index.php\/wp-json\/wp\/v2\/tags?post=50173"}],"curies":[{"name":"wp","href":"https:\/\/api.w.org\/{rel}","templated":true}]}}