{"id":50169,"date":"2026-01-21T13:45:36","date_gmt":"2026-01-21T19:45:36","guid":{"rendered":"https:\/\/contextoanalisisperiodistico.com\/?p=50169"},"modified":"2026-01-21T13:46:12","modified_gmt":"2026-01-21T19:46:12","slug":"logra-clb-oaxaca-reintegrar-a-su-nucleo-familiar-a-persona-que-solicito-apoyo","status":"publish","type":"post","link":"https:\/\/contextoanalisisperiodistico.com\/index.php\/2026\/01\/21\/logra-clb-oaxaca-reintegrar-a-su-nucleo-familiar-a-persona-que-solicito-apoyo\/","title":{"rendered":"Logra CLB Oaxaca reintegrar a su n\u00facleo familiar a persona que solicit\u00f3 apoyo"},"content":{"rendered":"<div id=\"fb-root\"><\/div>\n\n<p>\u2022 El masculino se encontraba en estado de desorientaci\u00f3n y con dificultades para recordar sus datos generales y de contacto<\/p>\n\n\n\n<p>Oaxaca de Ju\u00e1rez, Oax. 21 de enero de 2026.- La Comisi\u00f3n Estatal de B\u00fasqueda de Personas Desaparecidas para el Estado (CLB Oaxaca) logr\u00f3 la localizaci\u00f3n de los familiares y la posterior reintegraci\u00f3n del ciudadano V\u00edctor Jes\u00fas, de 35 a\u00f1os de edad, quien acudi\u00f3 a las oficinas de esta dependencia solicitando apoyo.<\/p>\n\n\n\n<p>El masculino se encontraba en estado de desorientaci\u00f3n y con dificultades para recordar sus datos generales y de contacto.<\/p>\n\n\n\n<p>De manera inmediata, la CLB Oaxaca implement\u00f3 las acciones necesarias para salvaguardar su integridad f\u00edsica e inici\u00f3 los protocolos institucionales correspondientes para ubicar a su familia.<\/p>\n\n\n\n<p>Durante el desarrollo de este proceso, el Centro de Rehabilitaci\u00f3n D\u00edaz Mir\u00f3n \u201cCamino Hacia la Fe\u201d provey\u00f3 alojamiento temporal y atenci\u00f3n humanitaria a V\u00edctor Jes\u00fas.<\/p>\n\n\n\n<p>Una vez confirmado el parentesco y generadas las condiciones \u00f3ptimas para el reencuentro, la persona fue reintegrada a su n\u00facleo familiar, garantizando en todo momento su dignidad y el respeto irrestricto a sus derechos humanos.<\/p>\n\n\n\n<p>-0-<\/p>\n","protected":false},"excerpt":{"rendered":"<p>\u2022 El masculino se encontraba en estado de desorientaci\u00f3n y con dificultades para recordar sus&#8230;<\/p>\n","protected":false},"author":4,"featured_media":50168,"comment_status":"closed","ping_status":"open","sticky":false,"template":"","format":"standard","meta":{"footnotes":""},"categories":[9],"tags":[316],"jetpack_sharing_enabled":true,"featured_image_urls":{"full":["https:\/\/contextoanalisisperiodistico.com\/wp-content\/uploads\/2026\/01\/IMG-20260121-WA0042.jpg",900,695,false],"thumbnail":["https:\/\/contextoanalisisperiodistico.com\/wp-content\/uploads\/2026\/01\/IMG-20260121-WA0042-150x150.jpg",150,150,true],"medium":["https:\/\/contextoanalisisperiodistico.com\/wp-content\/uploads\/2026\/01\/IMG-20260121-WA0042-300x232.jpg",300,232,true],"medium_large":["https:\/\/contextoanalisisperiodistico.com\/wp-content\/uploads\/2026\/01\/IMG-20260121-WA0042-768x593.jpg",640,494,true],"large":["https:\/\/contextoanalisisperiodistico.com\/wp-content\/uploads\/2026\/01\/IMG-20260121-WA0042.jpg",640,494,false],"1536x1536":["https:\/\/contextoanalisisperiodistico.com\/wp-content\/uploads\/2026\/01\/IMG-20260121-WA0042.jpg",900,695,false],"2048x2048":["https:\/\/contextoanalisisperiodistico.com\/wp-content\/uploads\/2026\/01\/IMG-20260121-WA0042.jpg",900,695,false],"covernews-slider-full":["https:\/\/contextoanalisisperiodistico.com\/wp-content\/uploads\/2026\/01\/IMG-20260121-WA0042.jpg",900,695,false],"covernews-slider-center":["https:\/\/contextoanalisisperiodistico.com\/wp-content\/uploads\/2026\/01\/IMG-20260121-WA0042-800x500.jpg",800,500,true],"covernews-featured":["https:\/\/contextoanalisisperiodistico.com\/wp-content\/uploads\/2026\/01\/IMG-20260121-WA0042.jpg",900,695,false],"covernews-medium":["https:\/\/contextoanalisisperiodistico.com\/wp-content\/uploads\/2026\/01\/IMG-20260121-WA0042-540x340.jpg",540,340,true],"covernews-medium-square":["https:\/\/contextoanalisisperiodistico.com\/wp-content\/uploads\/2026\/01\/IMG-20260121-WA0042-400x250.jpg",400,250,true]},"author_info":{"display_name":"Mario Gir\u00f3n","author_link":"https:\/\/contextoanalisisperiodistico.com\/index.php\/author\/director\/"},"category_info":"<a href=\"https:\/\/contextoanalisisperiodistico.com\/index.php\/category\/politica\/\" rel=\"category tag\">Pol\u00edtica<\/a>","tag_info":"Pol\u00edtica","comment_count":"0","jetpack_featured_media_url":"https:\/\/contextoanalisisperiodistico.com\/wp-content\/uploads\/2026\/01\/IMG-20260121-WA0042.jpg","_links":{"self":[{"href":"https:\/\/contextoanalisisperiodistico.com\/index.php\/wp-json\/wp\/v2\/posts\/50169"}],"collection":[{"href":"https:\/\/contextoanalisisperiodistico.com\/index.php\/wp-json\/wp\/v2\/posts"}],"about":[{"href":"https:\/\/contextoanalisisperiodistico.com\/index.php\/wp-json\/wp\/v2\/types\/post"}],"author":[{"embeddable":true,"href":"https:\/\/contextoanalisisperiodistico.com\/index.php\/wp-json\/wp\/v2\/users\/4"}],"replies":[{"embeddable":true,"href":"https:\/\/contextoanalisisperiodistico.com\/index.php\/wp-json\/wp\/v2\/comments?post=50169"}],"version-history":[{"count":1,"href":"https:\/\/contextoanalisisperiodistico.com\/index.php\/wp-json\/wp\/v2\/posts\/50169\/revisions"}],"predecessor-version":[{"id":50170,"href":"https:\/\/contextoanalisisperiodistico.com\/index.php\/wp-json\/wp\/v2\/posts\/50169\/revisions\/50170"}],"wp:featuredmedia":[{"embeddable":true,"href":"https:\/\/contextoanalisisperiodistico.com\/index.php\/wp-json\/wp\/v2\/media\/50168"}],"wp:attachment":[{"href":"https:\/\/contextoanalisisperiodistico.com\/index.php\/wp-json\/wp\/v2\/media?parent=50169"}],"wp:term":[{"taxonomy":"category","embeddable":true,"href":"https:\/\/contextoanalisisperiodistico.com\/index.php\/wp-json\/wp\/v2\/categories?post=50169"},{"taxonomy":"post_tag","embeddable":true,"href":"https:\/\/contextoanalisisperiodistico.com\/index.php\/wp-json\/wp\/v2\/tags?post=50169"}],"curies":[{"name":"wp","href":"https:\/\/api.w.org\/{rel}","templated":true}]}}