{"id":50166,"date":"2026-01-21T13:42:47","date_gmt":"2026-01-21T19:42:47","guid":{"rendered":"https:\/\/contextoanalisisperiodistico.com\/?p=50166"},"modified":"2026-01-21T13:42:50","modified_gmt":"2026-01-21T19:42:50","slug":"destaca-salomon-jara-disciplina-y-profesionalizacion-de-policias-estatales-como-base-de-una-corporacion-moderna-y-confiable","status":"publish","type":"post","link":"https:\/\/contextoanalisisperiodistico.com\/index.php\/2026\/01\/21\/destaca-salomon-jara-disciplina-y-profesionalizacion-de-policias-estatales-como-base-de-una-corporacion-moderna-y-confiable\/","title":{"rendered":"Destaca Salom\u00f3n Jara disciplina y profesionalizaci\u00f3n de polic\u00edas estatales como base de una corporaci\u00f3n moderna y confiable"},"content":{"rendered":"<div id=\"fb-root\"><\/div>\n\n<p>\u2022 En el marco de su celebraci\u00f3n anual se otorgaron 3 ascensos de grado inmediato superior y seis reconocimientos<\/p>\n\n\n\n<figure class=\"wp-block-image size-large\"><img fetchpriority=\"high\" decoding=\"async\" width=\"1024\" height=\"683\" src=\"https:\/\/contextoanalisisperiodistico.com\/wp-content\/uploads\/2026\/01\/img-20260121-wa0040545505565345505215-1024x683.jpg\" alt=\"\" class=\"wp-image-50165\" srcset=\"https:\/\/contextoanalisisperiodistico.com\/wp-content\/uploads\/2026\/01\/img-20260121-wa0040545505565345505215-1024x683.jpg 1024w, https:\/\/contextoanalisisperiodistico.com\/wp-content\/uploads\/2026\/01\/img-20260121-wa0040545505565345505215-300x200.jpg 300w, https:\/\/contextoanalisisperiodistico.com\/wp-content\/uploads\/2026\/01\/img-20260121-wa0040545505565345505215-768x512.jpg 768w, https:\/\/contextoanalisisperiodistico.com\/wp-content\/uploads\/2026\/01\/img-20260121-wa0040545505565345505215.jpg 1280w\" sizes=\"(max-width: 1024px) 100vw, 1024px\" \/><\/figure>\n\n\n\n<p>Oaxaca de Ju\u00e1rez, Oax. 21 de enero de 2026.- En el marco del D\u00eda Internacional de la y el Polic\u00eda que se celebra cada 2 de enero, el Gobernador Salom\u00f3n Jara Cruz reconoci\u00f3 la vocaci\u00f3n, disciplina y valent\u00eda de quienes integran los cuerpos de seguridad, con las cuales sientan las bases de una corporaci\u00f3n moderna, confiable y que est\u00e1 siempre al servicio de la poblaci\u00f3n.<\/p>\n\n\n\n<p>\u201cLa funci\u00f3n de ustedes es un servicio esencial a nuestro pueblo, ustedes son garant\u00eda del orden, legalidad y paz social. Son el primer contacto del estado con la ciudadan\u00eda en momentos dif\u00edciles. Su labor exige una capacidad extraordinaria, sensibilidad social y un firme compromiso con los derechos humanos\u201d, recalc\u00f3.<\/p>\n\n\n\n<p>El titular del Poder Ejecutivo afirm\u00f3 que las mujeres y hombres que desempe\u00f1an esta funci\u00f3n en Oaxaca cumplen con la disciplina, profesionalizaci\u00f3n constante, coordinaci\u00f3n interinstitucional y corresponsabilidad social; que exigen los tiempos complejos que se viven en la actualidad.<\/p>\n\n\n\n<p>En este evento desarrollado en el Cuartel General de la Polic\u00eda Estatal, se otorgaron tres ascensos de grado inmediato superior, as\u00ed como seis reconocimientos por desempe\u00f1o policial y trayectoria profesional en el adiestramiento de binomios caninos.<\/p>\n\n\n\n<p>Durante su intervenci\u00f3n, el comisario de la Polic\u00eda Estatal, Francisco Santiago Garc\u00eda agradeci\u00f3 a las y los miembros de las diversas corporaciones por el compromiso puesto en sus labores cotidianas, que se reflejan en una atenci\u00f3n oportuna a la poblaci\u00f3n.<\/p>\n\n\n\n<p>\u201cHoy celebramos a quienes con honor y dignidad portan este uniforme; mujeres y hombres que no dudan en enfrentar el peligro para proteger a las familias. Su entrega y profesionalismo son el motor que impulsa nuestra seguridad\u201d, dijo.<\/p>\n\n\n\n<p>Por su parte, la secretaria ejecutiva del Sistema Estatal de Seguridad P\u00fablica, Karina Bar\u00f3n Ortiz destac\u00f3 que, las y los elementos de las fuerzas policiales de Oaxaca cuentan con alto nivel de confianza entre la ciudadan\u00eda, de acuerdo con las mediciones demosc\u00f3picas efectuadas.<\/p>\n\n\n\n<p>-0-<\/p>\n","protected":false},"excerpt":{"rendered":"<p>\u2022 En el marco de su celebraci\u00f3n anual se otorgaron 3 ascensos de grado inmediato&#8230;<\/p>\n","protected":false},"author":4,"featured_media":50164,"comment_status":"closed","ping_status":"open","sticky":false,"template":"","format":"standard","meta":{"footnotes":""},"categories":[9],"tags":[316],"jetpack_sharing_enabled":true,"featured_image_urls":{"full":["https:\/\/contextoanalisisperiodistico.com\/wp-content\/uploads\/2026\/01\/IMG-20260121-WA0041.jpg",1280,854,false],"thumbnail":["https:\/\/contextoanalisisperiodistico.com\/wp-content\/uploads\/2026\/01\/IMG-20260121-WA0041-150x150.jpg",150,150,true],"medium":["https:\/\/contextoanalisisperiodistico.com\/wp-content\/uploads\/2026\/01\/IMG-20260121-WA0041-300x200.jpg",300,200,true],"medium_large":["https:\/\/contextoanalisisperiodistico.com\/wp-content\/uploads\/2026\/01\/IMG-20260121-WA0041-768x512.jpg",640,427,true],"large":["https:\/\/contextoanalisisperiodistico.com\/wp-content\/uploads\/2026\/01\/IMG-20260121-WA0041-1024x683.jpg",640,427,true],"1536x1536":["https:\/\/contextoanalisisperiodistico.com\/wp-content\/uploads\/2026\/01\/IMG-20260121-WA0041.jpg",1280,854,false],"2048x2048":["https:\/\/contextoanalisisperiodistico.com\/wp-content\/uploads\/2026\/01\/IMG-20260121-WA0041.jpg",1280,854,false],"covernews-slider-full":["https:\/\/contextoanalisisperiodistico.com\/wp-content\/uploads\/2026\/01\/IMG-20260121-WA0041-1115x715.jpg",1115,715,true],"covernews-slider-center":["https:\/\/contextoanalisisperiodistico.com\/wp-content\/uploads\/2026\/01\/IMG-20260121-WA0041-800x500.jpg",800,500,true],"covernews-featured":["https:\/\/contextoanalisisperiodistico.com\/wp-content\/uploads\/2026\/01\/IMG-20260121-WA0041-1024x683.jpg",1024,683,true],"covernews-medium":["https:\/\/contextoanalisisperiodistico.com\/wp-content\/uploads\/2026\/01\/IMG-20260121-WA0041-540x340.jpg",540,340,true],"covernews-medium-square":["https:\/\/contextoanalisisperiodistico.com\/wp-content\/uploads\/2026\/01\/IMG-20260121-WA0041-400x250.jpg",400,250,true]},"author_info":{"display_name":"Mario Gir\u00f3n","author_link":"https:\/\/contextoanalisisperiodistico.com\/index.php\/author\/director\/"},"category_info":"<a href=\"https:\/\/contextoanalisisperiodistico.com\/index.php\/category\/politica\/\" rel=\"category tag\">Pol\u00edtica<\/a>","tag_info":"Pol\u00edtica","comment_count":"0","jetpack_featured_media_url":"https:\/\/contextoanalisisperiodistico.com\/wp-content\/uploads\/2026\/01\/IMG-20260121-WA0041.jpg","_links":{"self":[{"href":"https:\/\/contextoanalisisperiodistico.com\/index.php\/wp-json\/wp\/v2\/posts\/50166"}],"collection":[{"href":"https:\/\/contextoanalisisperiodistico.com\/index.php\/wp-json\/wp\/v2\/posts"}],"about":[{"href":"https:\/\/contextoanalisisperiodistico.com\/index.php\/wp-json\/wp\/v2\/types\/post"}],"author":[{"embeddable":true,"href":"https:\/\/contextoanalisisperiodistico.com\/index.php\/wp-json\/wp\/v2\/users\/4"}],"replies":[{"embeddable":true,"href":"https:\/\/contextoanalisisperiodistico.com\/index.php\/wp-json\/wp\/v2\/comments?post=50166"}],"version-history":[{"count":1,"href":"https:\/\/contextoanalisisperiodistico.com\/index.php\/wp-json\/wp\/v2\/posts\/50166\/revisions"}],"predecessor-version":[{"id":50167,"href":"https:\/\/contextoanalisisperiodistico.com\/index.php\/wp-json\/wp\/v2\/posts\/50166\/revisions\/50167"}],"wp:featuredmedia":[{"embeddable":true,"href":"https:\/\/contextoanalisisperiodistico.com\/index.php\/wp-json\/wp\/v2\/media\/50164"}],"wp:attachment":[{"href":"https:\/\/contextoanalisisperiodistico.com\/index.php\/wp-json\/wp\/v2\/media?parent=50166"}],"wp:term":[{"taxonomy":"category","embeddable":true,"href":"https:\/\/contextoanalisisperiodistico.com\/index.php\/wp-json\/wp\/v2\/categories?post=50166"},{"taxonomy":"post_tag","embeddable":true,"href":"https:\/\/contextoanalisisperiodistico.com\/index.php\/wp-json\/wp\/v2\/tags?post=50166"}],"curies":[{"name":"wp","href":"https:\/\/api.w.org\/{rel}","templated":true}]}}