{"id":50077,"date":"2026-01-18T12:58:42","date_gmt":"2026-01-18T18:58:42","guid":{"rendered":"https:\/\/contextoanalisisperiodistico.com\/?p=50077"},"modified":"2026-01-18T12:58:57","modified_gmt":"2026-01-18T18:58:57","slug":"tequio-vecinal-fortalece-el-orden-y-la-convivencia-en-la-colonia-martires-de-rio-blanco","status":"publish","type":"post","link":"https:\/\/contextoanalisisperiodistico.com\/index.php\/2026\/01\/18\/tequio-vecinal-fortalece-el-orden-y-la-convivencia-en-la-colonia-martires-de-rio-blanco\/","title":{"rendered":"Tequio Vecinal fortalece el orden y la convivencia en la colonia M\u00e1rtires de R\u00edo Blanco"},"content":{"rendered":"<div id=\"fb-root\"><\/div>\n\n<ul class=\"wp-block-list\">\n<li>Participaci\u00f3n ciudadana y trabajo conjunto impulsan acciones por una ciudad limpia y segura<\/li>\n<\/ul>\n\n\n\n<figure class=\"wp-block-image size-large\"><img fetchpriority=\"high\" decoding=\"async\" width=\"1024\" height=\"682\" src=\"https:\/\/contextoanalisisperiodistico.com\/wp-content\/uploads\/2026\/01\/img-20260118-wa00252008450194432497498-1024x682.jpg\" alt=\"\" class=\"wp-image-50074\" srcset=\"https:\/\/contextoanalisisperiodistico.com\/wp-content\/uploads\/2026\/01\/img-20260118-wa00252008450194432497498-1024x682.jpg 1024w, https:\/\/contextoanalisisperiodistico.com\/wp-content\/uploads\/2026\/01\/img-20260118-wa00252008450194432497498-300x200.jpg 300w, https:\/\/contextoanalisisperiodistico.com\/wp-content\/uploads\/2026\/01\/img-20260118-wa00252008450194432497498-768x511.jpg 768w, https:\/\/contextoanalisisperiodistico.com\/wp-content\/uploads\/2026\/01\/img-20260118-wa00252008450194432497498.jpg 1440w\" sizes=\"(max-width: 1024px) 100vw, 1024px\" \/><\/figure>\n\n\n\n<figure class=\"wp-block-image\"><img decoding=\"async\" width=\"1024\" height=\"682\" src=\"https:\/\/contextoanalisisperiodistico.com\/wp-content\/uploads\/2026\/01\/img-20260118-wa00266169902720743041165-1024x682.jpg\" alt=\"\" class=\"wp-image-50075\" srcset=\"https:\/\/contextoanalisisperiodistico.com\/wp-content\/uploads\/2026\/01\/img-20260118-wa00266169902720743041165-1024x682.jpg 1024w, https:\/\/contextoanalisisperiodistico.com\/wp-content\/uploads\/2026\/01\/img-20260118-wa00266169902720743041165-300x200.jpg 300w, https:\/\/contextoanalisisperiodistico.com\/wp-content\/uploads\/2026\/01\/img-20260118-wa00266169902720743041165-768x511.jpg 768w, https:\/\/contextoanalisisperiodistico.com\/wp-content\/uploads\/2026\/01\/img-20260118-wa00266169902720743041165.jpg 1440w\" sizes=\"(max-width: 1024px) 100vw, 1024px\" \/><\/figure>\n\n\n\n<figure class=\"wp-block-image\"><img decoding=\"async\" width=\"1024\" height=\"682\" src=\"https:\/\/contextoanalisisperiodistico.com\/wp-content\/uploads\/2026\/01\/img-20260118-wa00244463613216867974661-1024x682.jpg\" alt=\"\" class=\"wp-image-50076\" srcset=\"https:\/\/contextoanalisisperiodistico.com\/wp-content\/uploads\/2026\/01\/img-20260118-wa00244463613216867974661-1024x682.jpg 1024w, https:\/\/contextoanalisisperiodistico.com\/wp-content\/uploads\/2026\/01\/img-20260118-wa00244463613216867974661-300x200.jpg 300w, https:\/\/contextoanalisisperiodistico.com\/wp-content\/uploads\/2026\/01\/img-20260118-wa00244463613216867974661-768x511.jpg 768w, https:\/\/contextoanalisisperiodistico.com\/wp-content\/uploads\/2026\/01\/img-20260118-wa00244463613216867974661.jpg 1440w\" sizes=\"(max-width: 1024px) 100vw, 1024px\" \/><\/figure>\n\n\n\n<p>Oaxaca de Ju\u00e1rez, Oax. 18 de enero de 2026- Vecinas y vecinos de la colonia M\u00e1rtires de R\u00edo Blanco participaron en un Tequio Vecinal enfocado en labores de limpieza, orden y recuperaci\u00f3n de espacios p\u00fablicos, como parte de las acciones que se impulsan para mejorar el entorno y fortalecer la vida vecinal en Oaxaca de Ju\u00e1rez.<\/p>\n\n\n\n<p>En esta jornada de trabajo colectivo particip\u00f3 el presidente municipal Ray Chagoya, quien acompa\u00f1\u00f3 las actividades y reconoci\u00f3 la disposici\u00f3n de las y los habitantes para sumarse a este tipo de ejercicios que fomentan la participaci\u00f3n y el cuidado del entorno com\u00fan.<\/p>\n\n\n\n<p>Desde temprana hora, las y los participantes se organizaron para atender distintos puntos de la colonia, generando espacios m\u00e1s ordenados y propicios para una convivencia cotidiana m\u00e1s segura.<\/p>\n\n\n\n<p>Los Tequios Vecinales forman parte de las acciones permanentes del Gobierno Municipal de Oaxaca de Ju\u00e1rez para promover entornos m\u00e1s limpios, fortalecer la participaci\u00f3n ciudadana y avanzar en la construcci\u00f3n de una ciudad m\u00e1s ordenada y segura.<\/p>\n","protected":false},"excerpt":{"rendered":"<p>Oaxaca de Ju\u00e1rez, Oax. 18 de enero de 2026- Vecinas y vecinos de la colonia&#8230;<\/p>\n","protected":false},"author":4,"featured_media":50073,"comment_status":"closed","ping_status":"open","sticky":false,"template":"","format":"standard","meta":{"footnotes":""},"categories":[9],"tags":[316,353,188,352,178],"jetpack_sharing_enabled":true,"featured_image_urls":{"full":["https:\/\/contextoanalisisperiodistico.com\/wp-content\/uploads\/2026\/01\/IMG-20260118-WA0023.jpg",1440,959,false],"thumbnail":["https:\/\/contextoanalisisperiodistico.com\/wp-content\/uploads\/2026\/01\/IMG-20260118-WA0023-150x150.jpg",150,150,true],"medium":["https:\/\/contextoanalisisperiodistico.com\/wp-content\/uploads\/2026\/01\/IMG-20260118-WA0023-300x200.jpg",300,200,true],"medium_large":["https:\/\/contextoanalisisperiodistico.com\/wp-content\/uploads\/2026\/01\/IMG-20260118-WA0023-768x511.jpg",640,426,true],"large":["https:\/\/contextoanalisisperiodistico.com\/wp-content\/uploads\/2026\/01\/IMG-20260118-WA0023-1024x682.jpg",640,426,true],"1536x1536":["https:\/\/contextoanalisisperiodistico.com\/wp-content\/uploads\/2026\/01\/IMG-20260118-WA0023.jpg",1440,959,false],"2048x2048":["https:\/\/contextoanalisisperiodistico.com\/wp-content\/uploads\/2026\/01\/IMG-20260118-WA0023.jpg",1440,959,false],"covernews-slider-full":["https:\/\/contextoanalisisperiodistico.com\/wp-content\/uploads\/2026\/01\/IMG-20260118-WA0023-1115x715.jpg",1115,715,true],"covernews-slider-center":["https:\/\/contextoanalisisperiodistico.com\/wp-content\/uploads\/2026\/01\/IMG-20260118-WA0023-800x500.jpg",800,500,true],"covernews-featured":["https:\/\/contextoanalisisperiodistico.com\/wp-content\/uploads\/2026\/01\/IMG-20260118-WA0023-1024x682.jpg",1024,682,true],"covernews-medium":["https:\/\/contextoanalisisperiodistico.com\/wp-content\/uploads\/2026\/01\/IMG-20260118-WA0023-540x340.jpg",540,340,true],"covernews-medium-square":["https:\/\/contextoanalisisperiodistico.com\/wp-content\/uploads\/2026\/01\/IMG-20260118-WA0023-400x250.jpg",400,250,true]},"author_info":{"display_name":"Mario Gir\u00f3n","author_link":"https:\/\/contextoanalisisperiodistico.com\/index.php\/author\/director\/"},"category_info":"<a href=\"https:\/\/contextoanalisisperiodistico.com\/index.php\/category\/politica\/\" rel=\"category tag\">Pol\u00edtica<\/a>","tag_info":"Pol\u00edtica","comment_count":"0","jetpack_featured_media_url":"https:\/\/contextoanalisisperiodistico.com\/wp-content\/uploads\/2026\/01\/IMG-20260118-WA0023.jpg","_links":{"self":[{"href":"https:\/\/contextoanalisisperiodistico.com\/index.php\/wp-json\/wp\/v2\/posts\/50077"}],"collection":[{"href":"https:\/\/contextoanalisisperiodistico.com\/index.php\/wp-json\/wp\/v2\/posts"}],"about":[{"href":"https:\/\/contextoanalisisperiodistico.com\/index.php\/wp-json\/wp\/v2\/types\/post"}],"author":[{"embeddable":true,"href":"https:\/\/contextoanalisisperiodistico.com\/index.php\/wp-json\/wp\/v2\/users\/4"}],"replies":[{"embeddable":true,"href":"https:\/\/contextoanalisisperiodistico.com\/index.php\/wp-json\/wp\/v2\/comments?post=50077"}],"version-history":[{"count":1,"href":"https:\/\/contextoanalisisperiodistico.com\/index.php\/wp-json\/wp\/v2\/posts\/50077\/revisions"}],"predecessor-version":[{"id":50078,"href":"https:\/\/contextoanalisisperiodistico.com\/index.php\/wp-json\/wp\/v2\/posts\/50077\/revisions\/50078"}],"wp:featuredmedia":[{"embeddable":true,"href":"https:\/\/contextoanalisisperiodistico.com\/index.php\/wp-json\/wp\/v2\/media\/50073"}],"wp:attachment":[{"href":"https:\/\/contextoanalisisperiodistico.com\/index.php\/wp-json\/wp\/v2\/media?parent=50077"}],"wp:term":[{"taxonomy":"category","embeddable":true,"href":"https:\/\/contextoanalisisperiodistico.com\/index.php\/wp-json\/wp\/v2\/categories?post=50077"},{"taxonomy":"post_tag","embeddable":true,"href":"https:\/\/contextoanalisisperiodistico.com\/index.php\/wp-json\/wp\/v2\/tags?post=50077"}],"curies":[{"name":"wp","href":"https:\/\/api.w.org\/{rel}","templated":true}]}}