{"id":50042,"date":"2026-01-16T15:47:21","date_gmt":"2026-01-16T21:47:21","guid":{"rendered":"https:\/\/contextoanalisisperiodistico.com\/?p=50042"},"modified":"2026-01-16T15:47:24","modified_gmt":"2026-01-16T21:47:24","slug":"continuan-vigentes-los-descuentos-en-el-pago-del-predial-en-oaxaca-de-juarez","status":"publish","type":"post","link":"https:\/\/contextoanalisisperiodistico.com\/index.php\/2026\/01\/16\/continuan-vigentes-los-descuentos-en-el-pago-del-predial-en-oaxaca-de-juarez\/","title":{"rendered":"Contin\u00faan vigentes los descuentos en el pago del predial en Oaxaca de Ju\u00e1rez"},"content":{"rendered":"<div id=\"fb-root\"><\/div>\n\n<ul class=\"wp-block-list\">\n<li>Tambi\u00e9n comercio, panteones y aseo p\u00fablico mantienen beneficios.<\/li>\n<\/ul>\n\n\n\n<figure class=\"wp-block-video\"><video controls src=\"https:\/\/contextoanalisisperiodistico.com\/wp-content\/uploads\/2026\/01\/VID-20260116-WA0087.mp4\"><\/video><\/figure>\n\n\n\n<figure class=\"wp-block-image size-large\"><img fetchpriority=\"high\" decoding=\"async\" width=\"1024\" height=\"1024\" src=\"https:\/\/contextoanalisisperiodistico.com\/wp-content\/uploads\/2026\/01\/img-20260116-wa00855573513118582311545-1024x1024.jpg\" alt=\"\" class=\"wp-image-50041\" srcset=\"https:\/\/contextoanalisisperiodistico.com\/wp-content\/uploads\/2026\/01\/img-20260116-wa00855573513118582311545-1024x1024.jpg 1024w, https:\/\/contextoanalisisperiodistico.com\/wp-content\/uploads\/2026\/01\/img-20260116-wa00855573513118582311545-300x300.jpg 300w, https:\/\/contextoanalisisperiodistico.com\/wp-content\/uploads\/2026\/01\/img-20260116-wa00855573513118582311545-150x150.jpg 150w, https:\/\/contextoanalisisperiodistico.com\/wp-content\/uploads\/2026\/01\/img-20260116-wa00855573513118582311545-768x768.jpg 768w, https:\/\/contextoanalisisperiodistico.com\/wp-content\/uploads\/2026\/01\/img-20260116-wa00855573513118582311545.jpg 1280w\" sizes=\"(max-width: 1024px) 100vw, 1024px\" \/><\/figure>\n\n\n\n<p>Oaxaca de Ju\u00e1rez, Oax., 16 de enero de 2026.\u2013 El Gobierno Municipal de Oaxaca de Ju\u00e1rez informa que a\u00fan contin\u00faan vigentes los descuentos correspondientes al mes de enero dentro de la estrategia Cumplir es ahorrar, mediante la cual se busca apoyar la econom\u00eda de las familias y comercios, al mismo tiempo que se fortalecen los servicios p\u00fablicos en la ciudad.<\/p>\n\n\n\n<p>Durante este mes, las y los contribuyentes pueden acceder a un 15 por ciento de descuento en el pago del predial, as\u00ed como un 15 por ciento en contribuciones de panteones, mientras que en los conceptos de comercio y aseo p\u00fablico se mantiene un 10 por ciento de descuento.<\/p>\n\n\n\n<p>Es importante mencionar que en los meses de febrero y marzo continuar\u00e1n aplic\u00e1ndose descuentos de manera gradual, sin embargo, enero representa el periodo con mayor beneficio para ponerse al corriente.<\/p>\n\n\n\n<p>Para facilitar el cumplimiento de estas contribuciones, el Ayuntamiento pone a disposici\u00f3n diversas modalidades de pago, que incluyen las cajas recaudadoras, el pago en l\u00ednea a trav\u00e9s del portal oficial del municipio y la opci\u00f3n de pago en tiendas OXXO, permitiendo a la ciudadan\u00eda elegir la alternativa m\u00e1s c\u00f3moda.<\/p>\n\n\n\n<p>Asimismo, se inform\u00f3 que la atenci\u00f3n se brinda en horarios amplios, de lunes a viernes de 6:00 a 18:00 horas en el Palacio Municipal, de 9:00 a 17:00 horas en cajas for\u00e1neas, mercados y agencias municipales, y los s\u00e1bados de 9:00 a 16:00 horas.<\/p>\n\n\n\n<p>La administraci\u00f3n municipal reiter\u00f3 la invitaci\u00f3n a aprovechar los descuentos vigentes durante enero, recordando que cumplir a tiempo permite ahorrar y contribuye a seguir construyendo una Oaxaca de Ju\u00e1rez m\u00e1s limpia, ordenada y segura.<\/p>\n","protected":false},"excerpt":{"rendered":"<p>Oaxaca de Ju\u00e1rez, Oax., 16 de enero de 2026.\u2013 El Gobierno Municipal de Oaxaca de&#8230;<\/p>\n","protected":false},"author":4,"featured_media":50039,"comment_status":"closed","ping_status":"open","sticky":false,"template":"","format":"standard","meta":{"footnotes":""},"categories":[9],"tags":[316,353,188,352,178],"jetpack_sharing_enabled":true,"featured_image_urls":{"full":["https:\/\/contextoanalisisperiodistico.com\/wp-content\/uploads\/2026\/01\/IMG-20260116-WA0086.jpg",1080,1350,false],"thumbnail":["https:\/\/contextoanalisisperiodistico.com\/wp-content\/uploads\/2026\/01\/IMG-20260116-WA0086-150x150.jpg",150,150,true],"medium":["https:\/\/contextoanalisisperiodistico.com\/wp-content\/uploads\/2026\/01\/IMG-20260116-WA0086-240x300.jpg",240,300,true],"medium_large":["https:\/\/contextoanalisisperiodistico.com\/wp-content\/uploads\/2026\/01\/IMG-20260116-WA0086-768x960.jpg",640,800,true],"large":["https:\/\/contextoanalisisperiodistico.com\/wp-content\/uploads\/2026\/01\/IMG-20260116-WA0086-819x1024.jpg",640,800,true],"1536x1536":["https:\/\/contextoanalisisperiodistico.com\/wp-content\/uploads\/2026\/01\/IMG-20260116-WA0086.jpg",1080,1350,false],"2048x2048":["https:\/\/contextoanalisisperiodistico.com\/wp-content\/uploads\/2026\/01\/IMG-20260116-WA0086.jpg",1080,1350,false],"covernews-slider-full":["https:\/\/contextoanalisisperiodistico.com\/wp-content\/uploads\/2026\/01\/IMG-20260116-WA0086-1080x715.jpg",1080,715,true],"covernews-slider-center":["https:\/\/contextoanalisisperiodistico.com\/wp-content\/uploads\/2026\/01\/IMG-20260116-WA0086-800x500.jpg",800,500,true],"covernews-featured":["https:\/\/contextoanalisisperiodistico.com\/wp-content\/uploads\/2026\/01\/IMG-20260116-WA0086-1024x1280.jpg",1024,1280,true],"covernews-medium":["https:\/\/contextoanalisisperiodistico.com\/wp-content\/uploads\/2026\/01\/IMG-20260116-WA0086-540x340.jpg",540,340,true],"covernews-medium-square":["https:\/\/contextoanalisisperiodistico.com\/wp-content\/uploads\/2026\/01\/IMG-20260116-WA0086-400x250.jpg",400,250,true]},"author_info":{"display_name":"Mario Gir\u00f3n","author_link":"https:\/\/contextoanalisisperiodistico.com\/index.php\/author\/director\/"},"category_info":"<a href=\"https:\/\/contextoanalisisperiodistico.com\/index.php\/category\/politica\/\" rel=\"category tag\">Pol\u00edtica<\/a>","tag_info":"Pol\u00edtica","comment_count":"0","jetpack_featured_media_url":"https:\/\/contextoanalisisperiodistico.com\/wp-content\/uploads\/2026\/01\/IMG-20260116-WA0086.jpg","_links":{"self":[{"href":"https:\/\/contextoanalisisperiodistico.com\/index.php\/wp-json\/wp\/v2\/posts\/50042"}],"collection":[{"href":"https:\/\/contextoanalisisperiodistico.com\/index.php\/wp-json\/wp\/v2\/posts"}],"about":[{"href":"https:\/\/contextoanalisisperiodistico.com\/index.php\/wp-json\/wp\/v2\/types\/post"}],"author":[{"embeddable":true,"href":"https:\/\/contextoanalisisperiodistico.com\/index.php\/wp-json\/wp\/v2\/users\/4"}],"replies":[{"embeddable":true,"href":"https:\/\/contextoanalisisperiodistico.com\/index.php\/wp-json\/wp\/v2\/comments?post=50042"}],"version-history":[{"count":1,"href":"https:\/\/contextoanalisisperiodistico.com\/index.php\/wp-json\/wp\/v2\/posts\/50042\/revisions"}],"predecessor-version":[{"id":50043,"href":"https:\/\/contextoanalisisperiodistico.com\/index.php\/wp-json\/wp\/v2\/posts\/50042\/revisions\/50043"}],"wp:featuredmedia":[{"embeddable":true,"href":"https:\/\/contextoanalisisperiodistico.com\/index.php\/wp-json\/wp\/v2\/media\/50039"}],"wp:attachment":[{"href":"https:\/\/contextoanalisisperiodistico.com\/index.php\/wp-json\/wp\/v2\/media?parent=50042"}],"wp:term":[{"taxonomy":"category","embeddable":true,"href":"https:\/\/contextoanalisisperiodistico.com\/index.php\/wp-json\/wp\/v2\/categories?post=50042"},{"taxonomy":"post_tag","embeddable":true,"href":"https:\/\/contextoanalisisperiodistico.com\/index.php\/wp-json\/wp\/v2\/tags?post=50042"}],"curies":[{"name":"wp","href":"https:\/\/api.w.org\/{rel}","templated":true}]}}