{"id":49928,"date":"2026-01-13T12:20:32","date_gmt":"2026-01-13T18:20:32","guid":{"rendered":"https:\/\/contextoanalisisperiodistico.com\/?p=49928"},"modified":"2026-01-13T12:21:42","modified_gmt":"2026-01-13T18:21:42","slug":"desmiente-sspc-hallazgo-de-extremidad-humana-en-calles-del-centro-historico","status":"publish","type":"post","link":"https:\/\/contextoanalisisperiodistico.com\/index.php\/2026\/01\/13\/desmiente-sspc-hallazgo-de-extremidad-humana-en-calles-del-centro-historico\/","title":{"rendered":"Desmiente SSPC hallazgo de extremidad humana en calles del Centro Hist\u00f3rico"},"content":{"rendered":"<div id=\"fb-root\"><\/div>\n\n<p>\u2022 Corporaciones de seguridad que acudieron al lugar confirmaron que se trataba de una mano de utiler\u00eda elaborada de goma<\/p>\n\n\n\n<p>Oaxaca de Ju\u00e1rez, Oax. 13 de enero de 2026.- La Secretar\u00eda de Seguridad y Protecci\u00f3n Ciudadana (SSPC) desmiente la informaci\u00f3n que circula en redes sociales, respecto al supuesto hallazgo de una mano humana en la calle 20 de Noviembre esquina con Las Casas.<\/p>\n\n\n\n<p>Derivado de los reportes difundidos, corporaciones de seguridad en coordinaci\u00f3n con la Agencia Estatal de Investigaciones (AEI), acudieron de manera inmediata al lugar para realizar las diligencias correspondientes.<\/p>\n\n\n\n<p>Tras las labores de verificaci\u00f3n y an\u00e1lisis, se confirm\u00f3 que el objeto localizado no correspond\u00eda a una extremidad humana, sino que se trataba de una mano de utiler\u00eda elaborada de goma, por lo que se descart\u00f3 que se tratara de un hecho delictivo o de riesgo para la poblaci\u00f3n de la zona.<\/p>\n\n\n\n<p>La SSPC exhorta a la ciudadan\u00eda a no difundir informaci\u00f3n no verificada y a mantenerse informada a trav\u00e9s de canales oficiales, para evitar la propagaci\u00f3n de rumores que generen alarma innecesaria.<\/p>\n\n\n\n<p>-0-<\/p>\n","protected":false},"excerpt":{"rendered":"<p>\u2022 Corporaciones de seguridad que acudieron al lugar confirmaron que se trataba de una mano&#8230;<\/p>\n","protected":false},"author":4,"featured_media":49927,"comment_status":"closed","ping_status":"open","sticky":false,"template":"","format":"standard","meta":{"footnotes":""},"categories":[9],"tags":[316],"jetpack_sharing_enabled":true,"featured_image_urls":{"full":["https:\/\/contextoanalisisperiodistico.com\/wp-content\/uploads\/2026\/01\/IMG-20260113-WA0024.jpg",1600,1600,false],"thumbnail":["https:\/\/contextoanalisisperiodistico.com\/wp-content\/uploads\/2026\/01\/IMG-20260113-WA0024-150x150.jpg",150,150,true],"medium":["https:\/\/contextoanalisisperiodistico.com\/wp-content\/uploads\/2026\/01\/IMG-20260113-WA0024-300x300.jpg",300,300,true],"medium_large":["https:\/\/contextoanalisisperiodistico.com\/wp-content\/uploads\/2026\/01\/IMG-20260113-WA0024-768x768.jpg",640,640,true],"large":["https:\/\/contextoanalisisperiodistico.com\/wp-content\/uploads\/2026\/01\/IMG-20260113-WA0024-1024x1024.jpg",640,640,true],"1536x1536":["https:\/\/contextoanalisisperiodistico.com\/wp-content\/uploads\/2026\/01\/IMG-20260113-WA0024-1536x1536.jpg",1536,1536,true],"2048x2048":["https:\/\/contextoanalisisperiodistico.com\/wp-content\/uploads\/2026\/01\/IMG-20260113-WA0024.jpg",1600,1600,false],"covernews-slider-full":["https:\/\/contextoanalisisperiodistico.com\/wp-content\/uploads\/2026\/01\/IMG-20260113-WA0024-1115x715.jpg",1115,715,true],"covernews-slider-center":["https:\/\/contextoanalisisperiodistico.com\/wp-content\/uploads\/2026\/01\/IMG-20260113-WA0024-800x500.jpg",800,500,true],"covernews-featured":["https:\/\/contextoanalisisperiodistico.com\/wp-content\/uploads\/2026\/01\/IMG-20260113-WA0024-1024x1024.jpg",1024,1024,true],"covernews-medium":["https:\/\/contextoanalisisperiodistico.com\/wp-content\/uploads\/2026\/01\/IMG-20260113-WA0024-540x340.jpg",540,340,true],"covernews-medium-square":["https:\/\/contextoanalisisperiodistico.com\/wp-content\/uploads\/2026\/01\/IMG-20260113-WA0024-400x250.jpg",400,250,true]},"author_info":{"display_name":"Mario Gir\u00f3n","author_link":"https:\/\/contextoanalisisperiodistico.com\/index.php\/author\/director\/"},"category_info":"<a href=\"https:\/\/contextoanalisisperiodistico.com\/index.php\/category\/politica\/\" rel=\"category tag\">Pol\u00edtica<\/a>","tag_info":"Pol\u00edtica","comment_count":"0","jetpack_featured_media_url":"https:\/\/contextoanalisisperiodistico.com\/wp-content\/uploads\/2026\/01\/IMG-20260113-WA0024.jpg","_links":{"self":[{"href":"https:\/\/contextoanalisisperiodistico.com\/index.php\/wp-json\/wp\/v2\/posts\/49928"}],"collection":[{"href":"https:\/\/contextoanalisisperiodistico.com\/index.php\/wp-json\/wp\/v2\/posts"}],"about":[{"href":"https:\/\/contextoanalisisperiodistico.com\/index.php\/wp-json\/wp\/v2\/types\/post"}],"author":[{"embeddable":true,"href":"https:\/\/contextoanalisisperiodistico.com\/index.php\/wp-json\/wp\/v2\/users\/4"}],"replies":[{"embeddable":true,"href":"https:\/\/contextoanalisisperiodistico.com\/index.php\/wp-json\/wp\/v2\/comments?post=49928"}],"version-history":[{"count":1,"href":"https:\/\/contextoanalisisperiodistico.com\/index.php\/wp-json\/wp\/v2\/posts\/49928\/revisions"}],"predecessor-version":[{"id":49929,"href":"https:\/\/contextoanalisisperiodistico.com\/index.php\/wp-json\/wp\/v2\/posts\/49928\/revisions\/49929"}],"wp:featuredmedia":[{"embeddable":true,"href":"https:\/\/contextoanalisisperiodistico.com\/index.php\/wp-json\/wp\/v2\/media\/49927"}],"wp:attachment":[{"href":"https:\/\/contextoanalisisperiodistico.com\/index.php\/wp-json\/wp\/v2\/media?parent=49928"}],"wp:term":[{"taxonomy":"category","embeddable":true,"href":"https:\/\/contextoanalisisperiodistico.com\/index.php\/wp-json\/wp\/v2\/categories?post=49928"},{"taxonomy":"post_tag","embeddable":true,"href":"https:\/\/contextoanalisisperiodistico.com\/index.php\/wp-json\/wp\/v2\/tags?post=49928"}],"curies":[{"name":"wp","href":"https:\/\/api.w.org\/{rel}","templated":true}]}}