{"id":49648,"date":"2025-12-31T14:36:01","date_gmt":"2025-12-31T20:36:01","guid":{"rendered":"https:\/\/contextoanalisisperiodistico.com\/index.php\/2025\/12\/31\/exhorta-sso-a-prevenir-accidentes-por-pirotecniadurante-las-fiestas-de-fin-de-ano\/"},"modified":"2025-12-31T14:36:01","modified_gmt":"2025-12-31T20:36:01","slug":"exhorta-sso-a-prevenir-accidentes-por-pirotecniadurante-las-fiestas-de-fin-de-ano","status":"publish","type":"post","link":"https:\/\/contextoanalisisperiodistico.com\/index.php\/2025\/12\/31\/exhorta-sso-a-prevenir-accidentes-por-pirotecniadurante-las-fiestas-de-fin-de-ano\/","title":{"rendered":"Exhorta SSO a prevenir accidentes por pirotecniadurante las fiestas de fin de a\u00f1o"},"content":{"rendered":"<div id=\"fb-root\"><\/div>\n\n<p>\u2022 La diversi\u00f3n no debe poner en riesgo la vida ni la integridad de ni\u00f1as y ni\u00f1os<\/p>\n\n\n\n<figure class=\"wp-block-image size-large\"><img fetchpriority=\"high\" decoding=\"async\" width=\"1024\" height=\"682\" src=\"https:\/\/contextoanalisisperiodistico.com\/wp-content\/uploads\/2025\/12\/img-20251231-wa00521141687494402930588-1024x682.jpg\" alt=\"\" class=\"wp-image-49647\" srcset=\"https:\/\/contextoanalisisperiodistico.com\/wp-content\/uploads\/2025\/12\/img-20251231-wa00521141687494402930588-1024x682.jpg 1024w, https:\/\/contextoanalisisperiodistico.com\/wp-content\/uploads\/2025\/12\/img-20251231-wa00521141687494402930588-300x200.jpg 300w, https:\/\/contextoanalisisperiodistico.com\/wp-content\/uploads\/2025\/12\/img-20251231-wa00521141687494402930588-768x511.jpg 768w, https:\/\/contextoanalisisperiodistico.com\/wp-content\/uploads\/2025\/12\/img-20251231-wa00521141687494402930588.jpg 1280w\" sizes=\"(max-width: 1024px) 100vw, 1024px\" \/><\/figure>\n\n\n\n<p>Oaxaca de Ju\u00e1rez, Oax. 31 de diciembre de 2025.- Con motivo de las celebraciones de fin de a\u00f1o, Servicios de Salud de Oaxaca (SSO) hace un en\u00e9rgico llamado a la conciencia social para evitar la quema de fuegos artificiales, especialmente en presencia de ni\u00f1as y ni\u00f1os, ya que el uso de pirotecnia representa un alto riesgo de accidentes graves.<\/p>\n\n\n\n<p>Durante este mes se registra un incremento significativo de lesiones por quemaduras, las cuales representan el 73 por ciento de los casos atendidos en los servicios de urgencias, derivadas principalmente del manejo inadecuado de cohetes, petardos y productos elaborados a base de p\u00f3lvora.<\/p>\n\n\n\n<p>SSO advirti\u00f3 que este tipo de accidentes pueden generar da\u00f1os irreversibles como amputaciones, afectaciones permanentes en la piel, as\u00ed como lesiones severas en ojos y rostro.<\/p>\n\n\n\n<p>Las estad\u00edsticas se\u00f1alan que el 82 por ciento de las lesiones por pirotecnia ocurren en las manos, seguidas por da\u00f1os en la cara y los ojos, lo que evidencia el alto nivel de peligro de estos artefactos.<\/p>\n\n\n\n<p>Despu\u00e9s de la pirotecnia, el fuego directo \u2014proveniente de fogatas, anafres o velas encendidas en espacios cerrados o concurridos\u2014 constituye la segunda causa de quemaduras durante esta temporada.<\/p>\n\n\n\n<p>La instituci\u00f3n exhorta a madres, padres y personas cuidadoras a mantener supervisi\u00f3n permanente a menores de edad y evitar que compren, quemen o guarden pirotecnia en bolsillos o mochilas; no permitir que se acerquen a fuegos artificiales durante su almacenamiento o quema.<\/p>\n\n\n\n<p>En caso de una quemadura, se recomienda retirar de inmediato a la persona de la fuente de calor, enfriar la zona afectada con agua corriente, no aplicar hielo, aceites ni sustancias caseras, y acudir de forma inmediata a la unidad m\u00e9dica m\u00e1s cercana.<\/p>\n\n\n\n<p>-0-<\/p>\n\n\n\n<p><\/p>\n\n\n\n<p><\/p>\n","protected":false},"excerpt":{"rendered":"<p>\u2022 La diversi\u00f3n no debe poner en riesgo la vida ni la integridad de ni\u00f1as&#8230;<\/p>\n","protected":false},"author":4,"featured_media":49646,"comment_status":"","ping_status":"open","sticky":false,"template":"","format":"standard","meta":{"footnotes":""},"categories":[92],"tags":[316],"jetpack_sharing_enabled":true,"featured_image_urls":{"full":["https:\/\/contextoanalisisperiodistico.com\/wp-content\/uploads\/2025\/12\/IMG-20251231-WA0055.jpg",533,800,false],"thumbnail":["https:\/\/contextoanalisisperiodistico.com\/wp-content\/uploads\/2025\/12\/IMG-20251231-WA0055-150x150.jpg",150,150,true],"medium":["https:\/\/contextoanalisisperiodistico.com\/wp-content\/uploads\/2025\/12\/IMG-20251231-WA0055-200x300.jpg",200,300,true],"medium_large":["https:\/\/contextoanalisisperiodistico.com\/wp-content\/uploads\/2025\/12\/IMG-20251231-WA0055.jpg",533,800,false],"large":["https:\/\/contextoanalisisperiodistico.com\/wp-content\/uploads\/2025\/12\/IMG-20251231-WA0055.jpg",533,800,false],"1536x1536":["https:\/\/contextoanalisisperiodistico.com\/wp-content\/uploads\/2025\/12\/IMG-20251231-WA0055.jpg",533,800,false],"2048x2048":["https:\/\/contextoanalisisperiodistico.com\/wp-content\/uploads\/2025\/12\/IMG-20251231-WA0055.jpg",533,800,false],"covernews-slider-full":["https:\/\/contextoanalisisperiodistico.com\/wp-content\/uploads\/2025\/12\/IMG-20251231-WA0055-533x715.jpg",533,715,true],"covernews-slider-center":["https:\/\/contextoanalisisperiodistico.com\/wp-content\/uploads\/2025\/12\/IMG-20251231-WA0055-533x500.jpg",533,500,true],"covernews-featured":["https:\/\/contextoanalisisperiodistico.com\/wp-content\/uploads\/2025\/12\/IMG-20251231-WA0055.jpg",533,800,false],"covernews-medium":["https:\/\/contextoanalisisperiodistico.com\/wp-content\/uploads\/2025\/12\/IMG-20251231-WA0055-533x340.jpg",533,340,true],"covernews-medium-square":["https:\/\/contextoanalisisperiodistico.com\/wp-content\/uploads\/2025\/12\/IMG-20251231-WA0055-400x250.jpg",400,250,true]},"author_info":{"display_name":"Mario Gir\u00f3n","author_link":"https:\/\/contextoanalisisperiodistico.com\/index.php\/author\/director\/"},"category_info":"<a href=\"https:\/\/contextoanalisisperiodistico.com\/index.php\/category\/salud\/\" rel=\"category tag\">Salud<\/a>","tag_info":"Salud","comment_count":"0","jetpack_featured_media_url":"https:\/\/contextoanalisisperiodistico.com\/wp-content\/uploads\/2025\/12\/IMG-20251231-WA0055.jpg","_links":{"self":[{"href":"https:\/\/contextoanalisisperiodistico.com\/index.php\/wp-json\/wp\/v2\/posts\/49648"}],"collection":[{"href":"https:\/\/contextoanalisisperiodistico.com\/index.php\/wp-json\/wp\/v2\/posts"}],"about":[{"href":"https:\/\/contextoanalisisperiodistico.com\/index.php\/wp-json\/wp\/v2\/types\/post"}],"author":[{"embeddable":true,"href":"https:\/\/contextoanalisisperiodistico.com\/index.php\/wp-json\/wp\/v2\/users\/4"}],"replies":[{"embeddable":true,"href":"https:\/\/contextoanalisisperiodistico.com\/index.php\/wp-json\/wp\/v2\/comments?post=49648"}],"version-history":[{"count":0,"href":"https:\/\/contextoanalisisperiodistico.com\/index.php\/wp-json\/wp\/v2\/posts\/49648\/revisions"}],"wp:featuredmedia":[{"embeddable":true,"href":"https:\/\/contextoanalisisperiodistico.com\/index.php\/wp-json\/wp\/v2\/media\/49646"}],"wp:attachment":[{"href":"https:\/\/contextoanalisisperiodistico.com\/index.php\/wp-json\/wp\/v2\/media?parent=49648"}],"wp:term":[{"taxonomy":"category","embeddable":true,"href":"https:\/\/contextoanalisisperiodistico.com\/index.php\/wp-json\/wp\/v2\/categories?post=49648"},{"taxonomy":"post_tag","embeddable":true,"href":"https:\/\/contextoanalisisperiodistico.com\/index.php\/wp-json\/wp\/v2\/tags?post=49648"}],"curies":[{"name":"wp","href":"https:\/\/api.w.org\/{rel}","templated":true}]}}