{"id":49220,"date":"2025-12-10T21:52:11","date_gmt":"2025-12-11T03:52:11","guid":{"rendered":"https:\/\/contextoanalisisperiodistico.com\/index.php\/2025\/12\/10\/gobierno-de-oaxaca-dignifica-labores-de-seguridad-con-ampliacion-del-destacamento-de-la-policia-municipal-de-san-pedro-mixtepec\/"},"modified":"2025-12-10T21:52:11","modified_gmt":"2025-12-11T03:52:11","slug":"gobierno-de-oaxaca-dignifica-labores-de-seguridad-con-ampliacion-del-destacamento-de-la-policia-municipal-de-san-pedro-mixtepec","status":"publish","type":"post","link":"https:\/\/contextoanalisisperiodistico.com\/index.php\/2025\/12\/10\/gobierno-de-oaxaca-dignifica-labores-de-seguridad-con-ampliacion-del-destacamento-de-la-policia-municipal-de-san-pedro-mixtepec\/","title":{"rendered":"Gobierno de Oaxaca dignifica labores de seguridad con ampliaci\u00f3n del Destacamento de la Polic\u00eda Municipal de San Pedro Mixtepec"},"content":{"rendered":"<div id=\"fb-root\"><\/div>\n\n<p>\u2022 Esta obra que implic\u00f3 m\u00e1s de 7 millones de pesos, beneficia a las y los elementos con \u00e1reas de ba\u00f1os, dormitorios y comedor<\/p>\n\n\n\n<figure class=\"wp-block-image size-large\"><img fetchpriority=\"high\" decoding=\"async\" width=\"1024\" height=\"768\" src=\"https:\/\/contextoanalisisperiodistico.com\/wp-content\/uploads\/2025\/12\/img-20251210-wa01223183369329381028840-1024x768.jpg\" alt=\"\" class=\"wp-image-49219\" srcset=\"https:\/\/contextoanalisisperiodistico.com\/wp-content\/uploads\/2025\/12\/img-20251210-wa01223183369329381028840-1024x768.jpg 1024w, https:\/\/contextoanalisisperiodistico.com\/wp-content\/uploads\/2025\/12\/img-20251210-wa01223183369329381028840-300x225.jpg 300w, https:\/\/contextoanalisisperiodistico.com\/wp-content\/uploads\/2025\/12\/img-20251210-wa01223183369329381028840-768x576.jpg 768w, https:\/\/contextoanalisisperiodistico.com\/wp-content\/uploads\/2025\/12\/img-20251210-wa01223183369329381028840.jpg 1280w\" sizes=\"(max-width: 1024px) 100vw, 1024px\" \/><\/figure>\n\n\n\n<figure class=\"wp-block-image\"><img decoding=\"async\" width=\"1024\" height=\"681\" src=\"https:\/\/contextoanalisisperiodistico.com\/wp-content\/uploads\/2025\/12\/img-20251210-wa01234852498985630652693-1024x681.jpg\" alt=\"\" class=\"wp-image-49218\" srcset=\"https:\/\/contextoanalisisperiodistico.com\/wp-content\/uploads\/2025\/12\/img-20251210-wa01234852498985630652693-1024x681.jpg 1024w, https:\/\/contextoanalisisperiodistico.com\/wp-content\/uploads\/2025\/12\/img-20251210-wa01234852498985630652693-300x200.jpg 300w, https:\/\/contextoanalisisperiodistico.com\/wp-content\/uploads\/2025\/12\/img-20251210-wa01234852498985630652693-768x511.jpg 768w, https:\/\/contextoanalisisperiodistico.com\/wp-content\/uploads\/2025\/12\/img-20251210-wa01234852498985630652693-1536x1021.jpg 1536w, https:\/\/contextoanalisisperiodistico.com\/wp-content\/uploads\/2025\/12\/img-20251210-wa01234852498985630652693.jpg 1600w\" sizes=\"(max-width: 1024px) 100vw, 1024px\" \/><\/figure>\n\n\n\n<p>Oaxaca de Ju\u00e1rez, Oax. 10 de diciembre de 2025.- El Gobierno de Oaxaca inaugur\u00f3 la ampliaci\u00f3n del Destacamento de la Polic\u00eda Municipal en San Pedro Mixtepec, que tuvo una inversi\u00f3n de 7 millones 621 mil 596 pesos, para dignificar la labor de las fuerzas del orden y mejorar la capacidad operativa en una de las zonas tur\u00edsticas m\u00e1s importantes de la entidad.<\/p>\n\n\n\n<p>Durante el acto, la titular del Secretariado Ejecutivo del Sistema Estatal de Seguridad P\u00fablica (SESESP), Karina Barr\u00f3n Ortiz detall\u00f3 que la obra incluye construcci\u00f3n de espacios suficientes para \u00e1reas de ba\u00f1os, dormitorios confortables y un comedor; que aseguran condiciones de trabajo \u00f3ptimas y favorecen el bienestar de las y los uniformados.<\/p>\n\n\n\n<p>La Primavera Oaxaque\u00f1a que encabeza el Gobernador Salom\u00f3n Jara Cruz consolida un Sistema Estatal de Seguridad P\u00fablica cercano, equipado y preparado.<\/p>\n\n\n\n<p>-0-<\/p>\n","protected":false},"excerpt":{"rendered":"<p>\u2022 Esta obra que implic\u00f3 m\u00e1s de 7 millones de pesos, beneficia a las y&#8230;<\/p>\n","protected":false},"author":4,"featured_media":49217,"comment_status":"","ping_status":"open","sticky":false,"template":"","format":"standard","meta":{"footnotes":""},"categories":[7],"tags":[316],"jetpack_sharing_enabled":true,"featured_image_urls":{"full":["https:\/\/contextoanalisisperiodistico.com\/wp-content\/uploads\/2025\/12\/IMG-20251210-WA0121.jpg",1600,1064,false],"thumbnail":["https:\/\/contextoanalisisperiodistico.com\/wp-content\/uploads\/2025\/12\/IMG-20251210-WA0121-150x150.jpg",150,150,true],"medium":["https:\/\/contextoanalisisperiodistico.com\/wp-content\/uploads\/2025\/12\/IMG-20251210-WA0121-300x200.jpg",300,200,true],"medium_large":["https:\/\/contextoanalisisperiodistico.com\/wp-content\/uploads\/2025\/12\/IMG-20251210-WA0121-768x511.jpg",640,426,true],"large":["https:\/\/contextoanalisisperiodistico.com\/wp-content\/uploads\/2025\/12\/IMG-20251210-WA0121-1024x681.jpg",640,426,true],"1536x1536":["https:\/\/contextoanalisisperiodistico.com\/wp-content\/uploads\/2025\/12\/IMG-20251210-WA0121-1536x1021.jpg",1536,1021,true],"2048x2048":["https:\/\/contextoanalisisperiodistico.com\/wp-content\/uploads\/2025\/12\/IMG-20251210-WA0121.jpg",1600,1064,false],"covernews-slider-full":["https:\/\/contextoanalisisperiodistico.com\/wp-content\/uploads\/2025\/12\/IMG-20251210-WA0121-1115x715.jpg",1115,715,true],"covernews-slider-center":["https:\/\/contextoanalisisperiodistico.com\/wp-content\/uploads\/2025\/12\/IMG-20251210-WA0121-800x500.jpg",800,500,true],"covernews-featured":["https:\/\/contextoanalisisperiodistico.com\/wp-content\/uploads\/2025\/12\/IMG-20251210-WA0121-1024x681.jpg",1024,681,true],"covernews-medium":["https:\/\/contextoanalisisperiodistico.com\/wp-content\/uploads\/2025\/12\/IMG-20251210-WA0121-540x340.jpg",540,340,true],"covernews-medium-square":["https:\/\/contextoanalisisperiodistico.com\/wp-content\/uploads\/2025\/12\/IMG-20251210-WA0121-400x250.jpg",400,250,true]},"author_info":{"display_name":"Mario Gir\u00f3n","author_link":"https:\/\/contextoanalisisperiodistico.com\/index.php\/author\/director\/"},"category_info":"<a href=\"https:\/\/contextoanalisisperiodistico.com\/index.php\/category\/municipios\/\" rel=\"category tag\">Municipios<\/a>","tag_info":"Municipios","comment_count":"0","jetpack_featured_media_url":"https:\/\/contextoanalisisperiodistico.com\/wp-content\/uploads\/2025\/12\/IMG-20251210-WA0121.jpg","_links":{"self":[{"href":"https:\/\/contextoanalisisperiodistico.com\/index.php\/wp-json\/wp\/v2\/posts\/49220"}],"collection":[{"href":"https:\/\/contextoanalisisperiodistico.com\/index.php\/wp-json\/wp\/v2\/posts"}],"about":[{"href":"https:\/\/contextoanalisisperiodistico.com\/index.php\/wp-json\/wp\/v2\/types\/post"}],"author":[{"embeddable":true,"href":"https:\/\/contextoanalisisperiodistico.com\/index.php\/wp-json\/wp\/v2\/users\/4"}],"replies":[{"embeddable":true,"href":"https:\/\/contextoanalisisperiodistico.com\/index.php\/wp-json\/wp\/v2\/comments?post=49220"}],"version-history":[{"count":0,"href":"https:\/\/contextoanalisisperiodistico.com\/index.php\/wp-json\/wp\/v2\/posts\/49220\/revisions"}],"wp:featuredmedia":[{"embeddable":true,"href":"https:\/\/contextoanalisisperiodistico.com\/index.php\/wp-json\/wp\/v2\/media\/49217"}],"wp:attachment":[{"href":"https:\/\/contextoanalisisperiodistico.com\/index.php\/wp-json\/wp\/v2\/media?parent=49220"}],"wp:term":[{"taxonomy":"category","embeddable":true,"href":"https:\/\/contextoanalisisperiodistico.com\/index.php\/wp-json\/wp\/v2\/categories?post=49220"},{"taxonomy":"post_tag","embeddable":true,"href":"https:\/\/contextoanalisisperiodistico.com\/index.php\/wp-json\/wp\/v2\/tags?post=49220"}],"curies":[{"name":"wp","href":"https:\/\/api.w.org\/{rel}","templated":true}]}}