{"id":4921,"date":"2022-10-10T12:17:24","date_gmt":"2022-10-10T17:17:24","guid":{"rendered":"http:\/\/contextoanalisisperiodistico.com.mx\/2022\/10\/10\/acuerdan-gobierno-de-oaxaca-de-juarez-y-camaras-empresariales-en-el-temarecoleccion-de-basura\/"},"modified":"2022-10-10T12:17:24","modified_gmt":"2022-10-10T17:17:24","slug":"acuerdan-gobierno-de-oaxaca-de-juarez-y-camaras-empresariales-en-el-temarecoleccion-de-basura","status":"publish","type":"post","link":"https:\/\/contextoanalisisperiodistico.com\/index.php\/2022\/10\/10\/acuerdan-gobierno-de-oaxaca-de-juarez-y-camaras-empresariales-en-el-temarecoleccion-de-basura\/","title":{"rendered":"Acuerdan gobierno de Oaxaca de Ju\u00e1rez y c\u00e1maras empresariales en el tema recolecci\u00f3n de basura"},"content":{"rendered":"<div id=\"fb-root\"><\/div>\n\n<p>El presidente municipal de Oaxaca de Ju\u00e1rez, Francisco Mart\u00ednez Neri, se reuni\u00f3 esta ma\u00f1ana con representantes de c\u00e1maras empresariales para tratar el tema de la recolecci\u00f3n de la&nbsp; basura.<\/p>\n\n\n\n<p>En el acto los invit\u00f3 a llevar a cabo el programa de separaci\u00f3n de los Residuos S\u00f3lidos Urbanos implementado por el municipio,&nbsp; y&nbsp; trabajar en conjunto&nbsp; un proceso de concientizaci\u00f3n con las y los trabajadores.<\/p>\n\n\n\n<figure class=\"wp-block-image size-large\"><img decoding=\"async\" src=\"https:\/\/contextoinformacionyanalisisperiodistico.files.wordpress.com\/2022\/10\/img-20221010-wa00762094742625033087733.jpg?w=1024\" alt=\"\" class=\"wp-image-4920\" \/><\/figure>\n","protected":false},"excerpt":{"rendered":"<p>El presidente municipal de Oaxaca de Ju\u00e1rez, Francisco Mart\u00ednez Neri, se reuni\u00f3 esta ma\u00f1ana con&#8230;<\/p>\n","protected":false},"author":2,"featured_media":0,"comment_status":"open","ping_status":"open","sticky":false,"template":"","format":"standard","meta":{"footnotes":""},"categories":[7],"tags":[],"jetpack_sharing_enabled":true,"featured_image_urls":{"full":"","thumbnail":"","medium":"","medium_large":"","large":"","1536x1536":"","2048x2048":"","covernews-slider-full":"","covernews-slider-center":"","covernews-featured":"","covernews-medium":"","covernews-medium-square":""},"author_info":{"display_name":"Miguel","author_link":"https:\/\/contextoanalisisperiodistico.com\/index.php\/author\/editor\/"},"category_info":"<a href=\"https:\/\/contextoanalisisperiodistico.com\/index.php\/category\/municipios\/\" rel=\"category tag\">Municipios<\/a>","tag_info":"Municipios","comment_count":"0","jetpack_featured_media_url":"","_links":{"self":[{"href":"https:\/\/contextoanalisisperiodistico.com\/index.php\/wp-json\/wp\/v2\/posts\/4921"}],"collection":[{"href":"https:\/\/contextoanalisisperiodistico.com\/index.php\/wp-json\/wp\/v2\/posts"}],"about":[{"href":"https:\/\/contextoanalisisperiodistico.com\/index.php\/wp-json\/wp\/v2\/types\/post"}],"author":[{"embeddable":true,"href":"https:\/\/contextoanalisisperiodistico.com\/index.php\/wp-json\/wp\/v2\/users\/2"}],"replies":[{"embeddable":true,"href":"https:\/\/contextoanalisisperiodistico.com\/index.php\/wp-json\/wp\/v2\/comments?post=4921"}],"version-history":[{"count":0,"href":"https:\/\/contextoanalisisperiodistico.com\/index.php\/wp-json\/wp\/v2\/posts\/4921\/revisions"}],"wp:attachment":[{"href":"https:\/\/contextoanalisisperiodistico.com\/index.php\/wp-json\/wp\/v2\/media?parent=4921"}],"wp:term":[{"taxonomy":"category","embeddable":true,"href":"https:\/\/contextoanalisisperiodistico.com\/index.php\/wp-json\/wp\/v2\/categories?post=4921"},{"taxonomy":"post_tag","embeddable":true,"href":"https:\/\/contextoanalisisperiodistico.com\/index.php\/wp-json\/wp\/v2\/tags?post=4921"}],"curies":[{"name":"wp","href":"https:\/\/api.w.org\/{rel}","templated":true}]}}