{"id":49178,"date":"2025-12-09T20:01:42","date_gmt":"2025-12-10T02:01:42","guid":{"rendered":"https:\/\/contextoanalisisperiodistico.com\/index.php\/2025\/12\/09\/avanza-sic-trabajos-de-bacheo-y-reencarpetamiento-en-vialidades-de-la-zmo\/"},"modified":"2025-12-09T20:01:42","modified_gmt":"2025-12-10T02:01:42","slug":"avanza-sic-trabajos-de-bacheo-y-reencarpetamiento-en-vialidades-de-la-zmo","status":"publish","type":"post","link":"https:\/\/contextoanalisisperiodistico.com\/index.php\/2025\/12\/09\/avanza-sic-trabajos-de-bacheo-y-reencarpetamiento-en-vialidades-de-la-zmo\/","title":{"rendered":"Avanza SIC trabajos de bacheo y reencarpetamiento en vialidades de la ZMO"},"content":{"rendered":"<div id=\"fb-root\"><\/div>\n\n<p>\u2022 La dependencia rehabilita 100 kil\u00f3metros de calles y avenidas en 6 municipios, transformando las rutas en \u00e1giles y seguras<\/p>\n\n\n\n<figure class=\"wp-block-image size-large\"><img fetchpriority=\"high\" decoding=\"async\" width=\"1024\" height=\"576\" src=\"https:\/\/contextoanalisisperiodistico.com\/wp-content\/uploads\/2025\/12\/img-20251209-wa01383537797093355365097-1024x576.jpg\" alt=\"\" class=\"wp-image-49176\" srcset=\"https:\/\/contextoanalisisperiodistico.com\/wp-content\/uploads\/2025\/12\/img-20251209-wa01383537797093355365097-1024x576.jpg 1024w, https:\/\/contextoanalisisperiodistico.com\/wp-content\/uploads\/2025\/12\/img-20251209-wa01383537797093355365097-300x169.jpg 300w, https:\/\/contextoanalisisperiodistico.com\/wp-content\/uploads\/2025\/12\/img-20251209-wa01383537797093355365097-768x432.jpg 768w, https:\/\/contextoanalisisperiodistico.com\/wp-content\/uploads\/2025\/12\/img-20251209-wa01383537797093355365097.jpg 1440w\" sizes=\"(max-width: 1024px) 100vw, 1024px\" \/><\/figure>\n\n\n\n<figure class=\"wp-block-image\"><img decoding=\"async\" width=\"1024\" height=\"576\" src=\"https:\/\/contextoanalisisperiodistico.com\/wp-content\/uploads\/2025\/12\/img-20251209-wa01378124409158502144093-1024x576.jpg\" alt=\"\" class=\"wp-image-49175\" srcset=\"https:\/\/contextoanalisisperiodistico.com\/wp-content\/uploads\/2025\/12\/img-20251209-wa01378124409158502144093-1024x576.jpg 1024w, https:\/\/contextoanalisisperiodistico.com\/wp-content\/uploads\/2025\/12\/img-20251209-wa01378124409158502144093-300x169.jpg 300w, https:\/\/contextoanalisisperiodistico.com\/wp-content\/uploads\/2025\/12\/img-20251209-wa01378124409158502144093-768x432.jpg 768w, https:\/\/contextoanalisisperiodistico.com\/wp-content\/uploads\/2025\/12\/img-20251209-wa01378124409158502144093.jpg 1440w\" sizes=\"(max-width: 1024px) 100vw, 1024px\" \/><\/figure>\n\n\n\n<figure class=\"wp-block-image\"><img decoding=\"async\" width=\"1024\" height=\"577\" src=\"https:\/\/contextoanalisisperiodistico.com\/wp-content\/uploads\/2025\/12\/img-20251209-wa01351346985849582846639-1024x577.jpg\" alt=\"\" class=\"wp-image-49177\" srcset=\"https:\/\/contextoanalisisperiodistico.com\/wp-content\/uploads\/2025\/12\/img-20251209-wa01351346985849582846639-1024x577.jpg 1024w, https:\/\/contextoanalisisperiodistico.com\/wp-content\/uploads\/2025\/12\/img-20251209-wa01351346985849582846639-300x169.jpg 300w, https:\/\/contextoanalisisperiodistico.com\/wp-content\/uploads\/2025\/12\/img-20251209-wa01351346985849582846639-768x433.jpg 768w, https:\/\/contextoanalisisperiodistico.com\/wp-content\/uploads\/2025\/12\/img-20251209-wa01351346985849582846639.jpg 1440w\" sizes=\"(max-width: 1024px) 100vw, 1024px\" \/><\/figure>\n\n\n\n<p>Oaxaca de Ju\u00e1rez, Oax. 9 de diciembre de 2025.- La Secretar\u00eda de Infraestructuras y Comunicaciones (SIC) avanza en la segunda etapa del Mega Plan de Bacheo y Reencarpetamiento de la Zona Metropolitana de Oaxaca (ZMO), en el que se rehabilitar\u00e1n 100 kil\u00f3metros de vialidades, las cuales se suman a los 152 de la primera fase.<\/p>\n\n\n\n<p>El titular de SIC, Carlos Vichido Hern\u00e1ndez indic\u00f3 que se trabaja en seis municipios: Oaxaca de Ju\u00e1rez, Santa Cruz Xoxocotl\u00e1n, Santa Luc\u00eda del Camino, San Sebasti\u00e1n Tutla, San Raymundo Jalpan y Cuil\u00e1pam de Guerrero.<\/p>\n\n\n\n<p>En Santa Luc\u00eda del Camino, la dependencia atiende avenida Ferrocarril, del cruce con Hornos al Deportivo Santa Cruz; en la capital del estado, avenida Monte Alb\u00e1n en el tramo Instituto Tecnol\u00f3gico de Oaxaca-Plaza Bella y calles del Centro Hist\u00f3rico.<\/p>\n\n\n\n<p>Mientras tanto en Santa Cruz Xoxocotl\u00e1n, desde la Rotonda Benito Ju\u00e1rez hasta el Centro de Rehabilitaci\u00f3n e Inclusi\u00f3n Infantil Telet\u00f3n (CRIT) Oaxaca, y se contin\u00faa hasta el Ex Convento de Cuil\u00e1pam de Guerrero.<\/p>\n\n\n\n<p>Con estas acciones miles de personas ser\u00e1n beneficiadas con vialidades seguras y en \u00f3ptimas condiciones que agilizar\u00e1n el tr\u00e1nsito, reducir\u00e1 el tiempo de traslados y consumo de combustible.<\/p>\n\n\n\n<p>-0-<\/p>\n","protected":false},"excerpt":{"rendered":"<p>\u2022 La dependencia rehabilita 100 kil\u00f3metros de calles y avenidas en 6 municipios, transformando las&#8230;<\/p>\n","protected":false},"author":4,"featured_media":49174,"comment_status":"","ping_status":"open","sticky":false,"template":"","format":"standard","meta":{"footnotes":""},"categories":[7],"tags":[316],"jetpack_sharing_enabled":true,"featured_image_urls":{"full":["https:\/\/contextoanalisisperiodistico.com\/wp-content\/uploads\/2025\/12\/IMG-20251209-WA0136.jpg",1440,810,false],"thumbnail":["https:\/\/contextoanalisisperiodistico.com\/wp-content\/uploads\/2025\/12\/IMG-20251209-WA0136-150x150.jpg",150,150,true],"medium":["https:\/\/contextoanalisisperiodistico.com\/wp-content\/uploads\/2025\/12\/IMG-20251209-WA0136-300x169.jpg",300,169,true],"medium_large":["https:\/\/contextoanalisisperiodistico.com\/wp-content\/uploads\/2025\/12\/IMG-20251209-WA0136-768x432.jpg",640,360,true],"large":["https:\/\/contextoanalisisperiodistico.com\/wp-content\/uploads\/2025\/12\/IMG-20251209-WA0136-1024x576.jpg",640,360,true],"1536x1536":["https:\/\/contextoanalisisperiodistico.com\/wp-content\/uploads\/2025\/12\/IMG-20251209-WA0136.jpg",1440,810,false],"2048x2048":["https:\/\/contextoanalisisperiodistico.com\/wp-content\/uploads\/2025\/12\/IMG-20251209-WA0136.jpg",1440,810,false],"covernews-slider-full":["https:\/\/contextoanalisisperiodistico.com\/wp-content\/uploads\/2025\/12\/IMG-20251209-WA0136-1115x715.jpg",1115,715,true],"covernews-slider-center":["https:\/\/contextoanalisisperiodistico.com\/wp-content\/uploads\/2025\/12\/IMG-20251209-WA0136-800x500.jpg",800,500,true],"covernews-featured":["https:\/\/contextoanalisisperiodistico.com\/wp-content\/uploads\/2025\/12\/IMG-20251209-WA0136-1024x576.jpg",1024,576,true],"covernews-medium":["https:\/\/contextoanalisisperiodistico.com\/wp-content\/uploads\/2025\/12\/IMG-20251209-WA0136-540x340.jpg",540,340,true],"covernews-medium-square":["https:\/\/contextoanalisisperiodistico.com\/wp-content\/uploads\/2025\/12\/IMG-20251209-WA0136-400x250.jpg",400,250,true]},"author_info":{"display_name":"Mario Gir\u00f3n","author_link":"https:\/\/contextoanalisisperiodistico.com\/index.php\/author\/director\/"},"category_info":"<a href=\"https:\/\/contextoanalisisperiodistico.com\/index.php\/category\/municipios\/\" rel=\"category tag\">Municipios<\/a>","tag_info":"Municipios","comment_count":"0","jetpack_featured_media_url":"https:\/\/contextoanalisisperiodistico.com\/wp-content\/uploads\/2025\/12\/IMG-20251209-WA0136.jpg","_links":{"self":[{"href":"https:\/\/contextoanalisisperiodistico.com\/index.php\/wp-json\/wp\/v2\/posts\/49178"}],"collection":[{"href":"https:\/\/contextoanalisisperiodistico.com\/index.php\/wp-json\/wp\/v2\/posts"}],"about":[{"href":"https:\/\/contextoanalisisperiodistico.com\/index.php\/wp-json\/wp\/v2\/types\/post"}],"author":[{"embeddable":true,"href":"https:\/\/contextoanalisisperiodistico.com\/index.php\/wp-json\/wp\/v2\/users\/4"}],"replies":[{"embeddable":true,"href":"https:\/\/contextoanalisisperiodistico.com\/index.php\/wp-json\/wp\/v2\/comments?post=49178"}],"version-history":[{"count":0,"href":"https:\/\/contextoanalisisperiodistico.com\/index.php\/wp-json\/wp\/v2\/posts\/49178\/revisions"}],"wp:featuredmedia":[{"embeddable":true,"href":"https:\/\/contextoanalisisperiodistico.com\/index.php\/wp-json\/wp\/v2\/media\/49174"}],"wp:attachment":[{"href":"https:\/\/contextoanalisisperiodistico.com\/index.php\/wp-json\/wp\/v2\/media?parent=49178"}],"wp:term":[{"taxonomy":"category","embeddable":true,"href":"https:\/\/contextoanalisisperiodistico.com\/index.php\/wp-json\/wp\/v2\/categories?post=49178"},{"taxonomy":"post_tag","embeddable":true,"href":"https:\/\/contextoanalisisperiodistico.com\/index.php\/wp-json\/wp\/v2\/tags?post=49178"}],"curies":[{"name":"wp","href":"https:\/\/api.w.org\/{rel}","templated":true}]}}