{"id":48880,"date":"2025-12-03T16:31:39","date_gmt":"2025-12-03T22:31:39","guid":{"rendered":"https:\/\/contextoanalisisperiodistico.com\/index.php\/2025\/12\/03\/policia-municipal-detiene-a-una-persona-por-el-presunto-delito-de-robo-con-violencia-7\/"},"modified":"2025-12-03T16:31:39","modified_gmt":"2025-12-03T22:31:39","slug":"policia-municipal-detiene-a-una-persona-por-el-presunto-delito-de-robo-con-violencia-7","status":"publish","type":"post","link":"https:\/\/contextoanalisisperiodistico.com\/index.php\/2025\/12\/03\/policia-municipal-detiene-a-una-persona-por-el-presunto-delito-de-robo-con-violencia-7\/","title":{"rendered":"Polic\u00eda Municipal detiene a una persona por el presunto delito de robo con violencia"},"content":{"rendered":"<div id=\"fb-root\"><\/div>\n\n<p>Oaxaca de Ju\u00e1rez, Oax., 3 de diciembre de 2025.- Personal de la Secretar\u00eda de Seguridad Vecinal efectu\u00f3 la detenci\u00f3n de una persona al ser se\u00f1alada como presunta responsable del delito de robo con violencia.<\/p>\n\n\n\n<p>La movilizaci\u00f3n de los elementos de la Direcci\u00f3n de Movilidad ocurri\u00f3 luego del reporte del C5i de un presunto robo con violencia en las inmediaciones del Jard\u00edn Madero, en la calzada Madero.<\/p>\n\n\n\n<p>Al abordar al denunciante, este dijo que momentos antes tripulaba un taxi color amarillo del sitio Pueblo Nuevo, el cual le fue robado por un sujeto que lo amag\u00f3 con un cuchillo y despoj\u00f3 del auto, para enseguida huir hacia la avenida Divisi\u00f3n Oriente.<\/p>\n\n\n\n<p>Cuando los elementos recababan datos, al lugar se present\u00f3 un sujeto, a quien el ofendido se\u00f1al\u00f3 como el mismo que momentos antes le hab\u00eda robado el taxi.<\/p>\n\n\n\n<p>Este manifest\u00f3 que \u00fanicamente retuvo el veh\u00edculo por un adeudo en la renta de las placas; sin embargo, el chofer del taxi, dijo desconocer o tener alg\u00fan trato con \u00e9l, ya que el propietario del taxi es otra persona, por lo cual pidi\u00f3 su detenci\u00f3n.<\/p>\n\n\n\n<p>Ante el se\u00f1alamiento directo, procedieron a la detenci\u00f3n de A. G. M., de 54 a\u00f1os de edad, quien fue consignado a la Fiscal\u00eda estatal para determinar su situaci\u00f3n jur\u00eddica.<\/p>\n","protected":false},"excerpt":{"rendered":"<p>Oaxaca de Ju\u00e1rez, Oax., 3 de diciembre de 2025.- Personal de la Secretar\u00eda de Seguridad&#8230;<\/p>\n","protected":false},"author":4,"featured_media":48879,"comment_status":"","ping_status":"open","sticky":false,"template":"","format":"standard","meta":{"footnotes":""},"categories":[10],"tags":[316],"jetpack_sharing_enabled":true,"featured_image_urls":{"full":["https:\/\/contextoanalisisperiodistico.com\/wp-content\/uploads\/2025\/12\/IMG-20251203-WA0077.jpg",485,600,false],"thumbnail":["https:\/\/contextoanalisisperiodistico.com\/wp-content\/uploads\/2025\/12\/IMG-20251203-WA0077-150x150.jpg",150,150,true],"medium":["https:\/\/contextoanalisisperiodistico.com\/wp-content\/uploads\/2025\/12\/IMG-20251203-WA0077-243x300.jpg",243,300,true],"medium_large":["https:\/\/contextoanalisisperiodistico.com\/wp-content\/uploads\/2025\/12\/IMG-20251203-WA0077.jpg",485,600,false],"large":["https:\/\/contextoanalisisperiodistico.com\/wp-content\/uploads\/2025\/12\/IMG-20251203-WA0077.jpg",485,600,false],"1536x1536":["https:\/\/contextoanalisisperiodistico.com\/wp-content\/uploads\/2025\/12\/IMG-20251203-WA0077.jpg",485,600,false],"2048x2048":["https:\/\/contextoanalisisperiodistico.com\/wp-content\/uploads\/2025\/12\/IMG-20251203-WA0077.jpg",485,600,false],"covernews-slider-full":["https:\/\/contextoanalisisperiodistico.com\/wp-content\/uploads\/2025\/12\/IMG-20251203-WA0077.jpg",485,600,false],"covernews-slider-center":["https:\/\/contextoanalisisperiodistico.com\/wp-content\/uploads\/2025\/12\/IMG-20251203-WA0077-485x500.jpg",485,500,true],"covernews-featured":["https:\/\/contextoanalisisperiodistico.com\/wp-content\/uploads\/2025\/12\/IMG-20251203-WA0077.jpg",485,600,false],"covernews-medium":["https:\/\/contextoanalisisperiodistico.com\/wp-content\/uploads\/2025\/12\/IMG-20251203-WA0077-485x340.jpg",485,340,true],"covernews-medium-square":["https:\/\/contextoanalisisperiodistico.com\/wp-content\/uploads\/2025\/12\/IMG-20251203-WA0077-400x250.jpg",400,250,true]},"author_info":{"display_name":"Mario Gir\u00f3n","author_link":"https:\/\/contextoanalisisperiodistico.com\/index.php\/author\/director\/"},"category_info":"<a href=\"https:\/\/contextoanalisisperiodistico.com\/index.php\/category\/seguridad\/\" rel=\"category tag\">Seguridad<\/a>","tag_info":"Seguridad","comment_count":"0","jetpack_featured_media_url":"https:\/\/contextoanalisisperiodistico.com\/wp-content\/uploads\/2025\/12\/IMG-20251203-WA0077.jpg","_links":{"self":[{"href":"https:\/\/contextoanalisisperiodistico.com\/index.php\/wp-json\/wp\/v2\/posts\/48880"}],"collection":[{"href":"https:\/\/contextoanalisisperiodistico.com\/index.php\/wp-json\/wp\/v2\/posts"}],"about":[{"href":"https:\/\/contextoanalisisperiodistico.com\/index.php\/wp-json\/wp\/v2\/types\/post"}],"author":[{"embeddable":true,"href":"https:\/\/contextoanalisisperiodistico.com\/index.php\/wp-json\/wp\/v2\/users\/4"}],"replies":[{"embeddable":true,"href":"https:\/\/contextoanalisisperiodistico.com\/index.php\/wp-json\/wp\/v2\/comments?post=48880"}],"version-history":[{"count":0,"href":"https:\/\/contextoanalisisperiodistico.com\/index.php\/wp-json\/wp\/v2\/posts\/48880\/revisions"}],"wp:featuredmedia":[{"embeddable":true,"href":"https:\/\/contextoanalisisperiodistico.com\/index.php\/wp-json\/wp\/v2\/media\/48879"}],"wp:attachment":[{"href":"https:\/\/contextoanalisisperiodistico.com\/index.php\/wp-json\/wp\/v2\/media?parent=48880"}],"wp:term":[{"taxonomy":"category","embeddable":true,"href":"https:\/\/contextoanalisisperiodistico.com\/index.php\/wp-json\/wp\/v2\/categories?post=48880"},{"taxonomy":"post_tag","embeddable":true,"href":"https:\/\/contextoanalisisperiodistico.com\/index.php\/wp-json\/wp\/v2\/tags?post=48880"}],"curies":[{"name":"wp","href":"https:\/\/api.w.org\/{rel}","templated":true}]}}