{"id":48872,"date":"2025-12-03T12:31:05","date_gmt":"2025-12-03T18:31:05","guid":{"rendered":"https:\/\/contextoanalisisperiodistico.com\/index.php\/2025\/12\/03\/en-3-anos-salomon-jara-transforma-bienestar-de-familias-de-la-sierra-de-juarez-con-casi-2-mil-acciones-en-vivienda\/"},"modified":"2025-12-03T12:31:05","modified_gmt":"2025-12-03T18:31:05","slug":"en-3-anos-salomon-jara-transforma-bienestar-de-familias-de-la-sierra-de-juarez-con-casi-2-mil-acciones-en-vivienda","status":"publish","type":"post","link":"https:\/\/contextoanalisisperiodistico.com\/index.php\/2025\/12\/03\/en-3-anos-salomon-jara-transforma-bienestar-de-familias-de-la-sierra-de-juarez-con-casi-2-mil-acciones-en-vivienda\/","title":{"rendered":"En 3 a\u00f1os, Salom\u00f3n Jara transforma bienestar de familias de la Sierra de Ju\u00e1rez con casi 2 mil acciones en vivienda"},"content":{"rendered":"<div id=\"fb-root\"><\/div>\n\n<p>\u2022 En su Gira Estatal de Rendici\u00f3n de Cuentas en San Ildefonso Villa Alta, el Gobernador de Oaxaca destac\u00f3 los trabajos para el sector salud, educativo e infraestructura social<\/p>\n\n\n\n<figure class=\"wp-block-image size-large\"><img fetchpriority=\"high\" decoding=\"async\" width=\"900\" height=\"676\" src=\"https:\/\/contextoanalisisperiodistico.com\/wp-content\/uploads\/2025\/12\/img-20251203-wa0038108471685540668728.jpg\" alt=\"\" class=\"wp-image-48869\" srcset=\"https:\/\/contextoanalisisperiodistico.com\/wp-content\/uploads\/2025\/12\/img-20251203-wa0038108471685540668728.jpg 900w, https:\/\/contextoanalisisperiodistico.com\/wp-content\/uploads\/2025\/12\/img-20251203-wa0038108471685540668728-300x225.jpg 300w, https:\/\/contextoanalisisperiodistico.com\/wp-content\/uploads\/2025\/12\/img-20251203-wa0038108471685540668728-768x577.jpg 768w\" sizes=\"(max-width: 900px) 100vw, 900px\" \/><\/figure>\n\n\n\n<figure class=\"wp-block-image\"><img decoding=\"async\" width=\"300\" height=\"225\" src=\"https:\/\/contextoanalisisperiodistico.com\/wp-content\/uploads\/2025\/12\/img-20251203-wa00415621437003111048308-300x225.jpg\" alt=\"\" class=\"wp-image-48870\" srcset=\"https:\/\/contextoanalisisperiodistico.com\/wp-content\/uploads\/2025\/12\/img-20251203-wa00415621437003111048308-300x225.jpg 300w, https:\/\/contextoanalisisperiodistico.com\/wp-content\/uploads\/2025\/12\/img-20251203-wa00415621437003111048308-768x577.jpg 768w, https:\/\/contextoanalisisperiodistico.com\/wp-content\/uploads\/2025\/12\/img-20251203-wa00415621437003111048308.jpg 900w\" sizes=\"(max-width: 300px) 100vw, 300px\" \/><\/figure>\n\n\n\n<figure class=\"wp-block-image\"><img decoding=\"async\" width=\"1024\" height=\"579\" src=\"https:\/\/contextoanalisisperiodistico.com\/wp-content\/uploads\/2025\/12\/img-20251203-wa00393160989873743583881-1024x579.jpg\" alt=\"\" class=\"wp-image-48871\" srcset=\"https:\/\/contextoanalisisperiodistico.com\/wp-content\/uploads\/2025\/12\/img-20251203-wa00393160989873743583881-1024x579.jpg 1024w, https:\/\/contextoanalisisperiodistico.com\/wp-content\/uploads\/2025\/12\/img-20251203-wa00393160989873743583881-300x170.jpg 300w, https:\/\/contextoanalisisperiodistico.com\/wp-content\/uploads\/2025\/12\/img-20251203-wa00393160989873743583881-768x434.jpg 768w, https:\/\/contextoanalisisperiodistico.com\/wp-content\/uploads\/2025\/12\/img-20251203-wa00393160989873743583881-1536x869.jpg 1536w, https:\/\/contextoanalisisperiodistico.com\/wp-content\/uploads\/2025\/12\/img-20251203-wa00393160989873743583881.jpg 1600w\" sizes=\"(max-width: 1024px) 100vw, 1024px\" \/><\/figure>\n\n\n\n<p>San Ildefonso Villa Alta, Oax. 3 de diciembre de 2025.- Con una pol\u00edtica social y de bienestar propia, el Gobierno de Salom\u00f3n Jara Cruz ha hecho lo que nunca se hizo por Oaxaca. En 3 a\u00f1os, destin\u00f3 una inversi\u00f3n superior a 43 millones de pesos para 73 obras y m\u00e1s de mil 900 acciones de vivienda en la Sierra de Ju\u00e1rez.<\/p>\n\n\n\n<p>Durante su Gira Estatal de Rendici\u00f3n de Cuentas en el municipio San Ildefonso Villa Alta, perteneciente a esta regi\u00f3n, el Mandatario estatal indic\u00f3 que este presupuesto se canaliz\u00f3 para cuartos dormitorios, cocinas, techos y pisos firmes para alrededor de 2 mil viviendas que antes estaban en condiciones cr\u00edticas.<\/p>\n\n\n\n<p>\u201cEste gobierno es del pueblo y para el pueblo, comprometido para seguir trabajando por el bienestar de las comunidades\u201d, asever\u00f3 junto a la Presidenta Honoraria del Sistema DIF Oaxaca, Irma Bola\u00f1os Quijano.<\/p>\n\n\n\n<p>Durante este periodo tambi\u00e9n se crearon ocho programas sociales estatales, fundamentados en la premisa del humanismo mexicano \u201cpor el bien de todos primero los pobres\u201d, para acompa\u00f1ar a mujeres, juventudes y personas en situaci\u00f3n de vulnerabilidad.<\/p>\n\n\n\n<p>Para que nadie se quede atr\u00e1s y nadie se quede afuera, la Sierra de Ju\u00e1rez recibe:<\/p>\n\n\n\n<p>\u2022 Con cr\u00e9ditos a la palabra Mujer Primavera se apoyan a 113 mujeres.<br \/>\u2022 Un total de 100 juventudes est\u00e1n adscritas a Mi Primera Chamba.<br \/>\u2022 M\u00e1s de 30 mil estudiantes reciben apoyo del programa \u00datiles Escolares.<br \/>\u2022 Ve\u2019e Tata ha ofrecido servicios a 6 mil 804 personas, entre ellos m\u00e1s de mil mastograf\u00edas.<br \/>\u2022 Se otorgaron 2 mil 738 paquetes de insumos agr\u00edcolas para la producci\u00f3n de ma\u00edz con un monto superior a 33 millones de pesos.<br \/>\u2022 Se da mantenimiento a los caminos de Santa Catarina Yetzelalag y San Juan Yetzecovi, as\u00ed como a la carretera Tlacolula-Villa Alta.<br \/>\u2022 Tambi\u00e9n la conservaci\u00f3n en la carretera del entronque Oaxaca- Tuxtepec-Ixtl\u00e1n de Ju\u00e1rez-Villa Talea de Castro y el Ramal San Bartolom\u00e9 Zoogocho.<br \/>\u2022 Se concluy\u00f3 el Cessa de San Pablo Yaganiza, que se inaugurar\u00e1 pr\u00f3ximamente.<br \/>\u2022 Los 104 Centros de Salud y tres hospitales de la Sierra de Ju\u00e1rez tienen abasto de medicamentos superior al 80%.<br \/>\u2022 Se realizaron 64 obras de infraestructura educativa como aulas, bardas, canchas y 16 domos.<br \/>\u2022 En 9 municipios se efectuaron acciones de electrificaci\u00f3n y en otros dos se mejoraron los espacios educativos con m\u00e1s de 3 millones de pesos.<br \/>\u2022 Se pavimentaron calles en 9 localidades, se llev\u00f3 agua y saneamiento a 7 municipios. Tambi\u00e9n se levantaron nueve techados comunitarios.<br \/>\u2022 Se otorg\u00f3 material del programa Construyendo Juntos mi Obra Primavera para 3 aulas en dos municipios.<br \/>\u2022 En materia de agua potable y saneamiento se efectuaron 14 obras.<br \/>\u2022 Los templos de San Crist\u00f3bal Lachirioag, San Pablo en Guelatao de Ju\u00e1rez y Capul\u00e1lpam de M\u00e9ndez fueron restaurados y reconstruidos.<\/p>\n\n\n\n<p>-0-<\/p>\n","protected":false},"excerpt":{"rendered":"<p>\u2022 En su Gira Estatal de Rendici\u00f3n de Cuentas en San Ildefonso Villa Alta, el&#8230;<\/p>\n","protected":false},"author":4,"featured_media":48868,"comment_status":"","ping_status":"open","sticky":false,"template":"","format":"standard","meta":{"footnotes":""},"categories":[9],"tags":[316],"jetpack_sharing_enabled":true,"featured_image_urls":{"full":["https:\/\/contextoanalisisperiodistico.com\/wp-content\/uploads\/2025\/12\/IMG-20251203-WA0040.jpg",900,998,false],"thumbnail":["https:\/\/contextoanalisisperiodistico.com\/wp-content\/uploads\/2025\/12\/IMG-20251203-WA0040-150x150.jpg",150,150,true],"medium":["https:\/\/contextoanalisisperiodistico.com\/wp-content\/uploads\/2025\/12\/IMG-20251203-WA0040-271x300.jpg",271,300,true],"medium_large":["https:\/\/contextoanalisisperiodistico.com\/wp-content\/uploads\/2025\/12\/IMG-20251203-WA0040-768x852.jpg",640,710,true],"large":["https:\/\/contextoanalisisperiodistico.com\/wp-content\/uploads\/2025\/12\/IMG-20251203-WA0040.jpg",640,710,false],"1536x1536":["https:\/\/contextoanalisisperiodistico.com\/wp-content\/uploads\/2025\/12\/IMG-20251203-WA0040.jpg",900,998,false],"2048x2048":["https:\/\/contextoanalisisperiodistico.com\/wp-content\/uploads\/2025\/12\/IMG-20251203-WA0040.jpg",900,998,false],"covernews-slider-full":["https:\/\/contextoanalisisperiodistico.com\/wp-content\/uploads\/2025\/12\/IMG-20251203-WA0040-900x715.jpg",900,715,true],"covernews-slider-center":["https:\/\/contextoanalisisperiodistico.com\/wp-content\/uploads\/2025\/12\/IMG-20251203-WA0040-800x500.jpg",800,500,true],"covernews-featured":["https:\/\/contextoanalisisperiodistico.com\/wp-content\/uploads\/2025\/12\/IMG-20251203-WA0040.jpg",900,998,false],"covernews-medium":["https:\/\/contextoanalisisperiodistico.com\/wp-content\/uploads\/2025\/12\/IMG-20251203-WA0040-540x340.jpg",540,340,true],"covernews-medium-square":["https:\/\/contextoanalisisperiodistico.com\/wp-content\/uploads\/2025\/12\/IMG-20251203-WA0040-400x250.jpg",400,250,true]},"author_info":{"display_name":"Mario Gir\u00f3n","author_link":"https:\/\/contextoanalisisperiodistico.com\/index.php\/author\/director\/"},"category_info":"<a href=\"https:\/\/contextoanalisisperiodistico.com\/index.php\/category\/politica\/\" rel=\"category tag\">Pol\u00edtica<\/a>","tag_info":"Pol\u00edtica","comment_count":"0","jetpack_featured_media_url":"https:\/\/contextoanalisisperiodistico.com\/wp-content\/uploads\/2025\/12\/IMG-20251203-WA0040.jpg","_links":{"self":[{"href":"https:\/\/contextoanalisisperiodistico.com\/index.php\/wp-json\/wp\/v2\/posts\/48872"}],"collection":[{"href":"https:\/\/contextoanalisisperiodistico.com\/index.php\/wp-json\/wp\/v2\/posts"}],"about":[{"href":"https:\/\/contextoanalisisperiodistico.com\/index.php\/wp-json\/wp\/v2\/types\/post"}],"author":[{"embeddable":true,"href":"https:\/\/contextoanalisisperiodistico.com\/index.php\/wp-json\/wp\/v2\/users\/4"}],"replies":[{"embeddable":true,"href":"https:\/\/contextoanalisisperiodistico.com\/index.php\/wp-json\/wp\/v2\/comments?post=48872"}],"version-history":[{"count":0,"href":"https:\/\/contextoanalisisperiodistico.com\/index.php\/wp-json\/wp\/v2\/posts\/48872\/revisions"}],"wp:featuredmedia":[{"embeddable":true,"href":"https:\/\/contextoanalisisperiodistico.com\/index.php\/wp-json\/wp\/v2\/media\/48868"}],"wp:attachment":[{"href":"https:\/\/contextoanalisisperiodistico.com\/index.php\/wp-json\/wp\/v2\/media?parent=48872"}],"wp:term":[{"taxonomy":"category","embeddable":true,"href":"https:\/\/contextoanalisisperiodistico.com\/index.php\/wp-json\/wp\/v2\/categories?post=48872"},{"taxonomy":"post_tag","embeddable":true,"href":"https:\/\/contextoanalisisperiodistico.com\/index.php\/wp-json\/wp\/v2\/tags?post=48872"}],"curies":[{"name":"wp","href":"https:\/\/api.w.org\/{rel}","templated":true}]}}